{"id":105366,"date":"2018-05-16T13:33:05","date_gmt":"2018-05-16T11:33:05","guid":{"rendered":"http:\/\/gazdasagportal.hu\/?p=105366"},"modified":"2018-05-16T13:33:05","modified_gmt":"2018-05-16T11:33:05","slug":"tizezrek-tuntetnek-a-kormany-nyugdijpolitikaja-ellen-brusszelben","status":"publish","type":"post","link":"https:\/\/gazdasagportal.hu\/index.php\/tizezrek-tuntetnek-a-kormany-nyugdijpolitikaja-ellen-brusszelben\/","title":{"rendered":"T\u00edzezrek t\u00fcntetnek a korm\u00e1ny nyugd\u00edjpolitik\u00e1ja ellen Br\u00fcsszelben"},"content":{"rendered":"<p><strong>T\u00f6bb mint 30 ezren vonultak utc\u00e1ra szerd\u00e1n a belga f\u0151v\u00e1rosban, miut\u00e1n a legnagyobb szakszervezetek k\u00f6z\u00f6s tiltakoz\u00e1st hirdettek a korm\u00e1ny nyugd\u00edjpolitik\u00e1ja ellen.<\/strong><!--more--><\/p>\n<div class=\"ads-in-post1\"><div id=\"gazdasagportal.hu_fullbanner_wideboard\"><\/div>\r\n<\/div>\n<p>    A helyi sajt\u00f3 besz\u00e1mol\u00f3i szerint a menet d\u00e9lel\u0151tt 11 \u00f3rakor indult meg a v\u00e1rosk\u00f6zpontban.<br \/>\n    A t\u00fcntet\u00e9st a h\u00e1rom nagy belgiumi szakszervezet, a szocialista FGTB, a kereszt\u00e9nydemokrata CSC \u00e9s a liber\u00e1lis CGSL k\u00f6z\u00f6sen hirdette meg.<br \/>\n    A tiltakoz\u00e1sok \u00e9s r\u00e9szleges munkabesz\u00fcntet\u00e9sek s\u00falyos fennakad\u00e1sokat okoznak a k\u00f6zleked\u00e9sben. A munk\u00e1ba, iskol\u00e1ba igyekv\u0151k j\u00e1ratkimarad\u00e1sokr\u00f3l \u00e9s nagy k\u00e9s\u00e9sekr\u0151l sz\u00e1moltak be. A v\u00e1rosban a metr\u00f3 t\u00f6bb szakasz\u00e1n ritk\u00e1n j\u00e1rnak a szerelv\u00e9nyek, a buszok \u00e9s a villamosok egy r\u00e9sze nem k\u00f6zlekedik.<br \/>\n<div class=\"ads-in-post2\"><script async src=\"https:\/\/pagead2.googlesyndication.com\/pagead\/js\/adsbygoogle.js\"><\/script>\r\n<ins class=\"adsbygoogle\"\r\n     style=\"display:block\"\r\n     data-ad-format=\"fluid\"\r\n     data-ad-layout-key=\"-6t+ed+2i-1n-4w\"\r\n     data-ad-client=\"ca-pub-1959107119989764\"\r\n     data-ad-slot=\"4008251320\"><\/ins>\r\n<script>\r\n     (adsbygoogle = window.adsbygoogle || []).push({});\r\n<\/script><\/div>\n    A belga korm\u00e1ny a k\u00f6vetkez\u0151 \u00e9vekben 11 milli\u00e1rd eur\u00f3t szeretne megsp\u00f3rolni gazdas\u00e1gi \u00e9s szoci\u00e1lis reformjai r\u00e9v\u00e9n. Egyebek k\u00f6z\u00f6tt azt tervezi, hogy 2030-t\u00f3l 65 \u00e9vr\u0151l 67 \u00e9vre emeli a nyugd\u00edjkorhat\u00e1rt, valamint besz\u00fcnteti a b\u00e9rek \u00e9s seg\u00e9lyek infl\u00e1ci\u00f3hoz igaz\u00edt\u00e1s\u00e1t a gazdas\u00e1g versenyk\u00e9pess\u00e9ge \u00e9s a foglalkoztatotts\u00e1g n\u00f6vel\u00e9se \u00e9rdek\u00e9ben. A szakszervezetek szerint ezek a takar\u00e9koss\u00e1gi int\u00e9zked\u00e9sek ar\u00e1nytalanul s\u00falyosan \u00e9rintik a munkav\u00e1llal\u00f3kat, a k\u00f6zszolg\u00e1ltat\u00e1sokon val\u00f3 sp\u00f3rol\u00e1st pedig a t\u00e1rsadalom eg\u00e9sze megs\u00ednyli.(MTI)<\/p>\n","protected":false},"excerpt":{"rendered":"<p>T\u00f6bb mint 30 ezren vonultak utc\u00e1ra szerd\u00e1n a belga f\u0151v\u00e1rosban, miut\u00e1n a legnagyobb szakszervezetek k\u00f6z\u00f6s tiltakoz\u00e1st hirdettek a korm\u00e1ny nyugd\u00edjpolitik\u00e1ja ellen.<\/p>\n","protected":false},"author":1,"featured_media":0,"comment_status":"closed","ping_status":"open","sticky":false,"template":"","format":"standard","meta":[],"categories":[12],"tags":[],"_links":{"self":[{"href":"https:\/\/gazdasagportal.hu\/index.php\/wp-json\/wp\/v2\/posts\/105366"}],"collection":[{"href":"https:\/\/gazdasagportal.hu\/index.php\/wp-json\/wp\/v2\/posts"}],"about":[{"href":"https:\/\/gazdasagportal.hu\/index.php\/wp-json\/wp\/v2\/types\/post"}],"author":[{"embeddable":true,"href":"https:\/\/gazdasagportal.hu\/index.php\/wp-json\/wp\/v2\/users\/1"}],"replies":[{"embeddable":true,"href":"https:\/\/gazdasagportal.hu\/index.php\/wp-json\/wp\/v2\/comments?post=105366"}],"version-history":[{"count":1,"href":"https:\/\/gazdasagportal.hu\/index.php\/wp-json\/wp\/v2\/posts\/105366\/revisions"}],"predecessor-version":[{"id":105367,"href":"https:\/\/gazdasagportal.hu\/index.php\/wp-json\/wp\/v2\/posts\/105366\/revisions\/105367"}],"wp:attachment":[{"href":"https:\/\/gazdasagportal.hu\/index.php\/wp-json\/wp\/v2\/media?parent=105366"}],"wp:term":[{"taxonomy":"category","embeddable":true,"href":"https:\/\/gazdasagportal.hu\/index.php\/wp-json\/wp\/v2\/categories?post=105366"},{"taxonomy":"post_tag","embeddable":true,"href":"https:\/\/gazdasagportal.hu\/index.php\/wp-json\/wp\/v2\/tags?post=105366"}],"curies":[{"name":"wp","href":"https:\/\/api.w.org\/{rel}","templated":true}]}}