{"id":105347,"date":"2018-05-16T07:23:58","date_gmt":"2018-05-16T05:23:58","guid":{"rendered":"http:\/\/gazdasagportal.hu\/?p=105347"},"modified":"2018-05-16T07:23:58","modified_gmt":"2018-05-16T05:23:58","slug":"szuk-egy-het-mulva-lejar-az-szja-bevallas-hatarideje","status":"publish","type":"post","link":"https:\/\/gazdasagportal.hu\/index.php\/szuk-egy-het-mulva-lejar-az-szja-bevallas-hatarideje\/","title":{"rendered":"Sz\u0171k egy h\u00e9t m\u00falva lej\u00e1r az szja-bevall\u00e1s hat\u00e1rideje"},"content":{"rendered":"<p><strong>Sz\u0171k egy h\u00e9t van h\u00e1tra az szja-bevall\u00e1sok bek\u00fcld\u00e9s\u00e9re, illetve kieg\u00e9sz\u00edt\u00e9s\u00e9re, id\u00e9n ugyanis a p\u00fcnk\u00f6sdi \u00fcnnepek miatt m\u00e1jus 22. a hat\u00e1rid\u0151.<\/strong><!--more--><\/p>\n<div class=\"ads-in-post1\"><div id=\"gazdasagportal.hu_fullbanner_wideboard\"><\/div>\r\n<\/div>\n<p>    A Nemzeti Ad\u00f3- \u00e9s V\u00e1mhivatal (NAV) a tavalyi mintegy 4 milli\u00f3 ut\u00e1n id\u00e9n m\u00e1r t\u00f6bb mint 5 milli\u00f3 mag\u00e1nszem\u00e9lynek k\u00e9sz\u00edtette el az szja-bevall\u00e1s\u00e1t. Aki egyet\u00e9rt a tervezettel, annak nem kell tennie semmit, a tervezet m\u00e1jus 22-\u00e9n hivatalos szja-bevall\u00e1ss\u00e1 v\u00e1lik. A dokumentumot azonban c\u00e9lszer\u0171 \u00e1tn\u00e9zni annak \u00e9rdek\u00e9ben, hogy biztosan a helyes adatokat tartalmazza.<br \/>\n    A NAV id\u00e9n els\u0151 alkalommal ad\u00f3bevall\u00e1si tervezetet k\u00e9sz\u00edtett a mez\u0151gazdas\u00e1gi \u0151stermel\u0151knek \u00e9s az \u00e1fa fizet\u00e9s\u00e9re k\u00f6telezett mag\u00e1nszem\u00e9lyeknek is, ha a bevall\u00e1sok \u00e9s adatszolg\u00e1ltat\u00e1sok szerint 2017-ben bev\u00e9telt, j\u00f6vedelmet szereztek. Ez azonban sz\u00e1mukra csak aj\u00e1nlat, ami nem v\u00e1lik automatikusan bevall\u00e1ss\u00e1, nekik a tervezeteket ki kell eg\u00e9sz\u00edteni\u00fck az \u00f6n\u00e1ll\u00f3, illetve az \u0151stermel\u0151i tev\u00e9kenys\u00e9g j\u00f6vedelm\u00e9vel, \u00e9s az ahhoz kapcsol\u00f3d\u00f3 fizet\u00e9si k\u00f6telezetts\u00e9gekkel. Ha a mez\u0151gazdas\u00e1gi \u0151stermel\u0151 \u00e9ves bev\u00e9tele tavaly nem volt t\u00f6bb 600 ezer forintn\u00e1l, \u00e9s m\u00e1s ad\u00f3k\u00f6teles j\u00f6vedelme sem volt, nem kell bevall\u00e1st beny\u00fajtania.<br \/>\n    Ki kell eg\u00e9sz\u00edteni a bevall\u00e1si tervezetet akkor is, ha az ad\u00f3z\u00f3 fizet\u0151-vend\u00e9gl\u00e1t\u00f3 tev\u00e9kenys\u00e9g\u00e9re t\u00e9teles \u00e1tal\u00e1nyad\u00f3z\u00e1st v\u00e1lasztott, ad\u00f3el\u0151leg-nyilatkozat\u00e1ban k\u00f6lts\u00e9g levon\u00e1s\u00e1t k\u00e9rte, ellen\u0151rz\u00f6tt t\u0151kepiaci \u00fcgyletb\u0151l sz\u00e1rmaz\u00f3 j\u00f6vedelmet szerzett, \u00e9s a j\u00f6vedelmet nem, vagy nem kiz\u00e1r\u00f3lag kifizet\u0151nek min\u0151s\u00fcl\u0151 befektet\u00e9si szolg\u00e1ltat\u00f3 igazol\u00e1sa alapj\u00e1n \u00e1llap\u00edtj\u00e1k meg, vagy p\u00e9ld\u00e1ul j\u00f6vedelme k\u00fclf\u00f6ldr\u0151l sz\u00e1rmazott, vagy k\u00fclf\u00f6ld\u00f6n (is) ad\u00f3ztathat\u00f3.<br \/>\n<div class=\"ads-in-post2\"><script async src=\"https:\/\/pagead2.googlesyndication.com\/pagead\/js\/adsbygoogle.js\"><\/script>\r\n<ins class=\"adsbygoogle\"\r\n     style=\"display:block\"\r\n     data-ad-format=\"fluid\"\r\n     data-ad-layout-key=\"-6t+ed+2i-1n-4w\"\r\n     data-ad-client=\"ca-pub-1959107119989764\"\r\n     data-ad-slot=\"4008251320\"><\/ins>\r\n<script>\r\n     (adsbygoogle = window.adsbygoogle || []).push({});\r\n<\/script><\/div>\n    Az ad\u00f3hat\u00f3s\u00e1g a munk\u00e1ltat\u00f3kt\u00f3l, kifizet\u0151kt\u0151l kapott adatok alapj\u00e1n \u00e1ll\u00edtotta \u00f6ssze a bevall\u00e1si tervezeteket, amelyek pontosan r\u00f6gz\u00edtik az ad\u00f3z\u00f3k kifizet\u0151kt\u0151l sz\u00e1rmaz\u00f3, tavaly megszerzett j\u00f6vedelmeit \u00e9s \u00e9v k\u00f6zben \u00e9rv\u00e9nyes\u00edtett kedvezm\u00e9nyeit. El\u0151fordulhat azonban olyan adat, \u00e9v k\u00f6zbeni v\u00e1ltoz\u00e1s, amelyr\u0151l a NAV-nak nincs inform\u00e1ci\u00f3ja. Tipikusan ilyen az ingatlan-b\u00e9rbead\u00e1sb\u00f3l, az ingatlanelad\u00e1sb\u00f3l \u00e9s ing\u00f3 \u00e9rt\u00e9kes\u00edt\u00e9sb\u0151l sz\u00e1rmaz\u00f3 j\u00f6vedelem.<br \/>\n    Ha valaki p\u00e9ld\u00e1ul c\u00e9gnek adja b\u00e9rbe az ingatlan\u00e1t, a bevall\u00e1si tervezet tartalmazza az ebb\u0151l sz\u00e1rmaz\u00f3 j\u00f6vedelmet is, mert a c\u00e9g minden h\u00f3napban levonja az ad\u00f3el\u0151leg \u00f6sszeg\u00e9t, azt be is fizeti, \u00e9s err\u0151l adatot szolg\u00e1ltat a NAV-nak.<br \/>\n    Ha valaki tavaly ingatlan vagy vagyoni \u00e9rt\u00e9k\u0171 jog (haszon\u00e9lvezet) elad\u00e1s\u00e1b\u00f3l j\u00f6vedelmet szerzett, bevall\u00e1si tervezet\u00e9t ki kell eg\u00e9sz\u00edtenie ezzel az \u00f6sszeggel. A mag\u00e1nszem\u00e9lyek ingatlan\u00e9rt\u00e9kes\u00edt\u00e9sb\u0151l sz\u00e1rmaz\u00f3 j\u00f6vedelm\u00e9t 15 sz\u00e1zal\u00e9kos ad\u00f3 terheli, amelyet m\u00e1jus 22-ig kell megfizetni. A 2012-ben vagy azt megel\u0151z\u0151en megszerzett ingatlan 2017-es \u00e9rt\u00e9kes\u00edt\u00e9se eset\u00e9n nem keletkezik ad\u00f3k\u00f6teles j\u00f6vedelem. Az ingatlan\u00e9rt\u00e9kes\u00edt\u00e9sb\u0151l sz\u00e1rmaz\u00f3 bev\u00e9telt nem kell bevallani, ha a k\u00f6lts\u00e9gek el\u00e9rik vagy meghaladj\u00e1k a bev\u00e9telt, vagy az ingatlan\u00e9rt\u00e9kes\u00edt\u00e9s ad\u00f3mentes, illetve a tulajdonban tart\u00e1s id\u0151szaka el\u00e9ri az \u00f6t \u00e9vet.<br \/>\n    A kedvezm\u00e9nyeket is \u00e9rdemes \u00e1tn\u00e9zni, mert a bevall\u00e1si tervezet csak a kifizet\u0151k\/munk\u00e1ltat\u00f3k \u00e1ltal k\u00fcld\u00f6tt adatokat tartalmazza. \u00cdgy p\u00e9ld\u00e1ul, akit\u0151l a munk\u00e1ltat\u00f3ja 2017 janu\u00e1rj\u00e1ban nem vonta le a csal\u00e1di, az els\u0151 h\u00e1zas vagy szem\u00e9lyes ad\u00f3kedvezm\u00e9ny \u00f6sszeg\u00e9t, mindenk\u00e9ppen \u00e9rdemes kieg\u00e9sz\u00edtenie a tervezetet.<br \/>\n    Akik 2017-ben egy \u00f6nk\u00e9ntes p\u00e9nzt\u00e1rba fizettek, azoknak a rendelkez\u00e9s\u00e9t is kit\u00f6lt\u00f6tte az ad\u00f3hivatal. A tervezetet azoknak kell kieg\u00e9sz\u00edteni\u00fck, akik tavaly t\u00f6bb \u00f6nk\u00e9ntes p\u00e9nzt\u00e1rba is fizettek, hiszen nekik kell d\u00f6nteni\u00fck arr\u00f3l, hogy az ad\u00f3kedvezm\u00e9ny \u00f6sszeg\u00e9t mely p\u00e9nzt\u00e1rakba utalja \u00e1t a NAV. A nyugd\u00edjbiztos\u00edt\u00e1sok ut\u00e1ni ad\u00f3j\u00f3v\u00e1\u00edr\u00e1st csak azoknak foly\u00f3s\u00edtja az ad\u00f3hat\u00f3s\u00e1g, akik ezt k\u00fcl\u00f6n ig\u00e9nylik az szja-bevall\u00e1sukban.<br \/>\n    A NAV az idei \u00e9vt\u0151l ad\u00f3bevall\u00e1si tervezetet k\u00e9sz\u00edt azok r\u00e9sz\u00e9re is, akik kor\u00e1bban a munk\u00e1ltat\u00f3jukat b\u00edzt\u00e1k meg a bevall\u00e1s elk\u00e9sz\u00edt\u00e9s\u00e9vel. A s\u00falyos fogyat\u00e9koss\u00e1g miatt szem\u00e9lyi kedvezm\u00e9nyre jogosultaknak c\u00e9lszer\u0171 ellen\u0151rizni\u00fck, hogy bevall\u00e1si tervezet\u00fckben szerepel-e az ad\u00f3kedvezm\u00e9ny.<br \/>\n    Ha a tervezetben visszaig\u00e9nyelhet\u0151 ad\u00f3 szerepel, a kiutal\u00e1shoz mindenk\u00e9ppen meg kell adni banksz\u00e1mlasz\u00e1mot vagy postac\u00edmet. Fizetend\u0151 szem\u00e9lyi j\u00f6vedelemad\u00f3 vagy eg\u00e9szs\u00e9g\u00fcgyi hozz\u00e1j\u00e1rul\u00e1s eset\u00e9n, ha \u00f6sszeg\u00fck nem haladja meg a 200 ezer forintot, id\u00e9n is k\u00e9rhet\u0151 p\u00f3tl\u00e9kmentes r\u00e9szletfizet\u00e9s, amit a bevall\u00e1sban kell jel\u00f6lni. Az els\u0151 r\u00e9szlet befizet\u00e9s\u00e9nek hat\u00e1rideje m\u00e1jus 22.(MTI)<\/p>\n","protected":false},"excerpt":{"rendered":"<p>Sz\u0171k egy h\u00e9t van h\u00e1tra az szja-bevall\u00e1sok bek\u00fcld\u00e9s\u00e9re, illetve kieg\u00e9sz\u00edt\u00e9s\u00e9re, id\u00e9n ugyanis a p\u00fcnk\u00f6sdi \u00fcnnepek miatt m\u00e1jus 22. a hat\u00e1rid\u0151.<\/p>\n","protected":false},"author":1,"featured_media":0,"comment_status":"closed","ping_status":"open","sticky":false,"template":"","format":"standard","meta":[],"categories":[20,4,19],"tags":[],"_links":{"self":[{"href":"https:\/\/gazdasagportal.hu\/index.php\/wp-json\/wp\/v2\/posts\/105347"}],"collection":[{"href":"https:\/\/gazdasagportal.hu\/index.php\/wp-json\/wp\/v2\/posts"}],"about":[{"href":"https:\/\/gazdasagportal.hu\/index.php\/wp-json\/wp\/v2\/types\/post"}],"author":[{"embeddable":true,"href":"https:\/\/gazdasagportal.hu\/index.php\/wp-json\/wp\/v2\/users\/1"}],"replies":[{"embeddable":true,"href":"https:\/\/gazdasagportal.hu\/index.php\/wp-json\/wp\/v2\/comments?post=105347"}],"version-history":[{"count":1,"href":"https:\/\/gazdasagportal.hu\/index.php\/wp-json\/wp\/v2\/posts\/105347\/revisions"}],"predecessor-version":[{"id":105348,"href":"https:\/\/gazdasagportal.hu\/index.php\/wp-json\/wp\/v2\/posts\/105347\/revisions\/105348"}],"wp:attachment":[{"href":"https:\/\/gazdasagportal.hu\/index.php\/wp-json\/wp\/v2\/media?parent=105347"}],"wp:term":[{"taxonomy":"category","embeddable":true,"href":"https:\/\/gazdasagportal.hu\/index.php\/wp-json\/wp\/v2\/categories?post=105347"},{"taxonomy":"post_tag","embeddable":true,"href":"https:\/\/gazdasagportal.hu\/index.php\/wp-json\/wp\/v2\/tags?post=105347"}],"curies":[{"name":"wp","href":"https:\/\/api.w.org\/{rel}","templated":true}]}}