{"id":105337,"date":"2018-05-15T14:35:08","date_gmt":"2018-05-15T12:35:08","guid":{"rendered":"http:\/\/gazdasagportal.hu\/?p=105337"},"modified":"2018-05-15T14:35:08","modified_gmt":"2018-05-15T12:35:08","slug":"hollandiaban-betiltjak-az-orosz-kaspersky-lab-termekeinek-hasznalatat-a-kormanyhivatalokban","status":"publish","type":"post","link":"https:\/\/gazdasagportal.hu\/index.php\/hollandiaban-betiltjak-az-orosz-kaspersky-lab-termekeinek-hasznalatat-a-kormanyhivatalokban\/","title":{"rendered":"Hollandi\u00e1ban betiltj\u00e1k az orosz Kaspersky Lab term\u00e9keinek haszn\u00e1lat\u00e1t a korm\u00e1nyhivatalokban"},"content":{"rendered":"<p><strong>A holland korm\u00e1nyhivatalokban fokozatosan felhagynak a Kaspersky Lab orosz informatikai c\u00e9g v\u00edrusirt\u00f3 szoftvereinek haszn\u00e1lat\u00e1val nemzetbiztons\u00e1gi kock\u00e1zatok miatt &#8211; jelentette be kedden a h\u00e1gai korm\u00e1ny.<\/strong><!--more--><\/p>\n<div class=\"ads-in-post1\"><div id=\"gazdasagportal.hu_fullbanner_wideboard\"><\/div>\r\n<\/div>\n<p>    Ferd Grapperhaus igazs\u00e1g\u00fcgyi miniszter arr\u00f3l sz\u00e1molt be, hogy a v\u00e9delmi miniszt\u00e9riumnak \u00e9s m\u00e1s kulcsfontoss\u00e1g\u00fa t\u00e1rc\u00e1knak bedolgoz\u00f3 v\u00e1llalatoknak is azt aj\u00e1nlj\u00e1k, hogy sz\u00fcntess\u00e9k be a Kremllel val\u00f3 egy\u00fcttm\u0171k\u00f6d\u00e9s gyan\u00faj\u00e1ba keveredett Kaspersky Lab programjainak haszn\u00e1lat\u00e1t.<br \/>\n    Hozz\u00e1tette, a moszkvai sz\u00e9khely\u0171 c\u00e9gnek az orosz t\u00f6rv\u00e9nyek \u00e9rtelm\u00e9ben t\u00e1mogatnia kell a biztons\u00e1gi szolg\u00e1latok munk\u00e1j\u00e1t, Oroszorsz\u00e1g r\u00e1ad\u00e1sul kiterjedt offenz\u00edv kibertev\u00e9kenys\u00e9get folytat, amelynek t\u00f6bbek k\u00f6z\u00f6tt Hollandia is c\u00e9lpontja.<br \/>\n<div class=\"ads-in-post2\"><script async src=\"https:\/\/pagead2.googlesyndication.com\/pagead\/js\/adsbygoogle.js\"><\/script>\r\n<ins class=\"adsbygoogle\"\r\n     style=\"display:block\"\r\n     data-ad-format=\"fluid\"\r\n     data-ad-layout-key=\"-6t+ed+2i-1n-4w\"\r\n     data-ad-client=\"ca-pub-1959107119989764\"\r\n     data-ad-slot=\"4008251320\"><\/ins>\r\n<script>\r\n     (adsbygoogle = window.adsbygoogle || []).push({});\r\n<\/script><\/div>\n    &#8222;A t\u00e9nyez\u0151k ezen kombin\u00e1ci\u00f3ja miatt arra a meg\u00e1llap\u00edt\u00e1sra jutottunk, hogy fenn\u00e1ll a korm\u00e1ny \u00e9s a l\u00e9tfontoss\u00e1g\u00fa szolg\u00e1ltat\u00e1sok elleni digit\u00e1lis k\u00e9mked\u00e9s, illetve szabot\u00e1zs kock\u00e1zata. Nemzetbiztons\u00e1gi okokb\u00f3l a Kaspersky v\u00edrusirt\u00f3 programok haszn\u00e1lat\u00e1nak fokozatos besz\u00fcntet\u00e9se mellett d\u00f6nt\u00f6tt\u00fcnk&#8221; &#8211; hangs\u00falyozta Grapperhaus a De Volkskrant c\u00edm\u0171 holland napilap besz\u00e1mol\u00f3ja szerint.<br \/>\n    A c\u00e9g k\u00f6zlem\u00e9nyben reag\u00e1lt a bejelent\u00e9sre: visszautas\u00edtott\u00e1k a felt\u00e9telez\u00e9seket, tov\u00e1bb\u00e1 kiemelt\u00e9k, hogy nagyon csal\u00f3dottak a puszt\u00e1n &#8222;elvi aggodalmakon alapul\u00f3 d\u00f6nt\u00e9s&#8221; miatt, ugyanis &#8222;a v\u00e1llalat soha nem seg\u00edtett egyetlen korm\u00e1nynak sem a kiberk\u00e9mked\u00e9sben \u00e9s nem is fog&#8221;.<br \/>\n    A Kaspersky Labnak t\u00f6bb mint 400 milli\u00f3 felhaszn\u00e1l\u00f3ja \u00e9s 270 ezer v\u00e1llalati \u00fcgyfele van vil\u00e1gszerte.<br \/>\n    A sajt\u00f3 h\u00edreiben eml\u00e9keztettek r\u00e1, hogy Jevgenyij Kaszperszkij, az orosz c\u00e9g alap\u00edt\u00f3ja \u00e9s vez\u00e9rigazgat\u00f3ja a KGB iskol\u00e1j\u00e1ba j\u00e1rt, \u00e9s a v\u00e1llalat kor\u00e1bban m\u00e1r elismerte, hogy dolgozik az FSZB orosz biztons\u00e1gi szervezetnek. A Kaspersky azonban mindig hevesen c\u00e1folta, hogy h\u00edrszerz\u00e9si tev\u00e9kenys\u00e9get folytatna az orosz korm\u00e1nyzat sz\u00e1m\u00e1ra.<br \/>\n(MTI)<\/p>\n","protected":false},"excerpt":{"rendered":"<p>A holland korm\u00e1nyhivatalokban fokozatosan felhagynak a Kaspersky Lab orosz informatikai c\u00e9g v\u00edrusirt\u00f3 szoftvereinek haszn\u00e1lat\u00e1val nemzetbiztons\u00e1gi kock\u00e1zatok miatt &#8211; jelentette be kedden a h\u00e1gai korm\u00e1ny.<\/p>\n","protected":false},"author":1,"featured_media":0,"comment_status":"closed","ping_status":"open","sticky":false,"template":"","format":"standard","meta":[],"categories":[246],"tags":[],"_links":{"self":[{"href":"https:\/\/gazdasagportal.hu\/index.php\/wp-json\/wp\/v2\/posts\/105337"}],"collection":[{"href":"https:\/\/gazdasagportal.hu\/index.php\/wp-json\/wp\/v2\/posts"}],"about":[{"href":"https:\/\/gazdasagportal.hu\/index.php\/wp-json\/wp\/v2\/types\/post"}],"author":[{"embeddable":true,"href":"https:\/\/gazdasagportal.hu\/index.php\/wp-json\/wp\/v2\/users\/1"}],"replies":[{"embeddable":true,"href":"https:\/\/gazdasagportal.hu\/index.php\/wp-json\/wp\/v2\/comments?post=105337"}],"version-history":[{"count":1,"href":"https:\/\/gazdasagportal.hu\/index.php\/wp-json\/wp\/v2\/posts\/105337\/revisions"}],"predecessor-version":[{"id":105338,"href":"https:\/\/gazdasagportal.hu\/index.php\/wp-json\/wp\/v2\/posts\/105337\/revisions\/105338"}],"wp:attachment":[{"href":"https:\/\/gazdasagportal.hu\/index.php\/wp-json\/wp\/v2\/media?parent=105337"}],"wp:term":[{"taxonomy":"category","embeddable":true,"href":"https:\/\/gazdasagportal.hu\/index.php\/wp-json\/wp\/v2\/categories?post=105337"},{"taxonomy":"post_tag","embeddable":true,"href":"https:\/\/gazdasagportal.hu\/index.php\/wp-json\/wp\/v2\/tags?post=105337"}],"curies":[{"name":"wp","href":"https:\/\/api.w.org\/{rel}","templated":true}]}}