{"id":105306,"date":"2018-05-14T13:58:15","date_gmt":"2018-05-14T11:58:15","guid":{"rendered":"http:\/\/gazdasagportal.hu\/?p=105306"},"modified":"2018-05-14T13:58:15","modified_gmt":"2018-05-14T11:58:15","slug":"ujabb-rekordev-a-magyarorszagi-mercedes-benznel","status":"publish","type":"post","link":"https:\/\/gazdasagportal.hu\/index.php\/ujabb-rekordev-a-magyarorszagi-mercedes-benznel\/","title":{"rendered":"\u00dajabb rekord\u00e9v a magyarorsz\u00e1gi Mercedes-Benzn\u00e9l"},"content":{"rendered":"<ul>\n<li><strong>A Mercedes-Benz Manufacturing Hungary Kft. a 2017-es \u00fczleti \u00e9vben a 190 ezer darabot jelent\u0151sen meghalad\u00f3 sz\u00e1m\u00fa g\u00e9pkocsit gy\u00e1rtott Kecskem\u00e9ten. A v\u00e1llalat t\u00f6bb mint 3,5 milli\u00e1rd eur\u00f3s nett\u00f3 \u00e1rbev\u00e9telt \u00e9rt el.<\/strong><\/li>\n<li><strong>2017-ben elkezd\u0151d\u00f6tt a m\u00e1sodik kecskem\u00e9ti gy\u00e1r el\u0151k\u00e9sz\u00edt\u00e9se, ahonn\u00e9t az \u00e9vtized v\u00e9g\u00e9n g\u00f6rd\u00fclhetnek le az els\u0151 aut\u00f3k. Id\u00e9n szeptemberben megkezdi m\u0171k\u00f6d\u00e9s\u00e9t a Mercedes-Benz \u00faj k\u00e9pz\u00e9si k\u00f6zpontja.<\/strong><\/li>\n<li><strong>Az \u00faj karossz\u00e9ria\u00fczemben nemr\u00e9g megkezd\u0151d\u00f6tt az \u00faj A-oszt\u00e1ly\u00fa kompakt aut\u00f3k gy\u00e1rt\u00e1sa, ami a jelenlegi B-oszt\u00e1ly termel\u00e9s\u00e9t v\u00e1ltja fel. Az els\u0151 sorozatgy\u00e1rtott aut\u00f3t az Egy\u00fctt a Kecskem\u00e9ti Csal\u00e1dok\u00e9rt Alap\u00edtv\u00e1ny kapja.<\/strong><\/li>\n<li><strong>A Mercedes-Benz Hung\u00e1ria kimagasl\u00f3an sikeres \u00e9vet z\u00e1rt 2017-ben, k\u00f6zel 101 milli\u00e1rd forintos forgalm\u00e1val 26 sz\u00e1zal\u00e9kos n\u00f6veked\u00e9st \u00e9rve el 2016-hoz k\u00e9pest.<\/strong><\/li>\n<li><strong>A Mercedes-Benz haz\u00e1nkban 2017-et k\u00f6vet\u0151en 2018 els\u0151 negyed\u00e9v\u00e9ben is piacvezet\u0151 a hazai pr\u00e9mium szem\u00e9lyaut\u00f3 szegmensben.<\/strong><\/li>\n<\/ul>\n<p><!--more--><\/p>\n<div class=\"ads-in-post1\"><div id=\"gazdasagportal.hu_fullbanner_wideboard\"><\/div>\r\n<\/div>\n&nbsp;<\/p>\n<p>Kecskem\u00e9t \u2013 A Mercedes-Benz Manufacturing Hungary Kft. ism\u00e9t sikeres \u00e9vet z\u00e1rt: a termel\u00e9s az elm\u00falt esztend\u0151ben 4,1 sz\u00e1zal\u00e9kkal haladta meg a 2016-ost, t\u00f6bb mint 190 ezer Mercedes-Benz kompakt aut\u00f3 k\u00e9sz\u00fclt Kecskem\u00e9ten. A v\u00e1llalat nett\u00f3 \u00e1rbev\u00e9tele meghaladta a 3,5 milli\u00e1rd eur\u00f3t. A profitot teljes m\u00e9rt\u00e9kben az \u00fajabb magyarorsz\u00e1gi beruh\u00e1z\u00e1sokra ford\u00edtja a v\u00e1llalat. A Mercedes-Benz gy\u00e1r t\u00e1rsas\u00e1gk\u00e9nt \u00e9s munkaad\u00f3k\u00e9nt 2017-ben \u00f6sszesen 23 milli\u00f3 eur\u00f3nyi ad\u00f3t \u00e9s j\u00e1rul\u00e9kot fizetett a magyar \u00e1llam, illetve a kecskem\u00e9ti \u00f6nkorm\u00e1nyzat r\u00e9sz\u00e9re.<\/p>\n<p>&nbsp;<\/p>\n<p>\u201eAz \u00e1rbev\u00e9tel, a termel\u00e9si sz\u00e1mok \u00e9s az eredm\u00e9ny tekintet\u00e9ben is n\u00f6veked\u00e9st \u00e9rt\u00fcnk el. Minden mutat\u00f3sz\u00e1m azt igazolja, hogy j\u00f3 d\u00f6nt\u00e9s volt hossz\u00fa t\u00e1von befektetni, \u00e9s Magyarorsz\u00e1got v\u00e1lasztani kompakt aut\u00f3ink egyik gy\u00e1rt\u00f3helysz\u00ednek\u00e9nt\u201d &#8211; mondta Josip Niksic, a Mercedes-Benz Manufacturing Hungary Kft. p\u00e9nz\u00fcgyi igazgat\u00f3ja.<\/p><div id=\"gazda-347817000\" class=\"gazda-tartalomban gazda-entity-placement\"><script async src=\"https:\/\/pagead2.googlesyndication.com\/pagead\/js\/adsbygoogle.js\"><\/script>\r\n<ins class=\"adsbygoogle\"\r\n     style=\"display:block\"\r\n     data-ad-format=\"fluid\"\r\n     data-ad-layout-key=\"-6t+ed+2i-1n-4w\"\r\n     data-ad-client=\"ca-pub-1959107119989764\"\r\n     data-ad-slot=\"4008251320\"><\/ins>\r\n<script>\r\n     (adsbygoogle = window.adsbygoogle || []).push({});\r\n<\/script><\/div>\n<p>&nbsp;<\/p>\n<p>\u201eAz elm\u00falt esztend\u0151 nemcsak a j\u00f3 \u00fczleti eredm\u00e9nyek miatt m\u00e9rf\u00f6ldk\u0151, hanem az\u00e9rt is, mert olyan beruh\u00e1z\u00e1sokat ind\u00edtottunk el, amelyek a j\u00f6v\u0151 gener\u00e1ci\u00f3it szolg\u00e1lj\u00e1k mind munkav\u00e1llal\u00f3i, mind pedig v\u00e1s\u00e1rl\u00f3i oldalon. A magyar munkav\u00e1llal\u00f3k \u00e9rt\u00e9kel\u00e9se szerint a Mercedes-Benz gy\u00e1r lett id\u00e9n a legvonz\u00f3bb hazai munk\u00e1ltat\u00f3. Ez is azt igazolja, hogy j\u00f3 \u00faton haladunk, \u00e9s val\u00f3di, vonz\u00f3 k\u00f6z\u00f6ss\u00e9gg\u00e9 form\u00e1l\u00f3dott a kecskem\u00e9ti csapat\u201d \u2013 hangs\u00falyozta Christian Wolff, a Mercedes-Benz Manufacturing Hungary Kft. \u00fcgyvezet\u0151 igazgat\u00f3ja.<\/p>\n<p>&nbsp;<\/p>\n<p>2017-ben elk\u00e9sz\u00fclt a gy\u00e1r \u00faj, 99 ezer n\u00e9gyzetm\u00e9teres karossz\u00e9ria\u00fczeme, ahol id\u00e9n \u00e1prilist\u00f3l az \u00faj A-oszt\u00e1lyt gy\u00e1rtj\u00e1k.\u00a0 Ugyancsak tavaly kezd\u0151dtek meg a Mercedes-Benz m\u00e1sodik gy\u00e1r\u00e1nak el\u0151k\u00e9sz\u00edt\u0151, \u00e9s tereprendez\u00e9si munk\u00e1latai. Az 1 milli\u00e1rd eur\u00f3s beruh\u00e1z\u00e1s eredm\u00e9nyek\u00e9nt egy cs\u00facstechnol\u00f3gi\u00e1val rendelkez\u0151, ipar 4.0-\u00e1s, hat\u00e9kony gy\u00e1rt\u00e1si egys\u00e9g l\u00e9tes\u00fcl az \u00e9vtized v\u00e9g\u00e9re. Az \u00faj \u201efull-flex\u201d gy\u00e1rban digit\u00e1lis folyamatvez\u00e9rl\u00e9ssel, rugalmas termel\u00e9si rendszerben els\u0151- \u00e9s h\u00e1ts\u00f3ker\u00e9k-meghajt\u00e1s\u00fa szem\u00e9lyg\u00e9pkocsik is k\u00e9sz\u00fclhetnek majd. A m\u00e1sodik Mercedes-Benz gy\u00e1r nagyban hozz\u00e1j\u00e1rul majd a dolgoz\u00f3i l\u00e9tsz\u00e1m \u00e9s a besz\u00e1ll\u00edt\u00f3k sz\u00e1m\u00e1nak, illetve megrendel\u00e9s-\u00e1llom\u00e1ny\u00e1nak n\u00f6veked\u00e9s\u00e9hez a r\u00e9gi\u00f3ban.<\/p>\n<p>&nbsp;<\/p>\n<div class=\"ads-in-post2\"><script async src=\"https:\/\/pagead2.googlesyndication.com\/pagead\/js\/adsbygoogle.js\"><\/script>\r\n<ins class=\"adsbygoogle\"\r\n     style=\"display:block\"\r\n     data-ad-format=\"fluid\"\r\n     data-ad-layout-key=\"-6t+ed+2i-1n-4w\"\r\n     data-ad-client=\"ca-pub-1959107119989764\"\r\n     data-ad-slot=\"4008251320\"><\/ins>\r\n<script>\r\n     (adsbygoogle = window.adsbygoogle || []).push({});\r\n<\/script><\/div>\nA Mercedes-Benz gy\u00e1r sz\u00e1m\u00e1ra strat\u00e9giai k\u00e9rd\u00e9s a jelenlegi munkav\u00e1llal\u00f3i \u00e1llom\u00e1ny, \u00e9s a majdan itt karriert \u00e9p\u00edt\u0151 fiatal szakemberek k\u00e9pz\u00e9se. 2017 szeptember\u00e9ben megkezd\u0151d\u00f6tt a nyolcezer n\u00e9gyzetm\u00e9teres k\u00e9pz\u00e9si k\u00f6zpont \u2013 a Mercedes-Benz Academy Kecskem\u00e9t \u2013 \u00e9p\u00edt\u00e9se. Az int\u00e9zm\u00e9ny els\u0151sorban a du\u00e1lis k\u00e9pz\u00e9sben r\u00e9sztvev\u0151 k\u00f6z\u00e9piskol\u00e1soknak \u00e9s f\u0151iskolai hallgat\u00f3knak biztos\u00edtja majd a legkorszer\u0171bb oktat\u00e1si eszk\u00f6z\u00f6ket \u00e9s technik\u00e1kat. 2018 szeptember\u00e9t\u0151l mintegy 250 tanul\u00f3 \u00e9s hallgat\u00f3 kezdi majd tanulm\u00e1nyait a du\u00e1lis k\u00e9pz\u00e9si rendszer keret\u00e9ben. Az elm\u00falt \u00e9vben z\u00e1rult le az els\u0151 \u2013 Magyarorsz\u00e1gon egyed\u00fcl\u00e1ll\u00f3 \u2013 m\u0171vezet\u0151 k\u00e9pz\u00e9s, amellyel a Mercedes-Benz gy\u00e1r \u00faj k\u00e9pz\u00e9si kateg\u00f3ri\u00e1t teremtett. A gy\u00e1r tizen\u00f6t szakembere tett sikeres vizsg\u00e1t, \u00e9s vette \u00e1t a magyar-n\u00e9met diplom\u00e1j\u00e1t.<\/p>\n<p><strong>Rekord\u00e9vet z\u00e1rt a Mercedes-Benz Hung\u00e1ria is<\/strong><\/p>\n<p>K\u00f6zel 101 milli\u00e1rd forintos forgalm\u00e1val 2017-ben is eredm\u00e9nyes \u00e9vet z\u00e1rt a Mercedes-Benz magyarorsz\u00e1gi \u00e9rt\u00e9kes\u00edt\u00e9si k\u00e9pviselete, 26 sz\u00e1zal\u00e9kkal m\u00falva fel\u00fcl a 2016-os sz\u00e1mokat.<\/p>\n<p>&nbsp;<\/p>\n<p>\u201eB\u00fcszk\u00e9k vagyunk arra, hogy a 2017-es rekorderedm\u00e9nyekkel a Mercedes-Benz megtartotta piacvezet\u0151 poz\u00edci\u00f3j\u00e1t a pr\u00e9mium szem\u00e9lyaut\u00f3 szegmensben. Ehhez a munkat\u00e1rsak hat\u00e9kony munk\u00e1ja mellett az \u00faj \u00e9s meg\u00fajult modellek \u00e9rkez\u00e9se, a magas sz\u00ednvonal\u00fa \u00fcgyf\u00e9lkiszolg\u00e1l\u00e1s folyamatos fejleszt\u00e9se \u00e9s a m\u00e1rkakeresked\u0151i h\u00e1l\u00f3zat b\u0151v\u00edt\u00e9se is hozz\u00e1j\u00e1rult. Term\u00e9szetesen id\u00e9n is mindent megtesz\u00fcnk \u00fcgyfeleink el\u00e9gedetts\u00e9ge \u00e9rdek\u00e9ben. A m\u00e1rka meg\u00fajul\u00e1sra val\u00f3 k\u00e9pess\u00e9ge, a soksz\u00edn\u0171 szolg\u00e1ltat\u00e1sok fejleszt\u00e9se, a csapatunk \u00e9s h\u00e1l\u00f3zatunk rem\u00e9nyeink szerint hozz\u00e1j\u00e1rulnak ahhoz, hogy a j\u00f6v\u0151ben is sikeresen szemben\u00e9zz\u00fcnk a kih\u00edv\u00e1sokkal \u00e9s tov\u00e1bbra is az aut\u00f3ipar z\u00e1szl\u00f3shaj\u00f3i maradjunk\u201d \u2013 mondta J\u00f6rg Schmidt, a Mercedes-Benz Hung\u00e1ria Kft. \u00fcgyvezet\u0151 igazgat\u00f3ja.<\/p>\n<p>&nbsp;<\/p>\n<p>A kishaszong\u00e9pj\u00e1rm\u0171vekb\u0151l tavaly 1462 darabot \u00e9rt\u00e9kes\u00edtett a v\u00e1llalat, rendk\u00edv\u00fcli, 82 sz\u00e1zal\u00e9kos n\u00f6veked\u00e9st produk\u00e1lva. A teheraut\u00f3k eset\u00e9ben 8 rekordh\u00f3napot k\u00f6nyvelhetett el a Mercedes-Benz. A hat tonn\u00e1s \u00f6sszt\u00f6meget meghalad\u00f3 haszonj\u00e1rm\u0171vek elad\u00e1sai 72 sz\u00e1zal\u00e9kkal n\u00f6vekedtek 2016-hoz k\u00e9pest. Az eredeti alkatr\u00e9sz \u00e9rt\u00e9kes\u00edt\u00e9sek forgalomn\u00f6veked\u00e9se 15,2 sz\u00e1zal\u00e9kos volt.<\/p>\n<p>&nbsp;<\/p>\n<p>Az elad\u00e1si rekordok megd\u00f6nt\u00e9s\u00e9hez jelent\u0151sen hozz\u00e1j\u00e1rult a v\u00e1llalat orsz\u00e1gszerte t\u00f6bb mint 1200 munkav\u00e1llal\u00f3t foglalkoztat\u00f3 partnerh\u00e1l\u00f3zata.<\/p>\n<p>&nbsp;<\/p>\n<p>Folytatva az el\u0151z\u0151 \u00e9v tendenci\u00e1it, a Mercedes-Benz 2018 els\u0151 negyed\u00e9v\u00e9ben is remek eredm\u00e9nyeket produk\u00e1lt. Tov\u00e1bbra is piacvezet\u0151 a pr\u00e9mium szem\u00e9lyaut\u00f3k szegmens\u00e9ben \u00f6sszesen 863 \u00e9rt\u00e9kes\u00edtett darabbal, amely 2017 azonos id\u0151szak\u00e1hoz k\u00e9pest 33 sz\u00e1zal\u00e9kos n\u00f6veked\u00e9st jelent.<\/p>\n<p>&nbsp;<\/p>\n<p>2018 is a term\u00e9k\u00fajdons\u00e1gok \u00e9ve. A m\u00e1rk\u00e1ra jellemz\u0151 term\u00e9koffenz\u00edva r\u00e9sze a Kecskem\u00e9ten is gy\u00e1rtott, \u00faj A-oszt\u00e1ly, a CLS \u00e9s a Mercedes-AMG GT n\u00e9gyajt\u00f3s Coup\u00e9, valamint az S-oszt\u00e1ly Coup\u00e9, S-oszt\u00e1ly Cabriolet, G-oszt\u00e1ly \u00e9s C-oszt\u00e1ly r\u00e1ncfelvarrott v\u00e1ltozata. A smart electric drive imm\u00e1r gyorst\u00f6lt\u0151s kivitelben is el\u00e9rhet\u0151v\u00e9 v\u00e1lik. A haszonj\u00e1rm\u0171vek szegmens\u00e9ben az \u00e9v term\u00e9k\u00fajdons\u00e1ga a sokoldal\u00fa Sprinter \u00faj gener\u00e1ci\u00f3ja.<\/p>\n<p>&nbsp;<\/p>\n<p>A modellek deb\u00fct\u00e1l\u00e1sa mellett a v\u00e1llalat \u00e9let\u00e9ben az idei \u00e9v legmeghat\u00e1roz\u00f3bb esem\u00e9nye az \u00faj Mercedes-Benz \u00e9rt\u00e9kes\u00edt\u00e9si rendszernek megfelel\u0151, minden tekintetben j\u00f6v\u0151be mutat\u00f3, buda\u00f6rsi Mercedes-Benz Hov\u00e1ny m\u00e1rkakeresked\u00e9s megnyit\u00e1sa lesz. A 6500 n\u00e9gyzetm\u00e9teres bemutat\u00f3teremben \u00e9s szervizm\u0171helyben szem\u00e9lyg\u00e9pkocsik \u00e9s haszong\u00e9pj\u00e1rm\u0171vek \u00e9rt\u00e9kes\u00edt\u00e9se zajlik majd, illetve helyet kapnak a smartok \u00e9s a sportos Mercedes-AMG modellek is.<\/p>\n<p>&nbsp;<\/p>\n<p>A Mercedes-Benz tervei szerint 2022-re t\u00f6bb mint \u00f6tven modell lesz megv\u00e1s\u00e1rolhat\u00f3 elektrifiz\u00e1lt meghajt\u00e1ssal &#8211; teljes eg\u00e9sz\u00e9ben elektromos vagy hibrid v\u00e1ltozatban.<\/p>\n<p><strong>A kecskem\u00e9ti csal\u00e1dokat seg\u00edti a Mercedes-Benz felaj\u00e1nl\u00e1sa<\/strong><\/p>\n<p>A j\u00f6v\u0151 gener\u00e1ci\u00f3i ir\u00e1nt \u00e9rzett felel\u0151ss\u00e9g vez\u00e9relte a Mercedes-Benz magyarorsz\u00e1gi v\u00e1llalatait, amikor \u00fagy d\u00f6nt\u00f6ttek, hogy k\u00f6zhaszn\u00fa c\u00e9lra, az Egy\u00fctt a Kecskem\u00e9ti Csal\u00e1dok\u00e9rt Alap\u00edtv\u00e1nynak aj\u00e1nlj\u00e1k fel az \u00faj A-oszt\u00e1ly els\u0151 kecskem\u00e9ti sorozatgy\u00e1rtott darabj\u00e1t. Az \u00f6nk\u00e9ntes v\u00e9d\u0151n\u0151i h\u00e1l\u00f3zat kisgyermekes, r\u00e1szorul\u00f3 csal\u00e1doknak ny\u00fajt seg\u00edts\u00e9get Kecskem\u00e9ten \u00e9s a k\u00f6rnyez\u0151 telep\u00fcl\u00e9seken, tany\u00e1kon. A Mercedes-Benz magyar v\u00e1llalatai b\u00fcszk\u00e9k arra, hogy a t\u00e1vols\u00e1gok lek\u00fczd\u00e9s\u00e9ben ezent\u00fal egy hazai gy\u00e1rt\u00e1s\u00fa A-oszt\u00e1ly seg\u00edti majd a szervezetet.<\/p>\n<p><strong>A Mercedes-Benz Manufacturing Hungary Kft.<\/strong><\/p>\n<p>A Mercedes-Benz Manufacturing Hungary Kft. k\u00f6zel 4000 munkav\u00e1llal\u00f3 sz\u00e1m\u00e1ra biztos\u00edt munkahelyet. 2017-ben a kecskem\u00e9ti gy\u00e1r t\u00f6bb mint 190.000 Mercedes-Benz kompakt aut\u00f3t gy\u00e1rtott. Az els\u0151 t\u00edpus, ami Kecskem\u00e9ten leg\u00f6rd\u00fclt a gy\u00e1rt\u00f3szalagr\u00f3l, egy B-oszt\u00e1ly volt. Ezt k\u00f6vette 2013-ban a n\u00e9gyajt\u00f3s CLA coup\u00e9, illetve 2015 janu\u00e1rj\u00e1ban a CLA Shooting Brake. Ez ut\u00f3bbi k\u00e9t t\u00edpust kiz\u00e1r\u00f3lag itt Magyarorsz\u00e1gon gy\u00e1rtj\u00e1k az eg\u00e9sz vil\u00e1g r\u00e9sz\u00e9re. 2018-ban az \u00faj A-oszt\u00e1ly is csatlakozik a magyar helysz\u00edn gy\u00e1rt\u00e1si term\u00e9kpalett\u00e1j\u00e1hoz.<\/p>\n","protected":false},"excerpt":{"rendered":"<p>A Mercedes-Benz Manufacturing Hungary Kft. a 2017-es \u00fczleti \u00e9vben a 190 ezer darabot jelent\u0151sen meghalad\u00f3 sz\u00e1m\u00fa g\u00e9pkocsit gy\u00e1rtott Kecskem\u00e9ten. A v\u00e1llalat t\u00f6bb mint 3,5 milli\u00e1rd eur\u00f3s nett\u00f3 \u00e1rbev\u00e9telt \u00e9rt el. 2017-ben elkezd\u0151d\u00f6tt a m\u00e1sodik kecskem\u00e9ti gy\u00e1r el\u0151k\u00e9sz\u00edt\u00e9se, ahonn\u00e9t az \u00e9vtized v\u00e9g\u00e9n g\u00f6rd\u00fclhetnek le az els\u0151 aut\u00f3k. Id\u00e9n szeptemberben megkezdi m\u0171k\u00f6d\u00e9s\u00e9t a Mercedes-Benz \u00faj k\u00e9pz\u00e9si k\u00f6zpontja. &#8230;<\/p>\n","protected":false},"author":1,"featured_media":0,"comment_status":"closed","ping_status":"open","sticky":false,"template":"","format":"standard","meta":[],"categories":[4,19],"tags":[],"_links":{"self":[{"href":"https:\/\/gazdasagportal.hu\/index.php\/wp-json\/wp\/v2\/posts\/105306"}],"collection":[{"href":"https:\/\/gazdasagportal.hu\/index.php\/wp-json\/wp\/v2\/posts"}],"about":[{"href":"https:\/\/gazdasagportal.hu\/index.php\/wp-json\/wp\/v2\/types\/post"}],"author":[{"embeddable":true,"href":"https:\/\/gazdasagportal.hu\/index.php\/wp-json\/wp\/v2\/users\/1"}],"replies":[{"embeddable":true,"href":"https:\/\/gazdasagportal.hu\/index.php\/wp-json\/wp\/v2\/comments?post=105306"}],"version-history":[{"count":1,"href":"https:\/\/gazdasagportal.hu\/index.php\/wp-json\/wp\/v2\/posts\/105306\/revisions"}],"predecessor-version":[{"id":105307,"href":"https:\/\/gazdasagportal.hu\/index.php\/wp-json\/wp\/v2\/posts\/105306\/revisions\/105307"}],"wp:attachment":[{"href":"https:\/\/gazdasagportal.hu\/index.php\/wp-json\/wp\/v2\/media?parent=105306"}],"wp:term":[{"taxonomy":"category","embeddable":true,"href":"https:\/\/gazdasagportal.hu\/index.php\/wp-json\/wp\/v2\/categories?post=105306"},{"taxonomy":"post_tag","embeddable":true,"href":"https:\/\/gazdasagportal.hu\/index.php\/wp-json\/wp\/v2\/tags?post=105306"}],"curies":[{"name":"wp","href":"https:\/\/api.w.org\/{rel}","templated":true}]}}