{"id":105300,"date":"2018-05-14T10:37:10","date_gmt":"2018-05-14T08:37:10","guid":{"rendered":"http:\/\/gazdasagportal.hu\/?p=105300"},"modified":"2018-05-14T10:37:10","modified_gmt":"2018-05-14T08:37:10","slug":"ksh-marciusban-magas-bazisrol-csokkent-az-ipari-termeles","status":"publish","type":"post","link":"https:\/\/gazdasagportal.hu\/index.php\/ksh-marciusban-magas-bazisrol-csokkent-az-ipari-termeles\/","title":{"rendered":"KSH: m\u00e1rciusban magas b\u00e1zisr\u00f3l cs\u00f6kkent az ipari termel\u00e9s"},"content":{"rendered":"<p><strong>M\u00e1rciusban az ipari termel\u00e9s volumene 2,4 sz\u00e1zal\u00e9kkal elmaradt az egy \u00e9vvel kor\u00e1bbi magas b\u00e1zist\u00f3l, amikor az\u00f3ta is p\u00e9ld\u00e1tlan m\u00e9rt\u00e9kben, 13,9 sz\u00e1zal\u00e9kkal n\u0151tt a kibocs\u00e1t\u00e1s. Mivel az id\u00e9n m\u00e1rciusban kett\u0151vel kevesebb munkanap volt, mint 2017-ben, a munkanaphat\u00e1st\u00f3l megtiszt\u00edtott adatok szerint a termel\u00e9s 1,9 sz\u00e1zal\u00e9kkal n\u0151tt &#8211; er\u0151s\u00edtette meg h\u00e9tf\u0151n m\u00e1sodik becsl\u00e9se alapj\u00e1n a K\u00f6zponti Statisztikai Hivatal (KSH).<\/strong><!--more--><\/p>\n<div class=\"ads-in-post1\"><div id=\"gazdasagportal.hu_fullbanner_wideboard\"><\/div>\r\n<\/div>\n<p>    Az el\u0151z\u0151 havit\u00f3l 0,7 sz\u00e1zal\u00e9kkal elmaradt az ipar szezon\u00e1lisan \u00e9s munkanapt\u00e9nyez\u0151vel kiigaz\u00edtott teljes\u00edtm\u00e9nye m\u00e1rciusban.<br \/>\n    Az els\u0151 negyed\u00e9vben az ipari termel\u00e9s 2,5 sz\u00e1zal\u00e9kkal n\u0151tt a m\u00falt \u00e9v azonos id\u0151szak\u00e1hoz viszony\u00edtva. Az \u00f6sszes \u00e9rt\u00e9kes\u00edt\u00e9s 63 sz\u00e1zal\u00e9k\u00e1t ad\u00f3 k\u00fclpiaci elad\u00e1sok volumene 0,2 sz\u00e1zal\u00e9kkal m\u00e9rs\u00e9kl\u0151d\u00f6tt, a 37 sz\u00e1zal\u00e9kot k\u00e9pvisel\u0151 hazai \u00e9rt\u00e9kes\u00edt\u00e9s\u00e9 5,9 sz\u00e1zal\u00e9kkal emelkedett.<br \/>\n<div class=\"ads-in-post2\"><script async src=\"https:\/\/pagead2.googlesyndication.com\/pagead\/js\/adsbygoogle.js\"><\/script>\r\n<ins class=\"adsbygoogle\"\r\n     style=\"display:block\"\r\n     data-ad-format=\"fluid\"\r\n     data-ad-layout-key=\"-6t+ed+2i-1n-4w\"\r\n     data-ad-client=\"ca-pub-1959107119989764\"\r\n     data-ad-slot=\"4008251320\"><\/ins>\r\n<script>\r\n     (adsbygoogle = window.adsbygoogle || []).push({});\r\n<\/script><\/div>\n    A feldolgoz\u00f3ipar kibocs\u00e1t\u00e1sa f\u0151k\u00e9pp a janu\u00e1ri 8,7 sz\u00e1zal\u00e9kos n\u00f6veked\u00e9snek k\u00f6sz\u00f6nhet\u0151en a m\u00e1rciusi 3,0 sz\u00e1zal\u00e9kos visszaes\u00e9ssel is 2,7 sz\u00e1zal\u00e9kkal meghaladta az els\u0151 negyed\u00e9vben az egy \u00e9vvel kor\u00e1bbit. A j\u00e1rm\u0171gy\u00e1rt\u00e1s kibocs\u00e1t\u00e1sa az \u00e9v els\u0151 h\u00e1rom h\u00f3napj\u00e1ban 0,7 sz\u00e1zal\u00e9kkal volt nagyobb az egy \u00e9vvel kor\u00e1bbin\u00e1l a m\u00e1rciusi 2,1 sz\u00e1zal\u00e9kos visszaes\u00e9ssel egy\u00fctt. A sz\u00e1m\u00edt\u00e1stechnikai \u00e9s elektronikai term\u00e9kek gy\u00e1rt\u00e1s\u00e1ban 1,4 sz\u00e1zal\u00e9kos volt a negyed\u00e9ves n\u00f6veked\u00e9s a m\u00e1rciusi 3,5 sz\u00e1zal\u00e9kos cs\u00f6kken\u00e9st is belesz\u00e1m\u00edtva, m\u00edg a g\u00e9pek \u00e9s berendez\u00e9sek gy\u00e1rt\u00e1s\u00e1ban volt a legnagyobb cs\u00f6kken\u00e9s: m\u00e1rciusban 18,7, az els\u0151 negyed\u00e9vben 7,9 sz\u00e1zal\u00e9kos.<br \/>\n    Az \u00e9lelmiszeripar termel\u00e9se m\u00e1rciusban 2,9 sz\u00e1zal\u00e9kkal cs\u00f6kkent, de az els\u0151 negyed\u00e9vben ezzel egy\u00fctt is 4,0 sz\u00e1zal\u00e9kkal meghaladta az egy \u00e9vvel kor\u00e1bbit. A gy\u00f3gyszeripar termel\u00e9se a m\u00e1rciusi 7,7 sz\u00e1zal\u00e9kos visszaes\u00e9st is belesz\u00e1m\u00edtva 0,9 sz\u00e1zal\u00e9kkal meghaladta a tavaly els\u0151 negyed\u00e9vit. Ritka kiv\u00e9telk\u00e9nt a vegyipar kibocs\u00e1t\u00e1sa m\u00e1rciusban is 4,5 sz\u00e1zal\u00e9kkal n\u0151tt \u00e9ves \u00f6sszevet\u00e9sben \u00e9s az els\u0151 negyed\u00e9vben 7,8 sz\u00e1zal\u00e9kkal nagyobb termel\u00e9si volument \u00e1ll\u00edtott el\u0151, mint egy \u00e9vvel kor\u00e1bban.<br \/>\n    M\u00e1rciusban az ipari export volumene 4,1 sz\u00e1zal\u00e9kkal elmaradt az egy \u00e9vvel kor\u00e1bbit\u00f3l. A j\u00e1rm\u0171gy\u00e1rt\u00e1s kivitele cs\u00f6kkent m\u00e1rciusban 4,0 sz\u00e1zal\u00e9kkal, az els\u0151 negyed\u00e9vben 1,1 sz\u00e1zal\u00e9kkal m\u00e9rs\u00e9kl\u0151d\u00f6tt. A m\u00e1sik meghat\u00e1roz\u00f3 al\u00e1g, a sz\u00e1m\u00edt\u00f3g\u00e9p, elektronikai, optikai term\u00e9k gy\u00e1rt\u00e1s\u00e1nak k\u00fclpiaci elad\u00e1sai is 2,6 sz\u00e1zal\u00e9kkal m\u00e9rs\u00e9kl\u0151dtek m\u00e1rciusban, de az \u00e9v els\u0151 h\u00e1rom h\u00f3napj\u00e1ban 2,1 sz\u00e1zal\u00e9kkal meghaladt\u00e1k az egy \u00e9vvel kor\u00e1bbit. A g\u00e9pexport m\u00e1rciusban 21,5, a negyed\u00e9vben 9,5 sz\u00e1zal\u00e9kkal cs\u00f6kkent, a villamosberendez\u00e9sek kivitele a negyed\u00e9v sor\u00e1n 0,2 sz\u00e1zal\u00e9kkal n\u0151tt, b\u00e1r a febru\u00e1ri 0,4 sz\u00e1zal\u00e9kr\u00f3l m\u00e1rciusra 3,5 sz\u00e1zal\u00e9kosra gyorsult a visszaes\u00e9s \u00fcteme.<br \/>\n    Az \u00e9lelmiszerexport a m\u00e1rciusi 6,3 sz\u00e1zal\u00e9kos visszaes\u00e9ssel egy\u00fctt is 1,0 sz\u00e1zal\u00e9kkal meghaladta a tavalyi els\u0151 negyed\u00e9vit, a gy\u00f3gyszerexportot a janu\u00e1r-febru\u00e1ri n\u00f6veked\u00e9s ellen\u00e9re a m\u00e1rciusi 10,7 sz\u00e1zal\u00e9kos cs\u00f6kken\u00e9s 0,5 sz\u00e1zal\u00e9kos negyed\u00e9vi m\u00ednuszba r\u00e1ntotta, a vegyipari kivitel viszont az \u00e9v elej\u00e9n v\u00e9gig emelkedett \u00e9s a m\u00e1rciusi 8,8 sz\u00e1zal\u00e9kkal egy\u00fctt 9,1 sz\u00e1zal\u00e9kkal haladta meg a tavalyi els\u0151 negyed\u00e9vit.<br \/>\n     Az ipar belf\u00f6ldi \u00e9rt\u00e9kes\u00edt\u00e9se m\u00e1rciusban 8,0, ezen bel\u00fcl a feldolgoz\u00f3ipar\u00e9 3,1 sz\u00e1zal\u00e9kkal nagyobb volt az el\u0151z\u0151 \u00e9v azonos h\u00f3napj\u00e1hoz k\u00e9pest, a tavalyi els\u0151 negyed\u00e9vvel \u00f6sszevetve pedig 5,9, illetve 10,5 sz\u00e1zal\u00e9kos volt a n\u00f6veked\u00e9s. A j\u00e1rm\u0171ipar belf\u00f6ldi elad\u00e1sai m\u00e1rciusban 23,9, az els\u0151 negyed\u00e9vben 24,8 sz\u00e1zal\u00e9kkal n\u0151ttek. A g\u00e9pek, berendez\u00e9sek belf\u00f6ldi \u00e9rt\u00e9kes\u00edt\u00e9se alig 0,3 sz\u00e1zal\u00e9kkal esett vissza m\u00e1rciusban \u00e9s 2,0 sz\u00e1zal\u00e9kkal meghaladta a tavalyi els\u0151 negyed\u00e9vit.<br \/>\n    Szer\u00e9nyen 2,2, illetve 5,6 sz\u00e1zal\u00e9kkal n\u0151ttek a villamosberendez\u00e9sek belf\u00f6ldi elad\u00e1sai is. A sz\u00e1m\u00edt\u00e1stechnikai \u00e9s elektronikai gy\u00e1rt\u00f3k bels\u0151 piaca m\u00e1rciusban 17,0, az els\u0151 negyed\u00e9vben 10,2 sz\u00e1zal\u00e9kkal zsugorodott. A gumiipar a m\u00e1rciusi 5,6 sz\u00e1zal\u00e9kkal egy\u00fctt az els\u0151 negyed\u00e9vben 27,5 sz\u00e1zal\u00e9kkal n\u00f6velte belf\u00f6ldi elad\u00e1sait, m\u00edg a gy\u00f3gyszeripar m\u00e1rciusban is 11,0 sz\u00e1zal\u00e9kos n\u00f6veked\u00e9st mutatott \u00e9s a negyed\u00e9v alatt is 8,6 sz\u00e1zal\u00e9kkal n\u00f6velte elad\u00e1sait belf\u00f6ld\u00f6n. Az \u00e9lelmiszeriparban az els\u0151 k\u00e9t havi k\u00e9tsz\u00e1mjegy\u0171 n\u00f6veked\u00e9s el\u00e9g volt arra, hogy a m\u00e1rciusi hanyatl\u00e1s ellen\u00e9re is 6,1 sz\u00e1zal\u00e9kkal n\u00f6velje \u00e9rt\u00e9kes\u00edt\u00e9s\u00e9t az els\u0151 negyed\u00e9vben. A vegyiparban a m\u00e1rciusi 3,6 sz\u00e1zal\u00e9kos m\u00ednusz is csak 4,9 sz\u00e1zal\u00e9kosra f\u00e9kezte a negyed\u00e9ves n\u00f6veked\u00e9s \u00fctem\u00e9t.<br \/>\n    \u00d6sszess\u00e9g\u00e9ben a beruh\u00e1z\u00e1si javak belf\u00f6ldi kereslete m\u00e1rciusban 11,5, a negyed\u00e9v sor\u00e1n 13,7 sz\u00e1zal\u00e9kkal n\u0151tt, a tov\u00e1bbi felhaszn\u00e1l\u00e1sra sz\u00e1nt alapanyagok \u00e9s f\u00e9lterm\u00e9kek \u00e9rt\u00e9kes\u00edt\u00e9se a szer\u00e9ny m\u00e1rciusi 1,3 sz\u00e1zal\u00e9kos n\u00f6veked\u00e9ssel egy\u00fctt is 14,0 sz\u00e1zal\u00e9kkal n\u0151tt az els\u0151 negyed\u00e9vben, m\u00edg a fogyaszt\u00e1si cikkek hasonl\u00f3k\u00e9ppen szer\u00e9ny 2,4 sz\u00e1zal\u00e9kos m\u00e1rciusi n\u00f6veked\u00e9se az els\u0151 k\u00e9t h\u00f3nap k\u00e9tsz\u00e1mjegy\u0171 n\u00f6veked\u00e9s\u00e9t 7,5 sz\u00e1zal\u00e9kosra m\u00e9rs\u00e9kelte.<br \/>\n    A kiemelt \u00e1gazatok m\u00e1rciusban 5,0 sz\u00e1zal\u00e9kkal kevesebb \u00faj megrendel\u00e9st vettek fel az egy \u00e9vvel kor\u00e1bbin\u00e1l, a belf\u00f6ldi rendel\u00e9sek 7,4 sz\u00e1zal\u00e9kkal n\u0151ttek, az \u00faj export megrendel\u00e9sek 6,8 sz\u00e1zal\u00e9kkal elmaradtak a tavaly m\u00e1rciusit\u00f3l. M\u00e1rcius v\u00e9g\u00e9n a megfigyelt ipari \u00e1gazatok teljes rendel\u00e9s\u00e1llom\u00e1nya 6,7 sz\u00e1zal\u00e9kkal elmaradt az egy \u00e9vvel kor\u00e1bbit\u00f3l az exportrendel\u00e9sek 8,3 sz\u00e1zal\u00e9kos cs\u00f6kken\u00e9se miatt, amit a belf\u00f6ldi rendel\u00e9sek 22,3 sz\u00e1zal\u00e9kos n\u00f6veked\u00e9se sem tudott ellens\u00falyozni.<br \/>\n(MTI)<\/p>\n","protected":false},"excerpt":{"rendered":"<p>M\u00e1rciusban az ipari termel\u00e9s volumene 2,4 sz\u00e1zal\u00e9kkal elmaradt az egy \u00e9vvel kor\u00e1bbi magas b\u00e1zist\u00f3l, amikor az\u00f3ta is p\u00e9ld\u00e1tlan m\u00e9rt\u00e9kben, 13,9 sz\u00e1zal\u00e9kkal n\u0151tt a kibocs\u00e1t\u00e1s. Mivel az id\u00e9n m\u00e1rciusban kett\u0151vel kevesebb munkanap volt, mint 2017-ben, a munkanaphat\u00e1st\u00f3l megtiszt\u00edtott adatok szerint a termel\u00e9s 1,9 sz\u00e1zal\u00e9kkal n\u0151tt &#8211; er\u0151s\u00edtette meg h\u00e9tf\u0151n m\u00e1sodik becsl\u00e9se alapj\u00e1n a K\u00f6zponti Statisztikai Hivatal &#8230;<\/p>\n","protected":false},"author":1,"featured_media":0,"comment_status":"closed","ping_status":"open","sticky":false,"template":"","format":"standard","meta":[],"categories":[19],"tags":[],"_links":{"self":[{"href":"https:\/\/gazdasagportal.hu\/index.php\/wp-json\/wp\/v2\/posts\/105300"}],"collection":[{"href":"https:\/\/gazdasagportal.hu\/index.php\/wp-json\/wp\/v2\/posts"}],"about":[{"href":"https:\/\/gazdasagportal.hu\/index.php\/wp-json\/wp\/v2\/types\/post"}],"author":[{"embeddable":true,"href":"https:\/\/gazdasagportal.hu\/index.php\/wp-json\/wp\/v2\/users\/1"}],"replies":[{"embeddable":true,"href":"https:\/\/gazdasagportal.hu\/index.php\/wp-json\/wp\/v2\/comments?post=105300"}],"version-history":[{"count":1,"href":"https:\/\/gazdasagportal.hu\/index.php\/wp-json\/wp\/v2\/posts\/105300\/revisions"}],"predecessor-version":[{"id":105301,"href":"https:\/\/gazdasagportal.hu\/index.php\/wp-json\/wp\/v2\/posts\/105300\/revisions\/105301"}],"wp:attachment":[{"href":"https:\/\/gazdasagportal.hu\/index.php\/wp-json\/wp\/v2\/media?parent=105300"}],"wp:term":[{"taxonomy":"category","embeddable":true,"href":"https:\/\/gazdasagportal.hu\/index.php\/wp-json\/wp\/v2\/categories?post=105300"},{"taxonomy":"post_tag","embeddable":true,"href":"https:\/\/gazdasagportal.hu\/index.php\/wp-json\/wp\/v2\/tags?post=105300"}],"curies":[{"name":"wp","href":"https:\/\/api.w.org\/{rel}","templated":true}]}}