{"id":105248,"date":"2018-05-11T09:50:12","date_gmt":"2018-05-11T07:50:12","guid":{"rendered":"http:\/\/gazdasagportal.hu\/?p=105248"},"modified":"2018-05-11T08:31:46","modified_gmt":"2018-05-11T06:31:46","slug":"elemzo-orban-viktor-a-nemzetkozi-terben-is-kiemelt-szerepet-szan-magyarorszagnak","status":"publish","type":"post","link":"https:\/\/gazdasagportal.hu\/index.php\/elemzo-orban-viktor-a-nemzetkozi-terben-is-kiemelt-szerepet-szan-magyarorszagnak\/","title":{"rendered":"Elemz\u0151: Orb\u00e1n Viktor a nemzetk\u00f6zi t\u00e9rben is kiemelt szerepet sz\u00e1n Magyarorsz\u00e1gnak"},"content":{"rendered":"<p><strong>Az Alapjogok\u00e9rt K\u00f6zpont igazgat\u00f3ja szerint Orb\u00e1n Viktor korm\u00e1nyf\u0151 a nemzetk\u00f6zi t\u00e9rben is kiemelt szerepet sz\u00e1n Magyarorsz\u00e1gnak.<\/strong><!--more--><\/p>\n<div class=\"ads-in-post1\"><div id=\"gazdasagportal.hu_fullbanner_wideboard\"><\/div>\r\n<\/div>\n<p>    Sz\u00e1nth\u00f3 Mikl\u00f3s az M1 aktu\u00e1lis csatorna p\u00e9ntek reggeli m\u0171sor\u00e1ban \u00e9rt\u00e9kelte az \u00fajra minisztereln\u00f6kk\u00e9 v\u00e1lasztott Orb\u00e1n Viktor cs\u00fct\u00f6rt\u00f6ki parlamenti besz\u00e9d\u00e9t.<br \/>\n    Az elemz\u0151 szerint nagy \u00edv\u0171 \u00e9s nagy nemzetk\u00f6zi kitekint\u00e9ssel b\u00edr\u00f3 besz\u00e9det mondott a minisztereln\u00f6k.<br \/>\n    Az \u00e1ltala elmondottak azt jelzik, Orb\u00e1n Viktor nemcsak a belpolitikai probl\u00e9m\u00e1k megold\u00e1s\u00e1n gondolkodik, hanem Magyarorsz\u00e1gnak az Eur\u00f3pai Uni\u00f3ban, a nemzetk\u00f6zi t\u00e9rben is kiemelt szerepet sz\u00e1n &#8211; k\u00f6z\u00f6lte.<br \/>\n<div class=\"ads-in-post2\"><script async src=\"https:\/\/pagead2.googlesyndication.com\/pagead\/js\/adsbygoogle.js\"><\/script>\r\n<ins class=\"adsbygoogle\"\r\n     style=\"display:block\"\r\n     data-ad-format=\"fluid\"\r\n     data-ad-layout-key=\"-6t+ed+2i-1n-4w\"\r\n     data-ad-client=\"ca-pub-1959107119989764\"\r\n     data-ad-slot=\"4008251320\"><\/ins>\r\n<script>\r\n     (adsbygoogle = window.adsbygoogle || []).push({});\r\n<\/script><\/div>\n    Sz\u00e1nth\u00f3 Mikl\u00f3s szerint emiatt az ellenz\u00e9k &#8222;frusztr\u00e1ci\u00f3ja&#8221; m\u00e9g ink\u00e1bb fokoz\u00f3dni fog.<br \/>\n    Ugyanis &#8211; mint mondta &#8211; a belpolitikai csat\u00e1roz\u00e1sokhoz szokott ellenz\u00e9k egy olyan Magyarorsz\u00e1g t\u00f6rt\u00e9net\u00e9ben is &#8222;nagy kaliber\u0171&#8221; minisztereln\u00f6kkel \u00e1ll szemben, aki nemzetk\u00f6zi szinten is kiemelt szerepre t\u00f6rekszik.<br \/>\n    Orb\u00e1n Viktort &#8211; aki 2010 \u00f3ta t\u00f6lti be a korm\u00e1nyf\u0151i tiszts\u00e9get &#8211; 134 igen szavazattal, 28 nem ellen\u00e9ben v\u00e1lasztott\u00e1k meg a k\u00e9pvisel\u0151k cs\u00fct\u00f6rt\u00f6k\u00f6n.<br \/>\n(MTI)<\/p>\n","protected":false},"excerpt":{"rendered":"<p>Az Alapjogok\u00e9rt K\u00f6zpont igazgat\u00f3ja szerint Orb\u00e1n Viktor korm\u00e1nyf\u0151 a nemzetk\u00f6zi t\u00e9rben is kiemelt szerepet sz\u00e1n Magyarorsz\u00e1gnak.<\/p>\n","protected":false},"author":1,"featured_media":0,"comment_status":"closed","ping_status":"open","sticky":false,"template":"","format":"standard","meta":[],"categories":[4],"tags":[],"_links":{"self":[{"href":"https:\/\/gazdasagportal.hu\/index.php\/wp-json\/wp\/v2\/posts\/105248"}],"collection":[{"href":"https:\/\/gazdasagportal.hu\/index.php\/wp-json\/wp\/v2\/posts"}],"about":[{"href":"https:\/\/gazdasagportal.hu\/index.php\/wp-json\/wp\/v2\/types\/post"}],"author":[{"embeddable":true,"href":"https:\/\/gazdasagportal.hu\/index.php\/wp-json\/wp\/v2\/users\/1"}],"replies":[{"embeddable":true,"href":"https:\/\/gazdasagportal.hu\/index.php\/wp-json\/wp\/v2\/comments?post=105248"}],"version-history":[{"count":1,"href":"https:\/\/gazdasagportal.hu\/index.php\/wp-json\/wp\/v2\/posts\/105248\/revisions"}],"predecessor-version":[{"id":105249,"href":"https:\/\/gazdasagportal.hu\/index.php\/wp-json\/wp\/v2\/posts\/105248\/revisions\/105249"}],"wp:attachment":[{"href":"https:\/\/gazdasagportal.hu\/index.php\/wp-json\/wp\/v2\/media?parent=105248"}],"wp:term":[{"taxonomy":"category","embeddable":true,"href":"https:\/\/gazdasagportal.hu\/index.php\/wp-json\/wp\/v2\/categories?post=105248"},{"taxonomy":"post_tag","embeddable":true,"href":"https:\/\/gazdasagportal.hu\/index.php\/wp-json\/wp\/v2\/tags?post=105248"}],"curies":[{"name":"wp","href":"https:\/\/api.w.org\/{rel}","templated":true}]}}