{"id":105227,"date":"2018-05-10T12:22:53","date_gmt":"2018-05-10T10:22:53","guid":{"rendered":"http:\/\/gazdasagportal.hu\/?p=105227"},"modified":"2018-05-10T12:22:53","modified_gmt":"2018-05-10T10:22:53","slug":"az-elmult-ot-ev-legjobb-negyedevet-zarta-a-upc-magyarorszag","status":"publish","type":"post","link":"https:\/\/gazdasagportal.hu\/index.php\/az-elmult-ot-ev-legjobb-negyedevet-zarta-a-upc-magyarorszag\/","title":{"rendered":"Az elm\u00falt \u00f6t \u00e9v legjobb negyed\u00e9v\u00e9t z\u00e1rta a UPC Magyarorsz\u00e1g"},"content":{"rendered":"<p><strong>Az elm\u00falt \u00f6t \u00e9v legjobb negyed\u00e9v\u00e9t z\u00e1rta 2018 els\u0151 h\u00e1rom h\u00f3napj\u00e1ban a UPC Magyarorsz\u00e1g: az el\u0151fizet\u00e9sek sz\u00e1ma 7,6 sz\u00e1zal\u00e9kkal, az \u00e1rbev\u00e9tel 4,4 sz\u00e1zal\u00e9kkal emelkedett, \u00e9s az eg\u00e9sz \u00e9vre a piaci \u00e1tlagot meghalad\u00f3 n\u00f6veked\u00e9st v\u00e1rnak mindk\u00e9t mutat\u00f3 eset\u00e9ben &#8211; mondta Robert Redeleanu, a UPC Magyarorsz\u00e1g \u00e9s a UPC Lengyelorsz\u00e1g vez\u00e9rigazgat\u00f3ja cs\u00fct\u00f6rt\u00f6k\u00f6n Budapesten sajt\u00f3t\u00e1j\u00e9koztat\u00f3n.<\/strong><!--more--><\/p>\n<div class=\"ads-in-post1\"><div id=\"gazdasagportal.hu_fullbanner_wideboard\"><\/div>\r\n<\/div>\n<p>    A szerd\u00e1n bejelentett tranzakci\u00f3r\u00f3l &#8211; miszerint a brit Vodafone csoport 18,4 milli\u00e1rd eur\u00f3\u00e9rt felv\u00e1s\u00e1rolja a Liberty Global amerikai k\u00e1belszolg\u00e1ltat\u00f3 c\u00e9g magyar, n\u00e9met, cseh, \u00e9s rom\u00e1n le\u00e1nyv\u00e1llalatait, \u00edgy a UPC Magyarorsz\u00e1got is &#8211; azt mondta: mindez kedvez\u0151 versenyhelyzetet teremt, ennek el\u0151nyei a lakoss\u00e1gi \u00e9s \u00fczleti \u00fcgyfeleknek egyar\u00e1nt nagyobb hozz\u00e1adott \u00e9rt\u00e9k\u0171 szolg\u00e1ltat\u00e1sok \u00e9s sz\u00e9lesebb v\u00e1laszt\u00e1si lehet\u0151s\u00e9gek lesznek. A tranzakci\u00f3 er\u0151s\u00edti a versenyt, \u00e9s a t\u00f6bbi szolg\u00e1ltat\u00f3t is a beruh\u00e1z\u00e1saik n\u00f6vel\u00e9s\u00e9re \u00f6szt\u00f6nzi.<br \/>\n    Hozz\u00e1tette: semmi nem v\u00e1ltozik a tranzakci\u00f3 versenyhat\u00f3s\u00e1gi lez\u00e1r\u00e1s\u00e1ig, erre 2019 m\u00e1sodik fel\u00e9ben ker\u00fclhet sor. Ezt k\u00f6vet\u0151en kezd\u0151dhet a c\u00e9gek egyes\u00fcl\u00e9se, addig egym\u00e1st\u00f3l f\u00fcggetlen\u00fcl fognak m\u0171k\u00f6dni.<br \/>\n<div class=\"ads-in-post2\"><script async src=\"https:\/\/pagead2.googlesyndication.com\/pagead\/js\/adsbygoogle.js\"><\/script>\r\n<ins class=\"adsbygoogle\"\r\n     style=\"display:block\"\r\n     data-ad-format=\"fluid\"\r\n     data-ad-layout-key=\"-6t+ed+2i-1n-4w\"\r\n     data-ad-client=\"ca-pub-1959107119989764\"\r\n     data-ad-slot=\"4008251320\"><\/ins>\r\n<script>\r\n     (adsbygoogle = window.adsbygoogle || []).push({});\r\n<\/script><\/div>\n    A UPC Direct m\u0171holdas szolg\u00e1ltat\u00e1sok nem a tranzakci\u00f3 r\u00e9szei, azt tov\u00e1bbra is a Liberty Global fogja szolg\u00e1ltatni. Arra, hogy a m\u00e1rkan\u00e9v marad-e, \u00e9s ha igen meddig, m\u00e9g nem tudott v\u00e1laszt adni, szerinte ez a Vodafone d\u00f6nt\u00e9se lesz. Az egyes\u00fcl\u00e9s ut\u00e1n mindk\u00e9t c\u00e9g munkav\u00e1llal\u00f3i el\u0151tt sz\u00e9lesebb lehet\u0151s\u00e9gek ny\u00edlnak &#8211; jelezte.<br \/>\n    A v\u00e1llalat negyed\u00e9ves eredm\u00e9nyeit ismertetve k\u00f6z\u00f6lte: az elm\u00falt \u00f6t \u00e9v legjobb eredm\u00e9ny\u00e9t \u00e9rt\u00e9k el, az el\u0151fizet\u00e9sek sz\u00e1ma 7,6 sz\u00e1zal\u00e9kkal 2,093 milli\u00f3ra emelkedett az el\u0151z\u0151 \u00e9v azonos id\u0151szak\u00e1hoz m\u00e9rten. K\u00f6zl\u00e9se szerint az els\u0151 negyed\u00e9ves 4,4 sz\u00e1zal\u00e9kos \u00e1rbev\u00e9tel-n\u00f6veked\u00e9s els\u0151sorban a mobil \u00e9s az \u00fczleti szolg\u00e1ltat\u00e1sok dinamikus teljes\u00edtm\u00e9ny\u00e9nek, valamint az ehhez sz\u00fcks\u00e9ges h\u00e1l\u00f3zatfejleszt\u00e9si \u00e9s korszer\u0171s\u00edt\u00e9si beruh\u00e1z\u00e1soknak az eredm\u00e9nye. Az els\u0151 negyed\u00e9v v\u00e9g\u00e9n a UPC szolg\u00e1ltat\u00e1sai orsz\u00e1gszerte \u00f6sszesen 1 796 860 h\u00e1ztart\u00e1s sz\u00e1m\u00e1ra voltak el\u00e9rhet\u0151ek. A szolg\u00e1ltat\u00e1sokat t\u00f6bb mint 855 ezer lakoss\u00e1gi \u00e9s \u00fczleti \u00fcgyf\u00e9l vette ig\u00e9nybe. Minden \u00fczlet\u00e1gban jelent\u0151s n\u00f6veked\u00e9st k\u00f6nyvelhettek el &#8211; \u00f6sszegezte.<br \/>\n    A v\u00e1llalat h\u00e1l\u00f3zatfejleszt\u00e9sei folytat\u00f3dnak, 2018 els\u0151 h\u00e1rom h\u00f3napj\u00e1ban \u00fajabb 7400 h\u00e1ztart\u00e1s sz\u00e1m\u00e1ra lett el\u00e9rhet\u0151 a szupergyors sz\u00e9less\u00e1v\u00fa h\u00e1l\u00f3zatuk. A beruh\u00e1z\u00e1sok fontos r\u00e9sze a monori k\u00f6rzetben megkezdett fejleszt\u00e9s, itt tov\u00e1bbi 21 ezer h\u00e1ztart\u00e1sba jut el a modern optikai h\u00e1l\u00f3zat. Ezek k\u00f6z\u00fcl 14 ezer h\u00e1ztart\u00e1sban saj\u00e1t forr\u00e1sai mellett a korm\u00e1nyzat Szupergyors Internet Programj\u00e1ban (SZIP) elnyert t\u00e1mogat\u00e1st is ig\u00e9nybe veszi a UPC a fejleszt\u00e9sekhez. A SZIP \u00e1ltal biztos\u00edtott finansz\u00edroz\u00e1ssal a r\u00e9gi\u00f3 14 telep\u00fcl\u00e9s\u00e9n, Monor, Dabas \u00e9s Gy\u00e1l k\u00f6rzet\u00e9ben zajlanak majd a h\u00e1l\u00f3zatfejleszt\u00e9si munk\u00e1k.<br \/>\n    Cs\u00e1sz\u00e1r Zolt\u00e1n, a UPC Magyarorsz\u00e1g \u00fczletfejleszt\u00e9si igazgat\u00f3ja k\u00f6z\u00f6lte: m\u00e1r k\u00f6zel sz\u00e1zezer mobil el\u0151fizet\u0151je van a UPC-nek, az el\u0151fizet\u00e9sek sz\u00e1ma 40 sz\u00e1zal\u00e9kkal n\u0151tt 2017 els\u0151 negyed\u00e9v\u00e9hez k\u00e9pest. Sikeresnek nevezte a mobiltelefonok \u00e9rt\u00e9kes\u00edt\u00e9s\u00e9t, az \u00fcgyfelek 60 sz\u00e1zal\u00e9ka k\u00e9sz\u00fcl\u00e9ket is v\u00e1s\u00e1rol az el\u0151fizet\u00e9sek mell\u00e9.<br \/>\n(MTI)<\/p>\n","protected":false},"excerpt":{"rendered":"<p>Az elm\u00falt \u00f6t \u00e9v legjobb negyed\u00e9v\u00e9t z\u00e1rta 2018 els\u0151 h\u00e1rom h\u00f3napj\u00e1ban a UPC Magyarorsz\u00e1g: az el\u0151fizet\u00e9sek sz\u00e1ma 7,6 sz\u00e1zal\u00e9kkal, az \u00e1rbev\u00e9tel 4,4 sz\u00e1zal\u00e9kkal emelkedett, \u00e9s az eg\u00e9sz \u00e9vre a piaci \u00e1tlagot meghalad\u00f3 n\u00f6veked\u00e9st v\u00e1rnak mindk\u00e9t mutat\u00f3 eset\u00e9ben &#8211; mondta Robert Redeleanu, a UPC Magyarorsz\u00e1g \u00e9s a UPC Lengyelorsz\u00e1g vez\u00e9rigazgat\u00f3ja cs\u00fct\u00f6rt\u00f6k\u00f6n Budapesten sajt\u00f3t\u00e1j\u00e9koztat\u00f3n.<\/p>\n","protected":false},"author":1,"featured_media":0,"comment_status":"closed","ping_status":"open","sticky":false,"template":"","format":"standard","meta":[],"categories":[19],"tags":[],"_links":{"self":[{"href":"https:\/\/gazdasagportal.hu\/index.php\/wp-json\/wp\/v2\/posts\/105227"}],"collection":[{"href":"https:\/\/gazdasagportal.hu\/index.php\/wp-json\/wp\/v2\/posts"}],"about":[{"href":"https:\/\/gazdasagportal.hu\/index.php\/wp-json\/wp\/v2\/types\/post"}],"author":[{"embeddable":true,"href":"https:\/\/gazdasagportal.hu\/index.php\/wp-json\/wp\/v2\/users\/1"}],"replies":[{"embeddable":true,"href":"https:\/\/gazdasagportal.hu\/index.php\/wp-json\/wp\/v2\/comments?post=105227"}],"version-history":[{"count":1,"href":"https:\/\/gazdasagportal.hu\/index.php\/wp-json\/wp\/v2\/posts\/105227\/revisions"}],"predecessor-version":[{"id":105228,"href":"https:\/\/gazdasagportal.hu\/index.php\/wp-json\/wp\/v2\/posts\/105227\/revisions\/105228"}],"wp:attachment":[{"href":"https:\/\/gazdasagportal.hu\/index.php\/wp-json\/wp\/v2\/media?parent=105227"}],"wp:term":[{"taxonomy":"category","embeddable":true,"href":"https:\/\/gazdasagportal.hu\/index.php\/wp-json\/wp\/v2\/categories?post=105227"},{"taxonomy":"post_tag","embeddable":true,"href":"https:\/\/gazdasagportal.hu\/index.php\/wp-json\/wp\/v2\/tags?post=105227"}],"curies":[{"name":"wp","href":"https:\/\/api.w.org\/{rel}","templated":true}]}}