{"id":105225,"date":"2018-05-10T11:36:23","date_gmt":"2018-05-10T09:36:23","guid":{"rendered":"http:\/\/gazdasagportal.hu\/?p=105225"},"modified":"2018-05-10T11:36:23","modified_gmt":"2018-05-10T09:36:23","slug":"lakasfuto-falfesteket-fejleszt-a-poli-farbe","status":"publish","type":"post","link":"https:\/\/gazdasagportal.hu\/index.php\/lakasfuto-falfesteket-fejleszt-a-poli-farbe\/","title":{"rendered":"Lak\u00e1sf\u0171t\u0151 falfest\u00e9ket fejleszt a poli-farbe"},"content":{"rendered":"<p><strong>Forradalmas\u00edthatja a lak\u00e1sfel\u00faj\u00edt\u00e1st \u00e9s -f\u0171t\u00e9st a k\u00f6vetkez\u0151 \u00e9vtizedekben az a speci\u00e1lis falfest\u00e9k, amelynek fejleszt\u00e9s\u00e9be kezdett a Poli-Farbe Vegyipari Kft. \u00e9s a Budapesti M\u0171szaki \u00e9s Gazdas\u00e1gtudom\u00e1nyi Egyetem egyik tansz\u00e9k\u00e9nek szakember g\u00e1rd\u00e1ja. A f\u0171t\u0151fest\u00e9k cs\u00f6kkenti az otthonok \u00f6kol\u00f3giai l\u00e1bnyom\u00e1t, \u00e9s alkalmas a lak\u00e1sok, h\u00e1zak energiatakar\u00e9kos felmeleg\u00edt\u00e9s\u00e9re. A hazai tulajdonban l\u00e9v\u0151 b\u00f3csai fest\u00e9k- \u00e9s vakolatgy\u00e1r 2017-ben rekordforgalmat \u00e9rt el, \u00a0t\u00f6bb szegmensben is piacvezet\u0151 lett.<\/strong><br \/>\n<!--more--><\/p>\n<div class=\"ads-in-post1\"><div id=\"gazdasagportal.hu_fullbanner_wideboard\"><\/div>\r\n<\/div>\n&nbsp;<\/p>\n<p>Egy \u00faj term\u00e9kinnov\u00e1ci\u00f3, az \u00fagynevezett f\u0171t\u0151fest\u00e9k protot\u00edpus\u00e1nak megalkot\u00e1s\u00e1ra k\u00f6t\u00f6tt egy\u00fcttm\u0171k\u00f6d\u00e9si meg\u00e1llapod\u00e1st a Poli-Farbe Vegyipari Kft. \u00e9s a Budapesti M\u0171szaki \u00e9s Gazdas\u00e1gtudom\u00e1nyi Egyetem, Villamosm\u00e9rn\u00f6ki \u00e9s Informatikai Kar\u00e1nak T\u00e1vk\u00f6zl\u00e9si \u00e9s M\u00e9diainformatikai Tansz\u00e9ke.\u00a0A speci\u00e1lis falfest\u00e9k elektromos fogyaszt\u00f3nak min\u0151s\u00fcl, olyan rendszer, amely \u00e1ramforr\u00e1sb\u00f3l, szab\u00e1lyoz\u00f3 rendszerb\u0151l \u00e9s elektromos vezet\u0151k\u00e9pess\u00e9ggel rendelkez\u0151 adal\u00e9kokat tartalmaz\u00f3 fest\u00e9kb\u0151l \u00e1ll. A term\u00e9k a tervek szerint minden h\u00e1ztart\u00e1sban ki\u00e9p\u00edthet\u0151 lesz, de azt csak erre k\u00e9pzett, k\u00fcl\u00f6n enged\u00e9llyel rendelkez\u0151 szakember tudja majd telep\u00edteni. A f\u0171t\u0151fest\u00e9k id\u0151- \u00e9s h\u0151vesztes\u00e9g n\u00e9lk\u00fcl, k\u00f6zvetlen\u00fcl meleg\u00edti a kijel\u00f6lt ter\u00fcletet: ker\u00fclbel\u00fcl 6 m<sup>2<\/sup>-es fel\u00fclettel egy 60-70 m<sup>2<\/sup>-es ter\u00fclet\u0171 lak\u00e1st fel lehet f\u0171teni, 300-350 watt\/m<sup>2<\/sup> teljes\u00edtm\u00e9ny mellett. Legf\u0151bb el\u0151nye, hogy jelent\u0151sen cs\u00f6kkenthet\u0151 haszn\u00e1lat\u00e1val otthonunk \u00f6kol\u00f3giai l\u00e1bnyoma, r\u00e1ad\u00e1sul sokkal k\u00f6lts\u00e9ghat\u00e9konyabb a ki\u00e9p\u00edt\u00e9se, mint a hagyom\u00e1nyos f\u0171t\u00e9si rendszereknek, \u00e9s az elektronika, illetve a fest\u00e9k nem szervesen kapcsol\u00f3dnak egym\u00e1shoz, \u00edgy k\u00fcl\u00f6n-k\u00fcl\u00f6n is cser\u00e9lhet\u0151k, azaz k\u00f6lt\u00f6z\u00e9skor vagy a szoba \u00e1trendez\u00e9sekor hat\u00e9konyan \u00e1ttelep\u00edthet\u0151.<\/p>\n<div class=\"ads-in-post2\"><script async src=\"https:\/\/pagead2.googlesyndication.com\/pagead\/js\/adsbygoogle.js\"><\/script>\r\n<ins class=\"adsbygoogle\"\r\n     style=\"display:block\"\r\n     data-ad-format=\"fluid\"\r\n     data-ad-layout-key=\"-6t+ed+2i-1n-4w\"\r\n     data-ad-client=\"ca-pub-1959107119989764\"\r\n     data-ad-slot=\"4008251320\"><\/ins>\r\n<script>\r\n     (adsbygoogle = window.adsbygoogle || []).push({});\r\n<\/script><\/div>\n&nbsp;<\/p>\n<p>\u201eNagy v\u00e1rakoz\u00e1ssal tekint\u00fcnk az innov\u00e1ci\u00f3 fel\u00e9, mert a f\u0171t\u0151fest\u00e9k forradalmas\u00edtja a lak\u00e1sfel\u00faj\u00edt\u00e1st a k\u00f6vetkez\u0151 \u00e9vtizedekben. Olyan term\u00e9kr\u0151l van sz\u00f3, amely b\u00e1rmely Poli-Farbe belt\u00e9ri vagy k\u00fclt\u00e9ri falfest\u00e9kkel \u00e1tfesthet\u0151 lesz, \u00edgy nem sz\u00fcks\u00e9ges kompromisszumokat k\u00f6tni a sz\u00ednv\u00e1laszt\u00e1sban sem: a legkorszer\u0171bb technol\u00f3gia \u00e9s a legszebb sz\u00ednek egy\u00fctt biztos\u00edtj\u00e1k a v\u00e1s\u00e1rl\u00f3 el\u00e9gedetts\u00e9g\u00e9t. A projekt innov\u00e1ci\u00f3s \u00e9rt\u00e9ke 100 milli\u00f3s nagys\u00e1grend\u0171, a term\u00e9k a lakoss\u00e1g sz\u00e1m\u00e1ra 2020-t\u00f3l lehet el\u00e9rhet\u0151\u201d \u2013 mondta Szab\u00f3 Antal, a Poli-Farbe \u00fcgyvezet\u0151 igazgat\u00f3ja a c\u00e9g budapesti sajt\u00f3t\u00e1j\u00e9koztat\u00f3j\u00e1n. Hozz\u00e1tette: a fejleszt\u0151i csapatban kiz\u00e1r\u00f3lag magyar szakemberek vesznek r\u00e9szt, az egyetemi tansz\u00e9k \u00e9s a fest\u00e9kgy\u00e1r csapata id\u00e9n \u0151sszel szeretn\u00e9 bemutatni a protot\u00edpust a nyilv\u00e1noss\u00e1g el\u0151tt.<\/p><div id=\"gazda-1712622731\" class=\"gazda-tartalomban gazda-entity-placement\"><script async src=\"https:\/\/pagead2.googlesyndication.com\/pagead\/js\/adsbygoogle.js\"><\/script>\r\n<ins class=\"adsbygoogle\"\r\n     style=\"display:block\"\r\n     data-ad-format=\"fluid\"\r\n     data-ad-layout-key=\"-6t+ed+2i-1n-4w\"\r\n     data-ad-client=\"ca-pub-1959107119989764\"\r\n     data-ad-slot=\"4008251320\"><\/ins>\r\n<script>\r\n     (adsbygoogle = window.adsbygoogle || []).push({});\r\n<\/script><\/div>\n<p>&nbsp;<\/p>\n<p>\u201eNagyszer\u0171 \u00e9rz\u00e9s olyan hazai innov\u00e1ci\u00f3ban r\u00e9szt venni, amely hasznoss\u00e1ga a h\u00e1ztart\u00e1sokban is azonnal bel\u00e1that\u00f3. T\u00e1volabbra tekintve az is izgalmas perspekt\u00edva, hogy a f\u0171t\u0151fest\u00e9k a k\u00f6zelj\u00f6v\u0151 okos otthon megold\u00e1sainak is \u00edg\u00e9retes eleme lehet majd. \u2013 mondta Dr. Magyar G\u00e1bor, a BME VIK T\u00e1vk\u00f6zl\u00e9si \u00e9s M\u00e9diainformatikai Tansz\u00e9k vezet\u0151je.<\/p>\n<p>&nbsp;<\/p>\n<p>A 30 milli\u00e1rdosra becs\u00fclt magyar dekor fest\u00e9kpiac mintegy 75 sz\u00e1zal\u00e9k\u00e1n h\u00e1rom nagy fest\u00e9kgy\u00e1rt\u00f3 v\u00e1llalat osztozik, ezek k\u00f6z\u00fcl kiz\u00e1r\u00f3lag a 26 \u00e9ve alap\u00edtott Poli-Farbe Vegyipari Kft. hazai tulajdon\u00fa. Folyamatosan b\u0151v\u00edti portf\u00f3li\u00f3j\u00e1t magyar vegyipari szakemberek seg\u00edts\u00e9g\u00e9vel, ezen fel\u00fcl nagy gondot ford\u00edt saj\u00e1t laborat\u00f3rium\u00e1nak \u00e9s gy\u00e1rt\u00f3g\u00e9peinek fejleszt\u00e9s\u00e9re is.<\/p>\n<p>A b\u00f3csai v\u00e1llalat 2017-ben 11,04 milli\u00e1rd forintos nett\u00f3 \u00e1rbev\u00e9telt \u00e9rt el, szemben a 2016-os 10,232 milli\u00e1rddal. A B\u00e1cs-Kiskun megyei v\u00e1llalat jelenleg 271 embert foglalkoztat. A Poli-Farbe a tavalyi \u00fczleti \u00e9vben 44.555 tonna term\u00e9ket gy\u00e1rtott a magyar \u00e9s az eur\u00f3pai piacra. A dinamikus fejl\u0151d\u00e9sben tavaly is kulcsszerep jutott a diszperzi\u00f3s belt\u00e9ri feh\u00e9r falfest\u00e9keknek, amelyek \u00e9rt\u00e9kes\u00edt\u00e9se folyamatosan n\u00f6vekszik. A Poli-Farbe forgalm\u00e1nak mintegy 20%-\u00e1t teszik ki a homlokzati h\u0151szigetel\u00e9ssel \u00f6sszef\u00fcgg\u0151 term\u00e9kek.<\/p>\n<p>\u201eEgyre n\u0151 az ingatlanfel\u00faj\u00edt\u00e1si \u00e9s lak\u00e1sv\u00e1s\u00e1rl\u00e1si kedv, t\u00f6bb j\u00f6vedelem marad a lakoss\u00e1gn\u00e1l, \u00edgy b\u0151v\u00fcl\u00e9st \u00e9s egysz\u00e1mjegy\u0171 n\u00f6veked\u00e9st v\u00e1runk 2018-ra. Sz\u00e1mos szegmensben piacvezet\u0151i poz\u00edci\u00f3t \u00e9rt\u00fcnk el az elm\u00falt \u00e9vben, p\u00e9ld\u00e1ul a Poli-Farbe Platinum egyr\u00e9teg\u0171 \u00e9s csepeg\u00e9smentes falfest\u00e9k\u00fcnk vezet\u0151 szerepet t\u00f6lt be a belt\u00e9ri sz\u00ednes DIY-fest\u00e9kek piac\u00e1n. Meg\u00fajul\u00e1s\u00e1t a ker\u00e1mi\u00e1k vil\u00e1g\u00e1t id\u00e9z\u0151, \u00faj csomagol\u00e1ssal t\u00e1mogatjuk. Aktu\u00e1lis term\u00e9kfejleszt\u00e9s\u00fcnk a Poli-Farbe Platinum matt latex falfest\u00e9k, amely 100 szennyez\u0151d\u00e9snek is ellen\u00e1ll: nem csak lemoshat\u00f3, de d\u00f6rzs\u00f6lhet\u0151 is, \u00fagy, hogy a festett fel\u00fclet egy\u00e1ltal\u00e1n nem s\u00e9r\u00fcl. Seg\u00edts\u00e9g\u00e9vel jelent\u0151sen cs\u00f6kkenthet\u0151ek a fel\u00faj\u00edt\u00e1si k\u00f6lts\u00e9gek, hiszen \u00e9vekre biztos\u00edtja a tart\u00f3s \u00e9s sz\u00e9p fel\u00fcleteket\u201d \u2013 hangs\u00falyozta Szab\u00f3 Antal.<\/p>\n<p>A Poli-Farbe \u0151sszel b\u0151v\u00edtette b\u00f3csai telephely\u00e9n mintegy 926 milli\u00f3 forintos beruh\u00e1z\u00e1s keret\u00e9ben gy\u00e1rt\u00f3kapacit\u00e1s\u00e1t. Az ipar 4.0 korszer\u0171 technol\u00f3gi\u00e1j\u00e1t felhaszn\u00e1lva t\u00f6rt\u00e9nt a teljes automatiz\u00e1l\u00e1s, \u00e1m a v\u00e1llalaton bel\u00fcli \u00e1tcsoportos\u00edt\u00e1snak k\u00f6sz\u00f6nhet\u0151en munkahelyek nem sz\u0171ntek meg. Az \u00e9p\u00edt\u0151ipari fejleszt\u00e9snek k\u00f6sz\u00f6nhet\u0151en imm\u00e1r robotok gy\u00e1rtj\u00e1k a fest\u00e9ket, \u00e9s n\u00f6vekedni tudott a magyar fest\u00e9kek versenyk\u00e9pess\u00e9ge vil\u00e1gszerte. Az \u00fczemcsarnok, amelyben a robottechnol\u00f3gia \u00e9s a gy\u00e1rt\u00f3sor helyet kapott, szint\u00e9n EU-s t\u00e1mogat\u00e1sb\u00f3l val\u00f3sult meg 2013 v\u00e9g\u00e9n, t\u00f6bb mint 208 milli\u00f3 forintb\u00f3l. A komplex beruh\u00e1z\u00e1s \u00f6ssz\u00e9rt\u00e9ke \u00edgy meghaladta az 1,13 milli\u00e1rd forintot. A Poli-Farbe az \u00faj kapacit\u00e1sokra \u00e9p\u00edtve k\u00edv\u00e1nja n\u00f6velni export tev\u00e9kenys\u00e9g\u00e9t.<\/p>\n","protected":false},"excerpt":{"rendered":"<p>Forradalmas\u00edthatja a lak\u00e1sfel\u00faj\u00edt\u00e1st \u00e9s -f\u0171t\u00e9st a k\u00f6vetkez\u0151 \u00e9vtizedekben az a speci\u00e1lis falfest\u00e9k, amelynek fejleszt\u00e9s\u00e9be kezdett a Poli-Farbe Vegyipari Kft. \u00e9s a Budapesti M\u0171szaki \u00e9s Gazdas\u00e1gtudom\u00e1nyi Egyetem egyik tansz\u00e9k\u00e9nek szakember g\u00e1rd\u00e1ja. A f\u0171t\u0151fest\u00e9k cs\u00f6kkenti az otthonok \u00f6kol\u00f3giai l\u00e1bnyom\u00e1t, \u00e9s alkalmas a lak\u00e1sok, h\u00e1zak energiatakar\u00e9kos felmeleg\u00edt\u00e9s\u00e9re. A hazai tulajdonban l\u00e9v\u0151 b\u00f3csai fest\u00e9k- \u00e9s vakolatgy\u00e1r 2017-ben rekordforgalmat \u00e9rt &#8230;<\/p>\n","protected":false},"author":1,"featured_media":0,"comment_status":"closed","ping_status":"open","sticky":false,"template":"","format":"standard","meta":[],"categories":[19],"tags":[],"_links":{"self":[{"href":"https:\/\/gazdasagportal.hu\/index.php\/wp-json\/wp\/v2\/posts\/105225"}],"collection":[{"href":"https:\/\/gazdasagportal.hu\/index.php\/wp-json\/wp\/v2\/posts"}],"about":[{"href":"https:\/\/gazdasagportal.hu\/index.php\/wp-json\/wp\/v2\/types\/post"}],"author":[{"embeddable":true,"href":"https:\/\/gazdasagportal.hu\/index.php\/wp-json\/wp\/v2\/users\/1"}],"replies":[{"embeddable":true,"href":"https:\/\/gazdasagportal.hu\/index.php\/wp-json\/wp\/v2\/comments?post=105225"}],"version-history":[{"count":1,"href":"https:\/\/gazdasagportal.hu\/index.php\/wp-json\/wp\/v2\/posts\/105225\/revisions"}],"predecessor-version":[{"id":105226,"href":"https:\/\/gazdasagportal.hu\/index.php\/wp-json\/wp\/v2\/posts\/105225\/revisions\/105226"}],"wp:attachment":[{"href":"https:\/\/gazdasagportal.hu\/index.php\/wp-json\/wp\/v2\/media?parent=105225"}],"wp:term":[{"taxonomy":"category","embeddable":true,"href":"https:\/\/gazdasagportal.hu\/index.php\/wp-json\/wp\/v2\/categories?post=105225"},{"taxonomy":"post_tag","embeddable":true,"href":"https:\/\/gazdasagportal.hu\/index.php\/wp-json\/wp\/v2\/tags?post=105225"}],"curies":[{"name":"wp","href":"https:\/\/api.w.org\/{rel}","templated":true}]}}