{"id":105108,"date":"2018-05-06T11:20:42","date_gmt":"2018-05-06T09:20:42","guid":{"rendered":"http:\/\/gazdasagportal.hu\/?p=105108"},"modified":"2018-05-06T09:42:33","modified_gmt":"2018-05-06T07:42:33","slug":"heti-makronaptar-ipari-inflacios-kulkereskedelmi-adatok-varhatok-a-jovo-heten","status":"publish","type":"post","link":"https:\/\/gazdasagportal.hu\/index.php\/heti-makronaptar-ipari-inflacios-kulkereskedelmi-adatok-varhatok-a-jovo-heten\/","title":{"rendered":"Heti makronapt\u00e1r &#8211; Ipari, infl\u00e1ci\u00f3s, k\u00fclkereskedelmi adatok v\u00e1rhat\u00f3k a j\u00f6v\u0151 h\u00e9ten"},"content":{"rendered":"<p><strong>T\u00f6bb makrogazdas\u00e1gi adat is megjelenik a j\u00f6v\u0151 h\u00e9ten, \u00edgy az ipari termel\u00e9s m\u00e1rciusi adata, az \u00e1prilisi infl\u00e1ci\u00f3, tov\u00e1bb\u00e1 a k\u00fclkereskedelmi forgalom, az idegenforgalom vagy az \u00e9p\u00edt\u0151ipar m\u00e1rciusi teljes\u00edtm\u00e9ny\u00e9nek adatai.<\/strong><!--more--><\/p>\n<div class=\"ads-in-post1\"><div id=\"gazdasagportal.hu_fullbanner_wideboard\"><\/div>\r\n<\/div>\n<p>    Kedden k\u00f6zli a K\u00f6zponti Statisztikai Hivatal (KSH) a m\u00e1rciusi ipari termel\u00e9s els\u0151 becsl\u00e9s\u00e9t. Febru\u00e1rban az ipari termel\u00e9s volumene 4,1 sz\u00e1zal\u00e9kkal meghaladta az egy \u00e9vvel kor\u00e1bbit. A munkanaphat\u00e1st\u00f3l megtiszt\u00edtott index megegyezik a kiigaz\u00edtatlannal. Az el\u0151z\u0151 h\u00f3naphoz viszony\u00edtva a szezon\u00e1lisan \u00e9s munkanapt\u00e9nyez\u0151vel kiigaz\u00edtott ipari kibocs\u00e1t\u00e1s 0,5 sz\u00e1zal\u00e9kkal emelkedett. Janu\u00e1rban 6,9 sz\u00e1zal\u00e9kkal n\u0151tt az ipari termel\u00e9s. Az \u00e9v els\u0151 k\u00e9t h\u00f3napj\u00e1ban a termel\u00e9s 5,4 sz\u00e1zal\u00e9kkal nagyobb volt, mint az el\u0151z\u0151 \u00e9v azonos id\u0151szak\u00e1ban.<br \/>\n    Szerd\u00e1n teszi k\u00f6zz\u00e9 a KSH az infl\u00e1ci\u00f3 \u00e1prilisi adat\u00e1t. M\u00e1rciusban a fogyaszt\u00f3i \u00e1rak \u00e1tlagosan 2,0 sz\u00e1zal\u00e9kkal voltak magasabbak az egy \u00e9vvel kor\u00e1bbin\u00e1l, a legnagyobb m\u00e9rt\u00e9kben a szeszes italok, a doh\u00e1ny\u00e1ruk \u00e9s az \u00e9lelmiszerek \u00e1ra n\u0151tt. Febru\u00e1rhoz viszony\u00edtva \u00e1tlagosan 0,1 sz\u00e1zal\u00e9kkal emelkedtek az \u00e1rak. Az els\u0151 negyed\u00e9vben is 2,0 sz\u00e1zal\u00e9kkal n\u0151ttek a fogyaszt\u00f3i \u00e1rak az el\u0151z\u0151 \u00e9v azonos id\u0151szak\u00e1hoz k\u00e9pest.<br \/>\n<div class=\"ads-in-post2\"><script async src=\"https:\/\/pagead2.googlesyndication.com\/pagead\/js\/adsbygoogle.js\"><\/script>\r\n<ins class=\"adsbygoogle\"\r\n     style=\"display:block\"\r\n     data-ad-format=\"fluid\"\r\n     data-ad-layout-key=\"-6t+ed+2i-1n-4w\"\r\n     data-ad-client=\"ca-pub-1959107119989764\"\r\n     data-ad-slot=\"4008251320\"><\/ins>\r\n<script>\r\n     (adsbygoogle = window.adsbygoogle || []).push({});\r\n<\/script><\/div>\n    Cs\u00fct\u00f6rt\u00f6k\u00f6n jelenik meg a k\u00fclkereskedelmi forgalom m\u00e1rciusi adat\u00e1nak els\u0151 becsl\u00e9se. Febru\u00e1rban az export eur\u00f3ban kifejezett \u00e9rt\u00e9ke 5,2, az import\u00e9 4,8 sz\u00e1zal\u00e9kkal n\u0151tt az egy \u00e9vvel kor\u00e1bbihoz viszony\u00edtva. A k\u00fclkereskedelmi akt\u00edvum 75 milli\u00f3 eur\u00f3val n\u0151tt tavaly febru\u00e1rhoz k\u00e9pest. Az \u00e1prilis 9-\u00e9n kiadott els\u0151 becsl\u00e9s valamivel alacsonyabb, 5,0 sz\u00e1zal\u00e9kos export \u00e9s 4,5 sz\u00e1zal\u00e9kos importn\u00f6veked\u00e9st jelzett. Az egyenleg 3 milli\u00f3 eur\u00f3val lett nagyobb, \u00e9s el\u00e9rte a 841 milli\u00f3 eur\u00f3t, ami tavaly szeptember \u00f3ta a legt\u00f6bb.<br \/>\n    Szint\u00e9n cs\u00fct\u00f6rt\u00f6k\u00f6n k\u00f6zli a KSH a kereskedelmi sz\u00e1ll\u00e1shelyek m\u00e1rciusi \u00e9s els\u0151 negyed\u00e9ves forgalm\u00e1nak adatait. Febru\u00e1rban a k\u00fclf\u00f6ldi vend\u00e9gek sz\u00e1ma 6,4, az \u00e1ltaluk elt\u00f6lt\u00f6tt vend\u00e9g\u00e9jszak\u00e1k\u00e9 7,4 sz\u00e1zal\u00e9kkal n\u0151tt, a belf\u00f6ldi vend\u00e9gek sz\u00e1ma 10,4, az \u00e1ltaluk elt\u00f6lt\u00f6tt vend\u00e9g\u00e9jszak\u00e1k\u00e9 10,7 sz\u00e1zal\u00e9kkal emelkedett. \u00d6sszess\u00e9g\u00e9ben 8,5 sz\u00e1zal\u00e9kkal t\u00f6bb vend\u00e9g 9,0 sz\u00e1zal\u00e9kkal t\u00f6bb \u00e9jszak\u00e1t t\u00f6lt\u00f6tt el a magyarorsz\u00e1gi sz\u00e1ll\u00e1shelyeken.<br \/>\n    P\u00e9nteken a mez\u0151gazdas\u00e1gi termel\u0151i \u00e1rak \u00e9s az \u00e9p\u00edt\u0151ipari termel\u00e9s m\u00e1rciusi alakul\u00e1s\u00e1r\u00f3l is k\u00f6z\u00f6l statisztik\u00e1t a KSH. Az \u00e9p\u00edt\u0151ipari termel\u00e9s volumene febru\u00e1rban 26,0 sz\u00e1zal\u00e9kkal meghaladta az egy \u00e9vvel kor\u00e1bbit, a kiugr\u00f3 janu\u00e1ri 43,2 sz\u00e1zal\u00e9k ut\u00e1n. Az \u00e9p\u00fcletek \u00e9p\u00edt\u00e9s\u00e9nek volumene 19,8, az egy\u00e9b \u00e9p\u00edtm\u00e9nyek\u00e9 40,1 sz\u00e1zal\u00e9kkal n\u0151tt. Az el\u0151z\u0151 havihoz m\u00e9rten az \u00e9p\u00edt\u0151ipar termel\u00e9se 5,0 sz\u00e1zal\u00e9kkal cs\u00f6kkent a szezon\u00e1lisan \u00e9s munkanaphat\u00e1ssal kiigaz\u00edtott index szerint. Az \u00e9v els\u0151 k\u00e9t h\u00f3napj\u00e1ban az \u00e9p\u00edt\u0151ipari termel\u00e9s 33,5 sz\u00e1zal\u00e9kkal emelkedett a tavalyi \u00e9v azonos id\u0151szak\u00e1hoz hasonl\u00edtva. Az \u00e9p\u00edt\u0151ipari v\u00e1llalkoz\u00e1sok h\u00f3 v\u00e9gi szerz\u0151d\u00e9s\u00e1llom\u00e1ny\u00e1nak volumene febru\u00e1r v\u00e9g\u00e9n 92,4 sz\u00e1zal\u00e9kkal meghaladta az egy \u00e9vvel kor\u00e1bbit.(MTI)<\/p>\n","protected":false},"excerpt":{"rendered":"<p>T\u00f6bb makrogazdas\u00e1gi adat is megjelenik a j\u00f6v\u0151 h\u00e9ten, \u00edgy az ipari termel\u00e9s m\u00e1rciusi adata, az \u00e1prilisi infl\u00e1ci\u00f3, tov\u00e1bb\u00e1 a k\u00fclkereskedelmi forgalom, az idegenforgalom vagy az \u00e9p\u00edt\u0151ipar m\u00e1rciusi teljes\u00edtm\u00e9ny\u00e9nek adatai.<\/p>\n","protected":false},"author":1,"featured_media":0,"comment_status":"closed","ping_status":"open","sticky":false,"template":"","format":"standard","meta":[],"categories":[19],"tags":[],"_links":{"self":[{"href":"https:\/\/gazdasagportal.hu\/index.php\/wp-json\/wp\/v2\/posts\/105108"}],"collection":[{"href":"https:\/\/gazdasagportal.hu\/index.php\/wp-json\/wp\/v2\/posts"}],"about":[{"href":"https:\/\/gazdasagportal.hu\/index.php\/wp-json\/wp\/v2\/types\/post"}],"author":[{"embeddable":true,"href":"https:\/\/gazdasagportal.hu\/index.php\/wp-json\/wp\/v2\/users\/1"}],"replies":[{"embeddable":true,"href":"https:\/\/gazdasagportal.hu\/index.php\/wp-json\/wp\/v2\/comments?post=105108"}],"version-history":[{"count":1,"href":"https:\/\/gazdasagportal.hu\/index.php\/wp-json\/wp\/v2\/posts\/105108\/revisions"}],"predecessor-version":[{"id":105109,"href":"https:\/\/gazdasagportal.hu\/index.php\/wp-json\/wp\/v2\/posts\/105108\/revisions\/105109"}],"wp:attachment":[{"href":"https:\/\/gazdasagportal.hu\/index.php\/wp-json\/wp\/v2\/media?parent=105108"}],"wp:term":[{"taxonomy":"category","embeddable":true,"href":"https:\/\/gazdasagportal.hu\/index.php\/wp-json\/wp\/v2\/categories?post=105108"},{"taxonomy":"post_tag","embeddable":true,"href":"https:\/\/gazdasagportal.hu\/index.php\/wp-json\/wp\/v2\/tags?post=105108"}],"curies":[{"name":"wp","href":"https:\/\/api.w.org\/{rel}","templated":true}]}}