{"id":10499,"date":"2013-06-24T11:09:48","date_gmt":"2013-06-24T09:09:48","guid":{"rendered":"http:\/\/stockportal.hu\/?p=10499"},"modified":"2013-06-24T11:10:00","modified_gmt":"2013-06-24T09:10:00","slug":"visszafizeti-az-allami-segitsegnyujtast-es-toket-emel-az-erste-csoport","status":"publish","type":"post","link":"https:\/\/gazdasagportal.hu\/index.php\/visszafizeti-az-allami-segitsegnyujtast-es-toket-emel-az-erste-csoport\/","title":{"rendered":"Visszafizeti az \u00e1llami seg\u00edts\u00e9gny\u00fajt\u00e1st \u00e9s t\u0151k\u00e9t emel az Erste Csoport"},"content":{"rendered":"<p><strong>Visszafizeti a gazdas\u00e1gi v\u00e1ls\u00e1g cs\u00facs\u00e1n ig\u00e9nybe vett \u00e1llami \u00e9s mag\u00e1nhitelez\u0151i seg\u00edts\u00e9gny\u00fajt\u00e1st \u00e9s a tervek szerint t\u0151k\u00e9t emel az Erste Csoport a harmadik negyed\u00e9vben &#8211; jelentette be a bankcsoport h\u00e9tf\u0151n B\u00e9csben.<!--more--><\/strong><\/p>\n<p>A k\u00f6zlem\u00e9ny szerint az Erste Csoport vezet\u0151s\u00e9ge \u00e9s fel\u00fcgyel\u0151tan\u00e1csa \u00fagy d\u00f6nt\u00f6tt, hogy a p\u00e9nzint\u00e9zet 2013 harmadik negyed\u00e9v\u00e9ben teljes eg\u00e9sz\u00e9ben visszafizeti a m\u00e9g t\u00f6rlesztend\u0151 1,76 milli\u00e1rd eur\u00f3nyi seg\u00edts\u00e9gny\u00fajt\u00e1st, amit nem szavaz\u00f3 r\u00e9szjegyek (Partizipationskapital) form\u00e1j\u00e1ban vett ig\u00e9nybe. Az 1,76 milli\u00e1rd eur\u00f3b\u00f3l 1,205 milli\u00e1rd eur\u00f3 az osztr\u00e1k \u00e1llamt\u00f3l, 559 milli\u00f3 mag\u00e1nbefektet\u0151kt\u0151l sz\u00e1rmaz\u00f3 t\u0151ke.<br \/>\nA d\u00f6nt\u00e9st a visszafizet\u00e9ssel j\u00e1r\u00f3 kamatmegtakar\u00edt\u00e1ssal indokolt\u00e1k. A k\u00f6zlem\u00e9ny szerint a 2013-as t\u00f6rleszt\u00e9s a 2014-es \u00e9vben 149 milli\u00f3, 2015-ben 158 milli\u00f3, a k\u00f6vetkez\u0151 \u00e9vekben pedig m\u00e9g magasabb \u00f6sszeg\u0171 ad\u00f3z\u00e1s ut\u00e1ni megtakar\u00edt\u00e1st eredm\u00e9nyez.<br \/>\nBejelentett\u00e9k tov\u00e1bb\u00e1, hogy &#8222;a piaci k\u00f6rnyezet, valamint a vezet\u0151s\u00e9g \u00e9s a fel\u00fcgyel\u0151tan\u00e1cs j\u00f3v\u00e1hagy\u00e1s\u00e1t\u00f3l f\u00fcgg\u0151en&#8221; a csoport a harmadik negyed\u00e9vben k\u00f6r\u00fclbel\u00fcl 660 milli\u00f3 eur\u00f3s t\u0151keemel\u00e9st tervez v\u00e9grehajtani. Ezzel a bank v\u00e1rakoz\u00e1sai szerint 2014 v\u00e9g\u00e9ig teljes\u00fcl a c\u00e9lk\u00e9nt megjel\u00f6lt t\u00edz sz\u00e1zal\u00e9kos t\u00f6rzst\u0151kemutat\u00f3 (CET1-).<br \/>\nA bank v\u00e1rakoz\u00e1sa szerint a visszafizet\u00e9s \u00e9s a t\u0151keemel\u00e9s ellen\u00e9re is 2014-t\u0151l emelkedni fog az egy r\u00e9szv\u00e9nyre jut\u00f3 eredm\u00e9ny.<br \/>\nAz ad hoc k\u00f6zlem\u00e9nyben kit\u00e9rtek arra is, hogy 2013-ban az \u00fczemi eredm\u00e9ny legfeljebb \u00f6t sz\u00e1zal\u00e9kos cs\u00f6kken\u00e9s\u00e9vel sz\u00e1molnak, mert &#8222;a kevesebb \u00fczemi bev\u00e9telt csak r\u00e9szben ellens\u00falyozz\u00e1k az alacsonyabb m\u0171k\u00f6d\u00e9si k\u00f6lts\u00e9gek&#8221;.(MTI)<\/p>\n","protected":false},"excerpt":{"rendered":"<p>Visszafizeti a gazdas\u00e1gi v\u00e1ls\u00e1g cs\u00facs\u00e1n ig\u00e9nybe vett \u00e1llami \u00e9s mag\u00e1nhitelez\u0151i seg\u00edts\u00e9gny\u00fajt\u00e1st \u00e9s a tervek szerint t\u0151k\u00e9t emel az Erste Csoport a harmadik negyed\u00e9vben &#8211; jelentette be a bankcsoport h\u00e9tf\u0151n B\u00e9csben.<\/p>\n","protected":false},"author":1,"featured_media":0,"comment_status":"open","ping_status":"closed","sticky":false,"template":"","format":"standard","meta":[],"categories":[12],"tags":[],"_links":{"self":[{"href":"https:\/\/gazdasagportal.hu\/index.php\/wp-json\/wp\/v2\/posts\/10499"}],"collection":[{"href":"https:\/\/gazdasagportal.hu\/index.php\/wp-json\/wp\/v2\/posts"}],"about":[{"href":"https:\/\/gazdasagportal.hu\/index.php\/wp-json\/wp\/v2\/types\/post"}],"author":[{"embeddable":true,"href":"https:\/\/gazdasagportal.hu\/index.php\/wp-json\/wp\/v2\/users\/1"}],"replies":[{"embeddable":true,"href":"https:\/\/gazdasagportal.hu\/index.php\/wp-json\/wp\/v2\/comments?post=10499"}],"version-history":[{"count":3,"href":"https:\/\/gazdasagportal.hu\/index.php\/wp-json\/wp\/v2\/posts\/10499\/revisions"}],"predecessor-version":[{"id":10501,"href":"https:\/\/gazdasagportal.hu\/index.php\/wp-json\/wp\/v2\/posts\/10499\/revisions\/10501"}],"wp:attachment":[{"href":"https:\/\/gazdasagportal.hu\/index.php\/wp-json\/wp\/v2\/media?parent=10499"}],"wp:term":[{"taxonomy":"category","embeddable":true,"href":"https:\/\/gazdasagportal.hu\/index.php\/wp-json\/wp\/v2\/categories?post=10499"},{"taxonomy":"post_tag","embeddable":true,"href":"https:\/\/gazdasagportal.hu\/index.php\/wp-json\/wp\/v2\/tags?post=10499"}],"curies":[{"name":"wp","href":"https:\/\/api.w.org\/{rel}","templated":true}]}}