{"id":104900,"date":"2018-04-27T13:55:53","date_gmt":"2018-04-27T11:55:53","guid":{"rendered":"http:\/\/gazdasagportal.hu\/?p=104900"},"modified":"2018-04-27T13:55:53","modified_gmt":"2018-04-27T11:55:53","slug":"orban-viktor-lezarta-konzultacioit-a-kormanyalakitasrol","status":"publish","type":"post","link":"https:\/\/gazdasagportal.hu\/index.php\/orban-viktor-lezarta-konzultacioit-a-kormanyalakitasrol\/","title":{"rendered":"Orb\u00e1n Viktor lez\u00e1rta konzult\u00e1ci\u00f3it a korm\u00e1nyalak\u00edt\u00e1sr\u00f3l"},"content":{"rendered":"<p><strong>Orb\u00e1n Viktor minisztereln\u00f6k \u00c1der J\u00e1nos k\u00f6zt\u00e1rsas\u00e1gi eln\u00f6k felk\u00e9r\u00e9s\u00e9nek megfelel\u0151en az elm\u00falt napokban konzult\u00e1ci\u00f3t folytatott a korm\u00e1nyalak\u00edt\u00e1sr\u00f3l. A konzult\u00e1ci\u00f3s folyamat lez\u00e1rult, eredm\u00e9ny\u00e9r\u0151l a minisztereln\u00f6k t\u00e1j\u00e9koztat\u00e1st adott a Fidesz \u00e9s a KDNP eln\u00f6ks\u00e9g\u00e9nek. Magyarorsz\u00e1g \u00faj korm\u00e1nya az Orsz\u00e1ggy\u0171l\u00e9s alakul\u00f3 \u00fcl\u00e9s\u00e9t k\u00f6vet\u0151 hetekben \u00e1ll fel &#8211; olvashat\u00f3 Havasi Bertalan, a minisztereln\u00f6k sajt\u00f3f\u0151n\u00f6k\u00e9nek MTI-hez eljuttatott k\u00f6zlem\u00e9ny\u00e9ben.<\/strong><!--more--><\/p>\n<div class=\"ads-in-post1\"><div id=\"gazdasagportal.hu_fullbanner_wideboard\"><\/div>\r\n<\/div>\n<p>    Orb\u00e1n Viktor Semj\u00e9n Zsoltot nemzetpolitik\u00e1\u00e9rt, egyh\u00e1z\u00fcgyek\u00e9rt \u00e9s nemzetis\u00e9gek\u00e9rt felel\u0151s minisztereln\u00f6k-helyettesnek, Pint\u00e9r S\u00e1ndort bel\u00fcgyminiszternek, Varga Mih\u00e1lyt p\u00e9nz\u00fcgyminiszternek, Benk\u0151 Tibort honv\u00e9delmi miniszternek, B\u00e1rtfai-Mager Andre\u00e1t a nemzeti vagyon kezel\u00e9s\u00e9\u00e9rt felel\u0151s t\u00e1rca n\u00e9lk\u00fcli miniszternek javasolja.<br \/>\n    A korm\u00e1nyf\u0151 felk\u00e9rte Palkovics L\u00e1szl\u00f3t nemzeti innov\u00e1ci\u00f3s \u00e9s technol\u00f3giai miniszternek, Guly\u00e1s Gergelyt a Minisztereln\u00f6ks\u00e9get vezet\u0151 miniszternek, Rog\u00e1n Antalt a Minisztereln\u00f6ki Kabinetirod\u00e1t vezet\u0151 miniszternek, Tr\u00f3cs\u00e1nyi L\u00e1szl\u00f3t pedig igazs\u00e1g\u00fcgyi miniszternek. Nagy Istv\u00e1nt agr\u00e1r- \u00e9s vid\u00e9kfejleszt\u00e9si miniszternek, K\u00e1sler Mikl\u00f3st emberi er\u0151forr\u00e1sok\u00e9rt felel\u0151s miniszternek, Szijj\u00e1rt\u00f3 P\u00e9tert k\u00fclgazdas\u00e1gi \u00e9s k\u00fcl\u00fcgyminiszternek, S\u00fcli J\u00e1nost pedig a paksi atomer\u0151m\u0171 b\u0151v\u00edt\u00e9s\u00e9\u00e9rt felel\u0151s t\u00e1rca n\u00e9lk\u00fcli miniszternek javasolja Orb\u00e1n Viktor.<br \/>\n<div class=\"ads-in-post2\"><script async src=\"https:\/\/pagead2.googlesyndication.com\/pagead\/js\/adsbygoogle.js\"><\/script>\r\n<ins class=\"adsbygoogle\"\r\n     style=\"display:block\"\r\n     data-ad-format=\"fluid\"\r\n     data-ad-layout-key=\"-6t+ed+2i-1n-4w\"\r\n     data-ad-client=\"ca-pub-1959107119989764\"\r\n     data-ad-slot=\"4008251320\"><\/ins>\r\n<script>\r\n     (adsbygoogle = window.adsbygoogle || []).push({});\r\n<\/script><\/div>\n    A magyar emberek d\u00f6nt\u00e9s\u00e9nek megfelel\u0151en Magyarorsz\u00e1g \u00faj korm\u00e1nya nemzeti korm\u00e1ny lesz, mely Eur\u00f3pa \u00e9s Magyarorsz\u00e1g kereszt\u00e9ny \u00e9rt\u00e9keken alapul\u00f3 kult\u00far\u00e1j\u00e1nak meg\u0151rz\u00e9s\u00e9t, az orsz\u00e1g hat\u00e1rainak megv\u00e9d\u00e9s\u00e9t, a teljes foglalkoztatotts\u00e1g megteremt\u00e9s\u00e9t, a gyermekv\u00e1llal\u00e1s t\u00e1mogat\u00e1s\u00e1t \u00e9s haz\u00e1nk id\u0151s polg\u00e1rainak megbecs\u00fcl\u00e9s\u00e9t tartja els\u0151dleges feladat\u00e1nak &#8211; olvashat\u00f3 a k\u00f6zlem\u00e9nyben.(MTI)<\/p>\n","protected":false},"excerpt":{"rendered":"<p>Orb\u00e1n Viktor minisztereln\u00f6k \u00c1der J\u00e1nos k\u00f6zt\u00e1rsas\u00e1gi eln\u00f6k felk\u00e9r\u00e9s\u00e9nek megfelel\u0151en az elm\u00falt napokban konzult\u00e1ci\u00f3t folytatott a korm\u00e1nyalak\u00edt\u00e1sr\u00f3l. A konzult\u00e1ci\u00f3s folyamat lez\u00e1rult, eredm\u00e9ny\u00e9r\u0151l a minisztereln\u00f6k t\u00e1j\u00e9koztat\u00e1st adott a Fidesz \u00e9s a KDNP eln\u00f6ks\u00e9g\u00e9nek. Magyarorsz\u00e1g \u00faj korm\u00e1nya az Orsz\u00e1ggy\u0171l\u00e9s alakul\u00f3 \u00fcl\u00e9s\u00e9t k\u00f6vet\u0151 hetekben \u00e1ll fel &#8211; olvashat\u00f3 Havasi Bertalan, a minisztereln\u00f6k sajt\u00f3f\u0151n\u00f6k\u00e9nek MTI-hez eljuttatott k\u00f6zlem\u00e9ny\u00e9ben.<\/p>\n","protected":false},"author":1,"featured_media":0,"comment_status":"closed","ping_status":"open","sticky":false,"template":"","format":"standard","meta":[],"categories":[4],"tags":[],"_links":{"self":[{"href":"https:\/\/gazdasagportal.hu\/index.php\/wp-json\/wp\/v2\/posts\/104900"}],"collection":[{"href":"https:\/\/gazdasagportal.hu\/index.php\/wp-json\/wp\/v2\/posts"}],"about":[{"href":"https:\/\/gazdasagportal.hu\/index.php\/wp-json\/wp\/v2\/types\/post"}],"author":[{"embeddable":true,"href":"https:\/\/gazdasagportal.hu\/index.php\/wp-json\/wp\/v2\/users\/1"}],"replies":[{"embeddable":true,"href":"https:\/\/gazdasagportal.hu\/index.php\/wp-json\/wp\/v2\/comments?post=104900"}],"version-history":[{"count":1,"href":"https:\/\/gazdasagportal.hu\/index.php\/wp-json\/wp\/v2\/posts\/104900\/revisions"}],"predecessor-version":[{"id":104901,"href":"https:\/\/gazdasagportal.hu\/index.php\/wp-json\/wp\/v2\/posts\/104900\/revisions\/104901"}],"wp:attachment":[{"href":"https:\/\/gazdasagportal.hu\/index.php\/wp-json\/wp\/v2\/media?parent=104900"}],"wp:term":[{"taxonomy":"category","embeddable":true,"href":"https:\/\/gazdasagportal.hu\/index.php\/wp-json\/wp\/v2\/categories?post=104900"},{"taxonomy":"post_tag","embeddable":true,"href":"https:\/\/gazdasagportal.hu\/index.php\/wp-json\/wp\/v2\/tags?post=104900"}],"curies":[{"name":"wp","href":"https:\/\/api.w.org\/{rel}","templated":true}]}}