{"id":104898,"date":"2018-04-27T13:18:39","date_gmt":"2018-04-27T11:18:39","guid":{"rendered":"http:\/\/gazdasagportal.hu\/?p=104898"},"modified":"2018-04-27T13:18:39","modified_gmt":"2018-04-27T11:18:39","slug":"sajtoertesules-varso-sok-milliard-euroval-kevesebb-eu-tamogatashoz-juthat-2020-utan","status":"publish","type":"post","link":"https:\/\/gazdasagportal.hu\/index.php\/sajtoertesules-varso-sok-milliard-euroval-kevesebb-eu-tamogatashoz-juthat-2020-utan\/","title":{"rendered":"Sajt\u00f3\u00e9rtes\u00fcl\u00e9s: Vars\u00f3 sok milli\u00e1rd eur\u00f3val kevesebb EU-t\u00e1mogat\u00e1shoz juthat 2020 ut\u00e1n"},"content":{"rendered":"<p><strong>A Brexit (Nagy-Britannia Eur\u00f3pai Uni\u00f3b\u00f3l val\u00f3 kil\u00e9p\u00e9se) ut\u00e1ni uni\u00f3s k\u00f6lts\u00e9gvet\u00e9si keret \u00e1tstruktur\u00e1l\u00e1sa, valamint Lengyelorsz\u00e1g javul\u00f3 gazdas\u00e1gi helyzete miatt Vars\u00f3 sok milli\u00e1rd eur\u00f3val alacsonyabb uni\u00f3s t\u00e1mogat\u00e1shoz juthat 2020 ut\u00e1n, az EU k\u00f6vetkez\u0151 keretk\u00f6lts\u00e9gvet\u00e9s\u00e9nek h\u00e9t \u00e9v\u00e9ben &#8211; \u00e9rtes\u00fclt a PAP lengyel h\u00edr\u00fcgyn\u00f6ks\u00e9g, s a v\u00e1rhat\u00f3 drasztikus forr\u00e1scs\u00f6kken\u00e9sr\u0151l besz\u00e1molt p\u00e9nteken a Rzeczpospolita c\u00edm\u0171 napilap is.<\/strong><!--more--><\/p>\n<div class=\"ads-in-post1\"><div id=\"gazdasagportal.hu_fullbanner_wideboard\"><\/div>\r\n<\/div>\n<p>    A PAP h\u00edr\u00fcgyn\u00f6ks\u00e9g meg nem nevezett br\u00fcsszeli forr\u00e1sokra hivatkozva arr\u00f3l \u00edrt, hogy a 2021-2027-es id\u0151szakra vonatkoz\u00f3 uni\u00f3s k\u00f6lts\u00e9gvet\u00e9si tervezetnek az Eur\u00f3pai Bizotts\u00e1g \u00e1ltal m\u00e1jus 2-\u00e1n bemutatand\u00f3 keretsz\u00e1mai alapj\u00e1n Lengyelorsz\u00e1g \u00f6sszesen 80 milli\u00e1rd eur\u00f3ra sz\u00e1m\u00edthat majd, ami 25 milli\u00e1rd eur\u00f3val kevesebb a jelenlegi (2014-2020-as) h\u00e9t\u00e9ves keretn\u00e9l.<br \/>\n    A EU szeg\u00e9nyebb r\u00e9gi\u00f3inak felz\u00e1rk\u00f3ztat\u00e1s\u00e1t c\u00e9lz\u00f3 koh\u00e9zi\u00f3s alapokb\u00f3l Vars\u00f3 ak\u00e1r 8 milli\u00e1rd eur\u00f3val is kevesebbet kapna a mostanin\u00e1l a nem hivatalos becsl\u00e9sek szerint &#8211; \u00edrja a PAP.<br \/>\n    A Rzeczpospolita f\u00fcggetlen jobbk\u00f6z\u00e9p napilap cs\u00fct\u00f6rt\u00f6ki \u00e9rtes\u00fcl\u00e9se szerint a koh\u00e9zi\u00f3s alapokb\u00f3l Vars\u00f3 5-15 milli\u00e1rd eur\u00f3val kevesebbet kaphat. A lap a k\u00f6lts\u00e9gvet\u00e9si tervezet kisziv\u00e1rgott, jelenleg rendelkez\u00e9s\u00e9re \u00e1ll\u00f3 v\u00e1ltozat\u00e1ra hivatkozva meg\u00edrta: a 2021-2027-es id\u0151szak letelt\u00e9vel Lengyelorsz\u00e1g az uni\u00f3s k\u00f6lts\u00e9gvet\u00e9s nett\u00f3 befizet\u0151j\u00e9v\u00e9 v\u00e1lhat.<br \/>\n<div class=\"ads-in-post2\"><script async src=\"https:\/\/pagead2.googlesyndication.com\/pagead\/js\/adsbygoogle.js\"><\/script>\r\n<ins class=\"adsbygoogle\"\r\n     style=\"display:block\"\r\n     data-ad-format=\"fluid\"\r\n     data-ad-layout-key=\"-6t+ed+2i-1n-4w\"\r\n     data-ad-client=\"ca-pub-1959107119989764\"\r\n     data-ad-slot=\"4008251320\"><\/ins>\r\n<script>\r\n     (adsbygoogle = window.adsbygoogle || []).push({});\r\n<\/script><\/div>\n    Mindk\u00e9t sajt\u00f3forr\u00e1s \u00fagy tudja, hogy a Lengyelorsz\u00e1gnak j\u00e1r\u00f3 t\u00e1mogat\u00e1sok egyr\u00e9szt az\u00e9rt cs\u00f6kkenn\u00e9nek, mert az orsz\u00e1g t\u00f6bb r\u00e9gi\u00f3j\u00e1nak gazdas\u00e1gi fejletts\u00e9ge m\u00e1r el\u00e9rte az uni\u00f3s \u00e1tlagot, \u00edgy nem lesznek t\u00f6bb\u00e9 jogosultak a koh\u00e9zi\u00f3s forr\u00e1sok ig\u00e9nybe v\u00e9tel\u00e9re.<br \/>\n    Emellett a Brexit k\u00f6vetkezt\u00e9ben mintegy 60 milli\u00e1rd eur\u00f3val alacsonyabb lesz a tag\u00e1llamok \u00f6sszes befizet\u00e9se. A t\u00e1mogat\u00e1sokat ezenk\u00edv\u00fcl v\u00e1rhat\u00f3an \u00e1t is csoportos\u00edtj\u00e1k, a koh\u00e9zi\u00f3s alapok oda\u00edt\u00e9l\u00e9se pedig nemcsak a brutt\u00f3 hazai term\u00e9k (GDP) sz\u00e1maihoz lesz k\u00f6tve, hanem m\u00e1s, szoci\u00e1lis jelleg\u0171 mutat\u00f3khoz is, mint p\u00e9ld\u00e1ul a fiatalok munkan\u00e9lk\u00fclis\u00e9ge.<br \/>\n    A PAP \u00e1ltal id\u00e9zett forr\u00e1s r\u00e1mutat tov\u00e1bb\u00e1 arra, hogy az Eur\u00f3pai Bizotts\u00e1g kor\u00e1bbi bejelent\u00e9sei szerint az eszk\u00f6z\u00f6k egy r\u00e9sz\u00e9t a migr\u00e1ci\u00f3s v\u00e1ls\u00e1g kezel\u00e9s\u00e9re, k\u00fcls\u0151 hat\u00e1rv\u00e9delemre, a k\u00f6z\u00f6s v\u00e9delemre csoportos\u00edtan\u00e1k \u00e1t. A megv\u00e1ltozott oda\u00edt\u00e9l\u00e9si szempontok miatt a t\u00e1mogat\u00e1sok az eddigin\u00e9l nagyobb m\u00e9rt\u00e9kben juthatn\u00e1nak a d\u00e9l-eur\u00f3pai tag\u00e1llamoknak is.<br \/>\n    A t\u00e1mogat\u00e1sok oda\u00edt\u00e9l\u00e9s\u00e9t nem k\u00f6tik majd a jog\u00e1llamis\u00e1g helyzet\u00e9hez, ink\u00e1bb &#8222;a k\u00f6lts\u00e9gvet\u00e9s megval\u00f3s\u00edt\u00e1s\u00e1nak szab\u00e1lyoss\u00e1g\u00e1hoz&#8221; &#8211; \u00e9rtes\u00fclt a PAP. Inform\u00e1ci\u00f3i szerint m\u00e9g nem v\u00e1lt vil\u00e1goss\u00e1, milyen m\u00f3don k\u00f6tn\u00e9 \u00f6ssze az EB ezt a szab\u00e1lyt a jog\u00e1llami elvekkel.<br \/>\n    Lengyelorsz\u00e1gnak 2004 \u00f3ta, amikor tagja lett az EU-nak, \u00f6sszesen 143,7 milli\u00e1rd eur\u00f3t foly\u00f3s\u00edtottak az uni\u00f3s k\u00f6lts\u00e9gvet\u00e9sb\u0151l, mik\u00f6zben 47,3 milli\u00e1rd eur\u00f3t befizetett.<br \/>\n    A febru\u00e1ri EU-cs\u00facstal\u00e1lkoz\u00f3n Mateusz Morawiecki lengyel korm\u00e1nyf\u0151 a befizet\u00e9sek emel\u00e9s\u00e9t javasolta uni\u00f3s partnereinek, eszerint minden tag\u00e1llam a brutt\u00f3 nemzeti j\u00f6vedelem (GNI) 1,2 sz\u00e1zal\u00e9k\u00e1val j\u00e1rulna hozz\u00e1 a k\u00f6z\u00f6s uni\u00f3s k\u00f6lts\u00e9gvet\u00e9shez. Jelenleg a befizet\u00e9sek a GNI mintegy 1 sz\u00e1zal\u00e9k\u00e1t \u00e9rik el.<br \/>\n    Morawiecki az EU koh\u00e9zi\u00f3s politik\u00e1j\u00e1nak folytat\u00e1s\u00e1t szorgalmazza. Peter Pellegrini szlov\u00e1k korm\u00e1nyf\u0151vel egy\u00fctt szerd\u00e1n Vars\u00f3ban hangs\u00falyozt\u00e1k: b\u00e1r \u00e9rthet\u0151, hogy a Brexit ut\u00e1n korl\u00e1tozott lesz az uni\u00f3s k\u00f6lts\u00e9gvet\u00e9s, az \u00faj keretek k\u00f6z\u00f6tt is &#8222;min\u00e9l igazs\u00e1gosabb \u00e9s min\u00e9l szolid\u00e1risabb&#8221; megoszt\u00e1st kellene biztos\u00edtani az EU &#8222;r\u00e9gi&#8221; \u00e9s &#8222;\u00faj&#8221; tag\u00e1llamai k\u00f6z\u00f6tt.<br \/>\n(MTI)<\/p>\n","protected":false},"excerpt":{"rendered":"<p>A Brexit (Nagy-Britannia Eur\u00f3pai Uni\u00f3b\u00f3l val\u00f3 kil\u00e9p\u00e9se) ut\u00e1ni uni\u00f3s k\u00f6lts\u00e9gvet\u00e9si keret \u00e1tstruktur\u00e1l\u00e1sa, valamint Lengyelorsz\u00e1g javul\u00f3 gazdas\u00e1gi helyzete miatt Vars\u00f3 sok milli\u00e1rd eur\u00f3val alacsonyabb uni\u00f3s t\u00e1mogat\u00e1shoz juthat 2020 ut\u00e1n, az EU k\u00f6vetkez\u0151 keretk\u00f6lts\u00e9gvet\u00e9s\u00e9nek h\u00e9t \u00e9v\u00e9ben &#8211; \u00e9rtes\u00fclt a PAP lengyel h\u00edr\u00fcgyn\u00f6ks\u00e9g, s a v\u00e1rhat\u00f3 drasztikus forr\u00e1scs\u00f6kken\u00e9sr\u0151l besz\u00e1molt p\u00e9nteken a Rzeczpospolita c\u00edm\u0171 napilap is.<\/p>\n","protected":false},"author":1,"featured_media":0,"comment_status":"closed","ping_status":"open","sticky":false,"template":"","format":"standard","meta":[],"categories":[12,246],"tags":[],"_links":{"self":[{"href":"https:\/\/gazdasagportal.hu\/index.php\/wp-json\/wp\/v2\/posts\/104898"}],"collection":[{"href":"https:\/\/gazdasagportal.hu\/index.php\/wp-json\/wp\/v2\/posts"}],"about":[{"href":"https:\/\/gazdasagportal.hu\/index.php\/wp-json\/wp\/v2\/types\/post"}],"author":[{"embeddable":true,"href":"https:\/\/gazdasagportal.hu\/index.php\/wp-json\/wp\/v2\/users\/1"}],"replies":[{"embeddable":true,"href":"https:\/\/gazdasagportal.hu\/index.php\/wp-json\/wp\/v2\/comments?post=104898"}],"version-history":[{"count":1,"href":"https:\/\/gazdasagportal.hu\/index.php\/wp-json\/wp\/v2\/posts\/104898\/revisions"}],"predecessor-version":[{"id":104899,"href":"https:\/\/gazdasagportal.hu\/index.php\/wp-json\/wp\/v2\/posts\/104898\/revisions\/104899"}],"wp:attachment":[{"href":"https:\/\/gazdasagportal.hu\/index.php\/wp-json\/wp\/v2\/media?parent=104898"}],"wp:term":[{"taxonomy":"category","embeddable":true,"href":"https:\/\/gazdasagportal.hu\/index.php\/wp-json\/wp\/v2\/categories?post=104898"},{"taxonomy":"post_tag","embeddable":true,"href":"https:\/\/gazdasagportal.hu\/index.php\/wp-json\/wp\/v2\/tags?post=104898"}],"curies":[{"name":"wp","href":"https:\/\/api.w.org\/{rel}","templated":true}]}}