{"id":104867,"date":"2018-04-26T15:27:55","date_gmt":"2018-04-26T13:27:55","guid":{"rendered":"http:\/\/gazdasagportal.hu\/?p=104867"},"modified":"2018-04-26T15:27:55","modified_gmt":"2018-04-26T13:27:55","slug":"nagyot-csokkent-a-munkanelkuli-segelykerelmek-szama-az-egyesult-allamokban-2","status":"publish","type":"post","link":"https:\/\/gazdasagportal.hu\/index.php\/nagyot-csokkent-a-munkanelkuli-segelykerelmek-szama-az-egyesult-allamokban-2\/","title":{"rendered":"Nagyot cs\u00f6kkent a munkan\u00e9lk\u00fcli seg\u00e9lyk\u00e9relmek sz\u00e1ma az Egyes\u00fclt \u00c1llamokban"},"content":{"rendered":"<p><strong>Nem v\u00e1rt m\u00e9rt\u00e9kben, az elm\u00falt h\u00e9ten k\u00f6zel \u00f6tven \u00e9ve a legkevesebbre cs\u00f6kkent az els\u0151 alkalommal munkan\u00e9lk\u00fcli seg\u00e9ly\u00e9rt folyamod\u00f3k sz\u00e1ma az Egyes\u00fclt \u00c1llamokban a washingtoni munka\u00fcgyi miniszt\u00e9rium cs\u00fct\u00f6rt\u00f6k\u00f6n k\u00f6zz\u00e9tett kimutat\u00e1sa szerint.<\/strong><!--more--><\/p>\n<div class=\"ads-in-post1\"><div id=\"gazdasagportal.hu_fullbanner_wideboard\"><\/div>\r\n<\/div>\n<p>Az elm\u00falt h\u00e9ten 209 ezren folyamodtak els\u0151 alkalommal munkan\u00e9lk\u00fcli seg\u00e9ly\u00e9rt, 24 ezerrel kevesebben az el\u0151z\u0151 heti 233 ezern\u00e9l.<br \/>\nA m\u00falt h\u00e9ten beny\u00fajtott seg\u00e9lyk\u00e9relmek sz\u00e1ma a legalacsonyabb az 1969 december eleji 202 ezer \u00f3ta.<br \/>\nA beny\u00fajtott k\u00e9relmek n\u00e9gy heti g\u00f6rd\u00fcl\u0151\u00e1tlaga 229 250 lett, 2250-nel alacsonyabb az el\u0151z\u0151 hetin\u00e9l. (MTI)<br \/>\n<strong><a title=\"Hely megnyit\u00e1sa\" href=\"https:\/\/www.dol.gov\/sites\/default\/files\/documents\/newsroom\/releases\/eta\/20180660.pdf\" target=\"_blank\" rel=\"noopener noreferrer\">https:\/\/www.dol.gov\/sites\/default\/files\/documents\/newsroom\/releases\/eta\/20180660.pdf<\/a><\/strong><\/p>\n<p>&nbsp;<br \/>\n<div class=\"ads-in-post2\"><script async src=\"https:\/\/pagead2.googlesyndication.com\/pagead\/js\/adsbygoogle.js\"><\/script>\r\n<ins class=\"adsbygoogle\"\r\n     style=\"display:block\"\r\n     data-ad-format=\"fluid\"\r\n     data-ad-layout-key=\"-6t+ed+2i-1n-4w\"\r\n     data-ad-client=\"ca-pub-1959107119989764\"\r\n     data-ad-slot=\"4008251320\"><\/ins>\r\n<script>\r\n     (adsbygoogle = window.adsbygoogle || []).push({});\r\n<\/script><\/div>\n","protected":false},"excerpt":{"rendered":"<p>Nem v\u00e1rt m\u00e9rt\u00e9kben, az elm\u00falt h\u00e9ten k\u00f6zel \u00f6tven \u00e9ve a legkevesebbre cs\u00f6kkent az els\u0151 alkalommal munkan\u00e9lk\u00fcli seg\u00e9ly\u00e9rt folyamod\u00f3k sz\u00e1ma az Egyes\u00fclt \u00c1llamokban a washingtoni munka\u00fcgyi miniszt\u00e9rium cs\u00fct\u00f6rt\u00f6k\u00f6n k\u00f6zz\u00e9tett kimutat\u00e1sa szerint.<\/p>\n","protected":false},"author":1,"featured_media":0,"comment_status":"closed","ping_status":"open","sticky":false,"template":"","format":"standard","meta":[],"categories":[246],"tags":[],"_links":{"self":[{"href":"https:\/\/gazdasagportal.hu\/index.php\/wp-json\/wp\/v2\/posts\/104867"}],"collection":[{"href":"https:\/\/gazdasagportal.hu\/index.php\/wp-json\/wp\/v2\/posts"}],"about":[{"href":"https:\/\/gazdasagportal.hu\/index.php\/wp-json\/wp\/v2\/types\/post"}],"author":[{"embeddable":true,"href":"https:\/\/gazdasagportal.hu\/index.php\/wp-json\/wp\/v2\/users\/1"}],"replies":[{"embeddable":true,"href":"https:\/\/gazdasagportal.hu\/index.php\/wp-json\/wp\/v2\/comments?post=104867"}],"version-history":[{"count":1,"href":"https:\/\/gazdasagportal.hu\/index.php\/wp-json\/wp\/v2\/posts\/104867\/revisions"}],"predecessor-version":[{"id":104868,"href":"https:\/\/gazdasagportal.hu\/index.php\/wp-json\/wp\/v2\/posts\/104867\/revisions\/104868"}],"wp:attachment":[{"href":"https:\/\/gazdasagportal.hu\/index.php\/wp-json\/wp\/v2\/media?parent=104867"}],"wp:term":[{"taxonomy":"category","embeddable":true,"href":"https:\/\/gazdasagportal.hu\/index.php\/wp-json\/wp\/v2\/categories?post=104867"},{"taxonomy":"post_tag","embeddable":true,"href":"https:\/\/gazdasagportal.hu\/index.php\/wp-json\/wp\/v2\/tags?post=104867"}],"curies":[{"name":"wp","href":"https:\/\/api.w.org\/{rel}","templated":true}]}}