{"id":104861,"date":"2018-04-26T13:38:11","date_gmt":"2018-04-26T11:38:11","guid":{"rendered":"http:\/\/gazdasagportal.hu\/?p=104861"},"modified":"2018-04-26T13:38:11","modified_gmt":"2018-04-26T11:38:11","slug":"asz-szabalytalansagok-a-magyar-allamkincstarnal","status":"publish","type":"post","link":"https:\/\/gazdasagportal.hu\/index.php\/asz-szabalytalansagok-a-magyar-allamkincstarnal\/","title":{"rendered":"\u00c1SZ: szab\u00e1lytalans\u00e1gok a Magyar \u00c1llamkincst\u00e1rn\u00e1l"},"content":{"rendered":"<p><strong>Nem biztos\u00edtotta az elsz\u00e1moltathat\u00f3s\u00e1got a Magyar \u00c1llamkincst\u00e1r (M\u00c1K) vezet\u0151i ir\u00e1ny\u00edt\u00e1si rendszere 2013 \u00e9s 2015 k\u00f6z\u00f6tt, \u00e9s nem volt megfelel\u0151 a vagyongazd\u00e1lkod\u00e1si tev\u00e9kenys\u00e9ge sem &#8211; k\u00f6z\u00f6lte az \u00c1llami Sz\u00e1mvev\u0151sz\u00e9k f\u0151titk\u00e1ra cs\u00fct\u00f6rt\u00f6k\u00f6n Budapesten, sajt\u00f3t\u00e1j\u00e9koztat\u00f3n.<\/strong><!--more--><\/p>\n<div class=\"ads-in-post1\"><div id=\"gazdasagportal.hu_fullbanner_wideboard\"><\/div>\r\n<\/div>\n<p>    Holman Magdolna hozz\u00e1tette: a M\u00c1K az informatikai rendszerekkel \u00f6sszef\u00fcgg\u0151 feladatainak egy r\u00e9sz\u00e9t nem l\u00e1tta el szab\u00e1lyszer\u0171en, illetve a Nemzetgazdas\u00e1gi Miniszt\u00e9rium ir\u00e1ny\u00edt\u00f3 szervi feladatell\u00e1t\u00e1sa sem volt szab\u00e1lyszer\u0171. A f\u0151titk\u00e1r megjegyezte ugyanakkor: a M\u00c1K p\u00e9nz\u00fcgyi gazd\u00e1lkod\u00e1sa a jogszab\u00e1lyi el\u0151\u00edr\u00e1soknak megfelelt.<br \/>\n    A hi\u00e1nyoss\u00e1gok megsz\u00fcntet\u00e9s\u00e9re az \u00c1SZ a kincst\u00e1r eln\u00f6k\u00e9nek tizenhat, a nemzetgazdas\u00e1gi miniszternek h\u00e1rom javaslatot fogalmazott meg &#8211; jegyezte meg a f\u0151titk\u00e1r, utalva arra, hogy harminc napon bel\u00fcl int\u00e9zked\u00e9si tervet kell kidolgozniuk az \u00e9rintetteknek.<br \/>\n    Holman Magdolna hangs\u00falyozta, ellen\u0151rz\u00e9s\u00fckkel t\u00e1mogatni k\u00edv\u00e1nj\u00e1k a szab\u00e1lytalans\u00e1gok kijav\u00edt\u00e1s\u00e1ban a kincst\u00e1r 2017 november\u00e9t\u0151l hivatalba l\u00e9pett \u00faj vezet\u00e9s\u00e9t.<br \/>\n<div class=\"ads-in-post2\"><script async src=\"https:\/\/pagead2.googlesyndication.com\/pagead\/js\/adsbygoogle.js\"><\/script>\r\n<ins class=\"adsbygoogle\"\r\n     style=\"display:block\"\r\n     data-ad-format=\"fluid\"\r\n     data-ad-layout-key=\"-6t+ed+2i-1n-4w\"\r\n     data-ad-client=\"ca-pub-1959107119989764\"\r\n     data-ad-slot=\"4008251320\"><\/ins>\r\n<script>\r\n     (adsbygoogle = window.adsbygoogle || []).push({});\r\n<\/script><\/div>\n    A M\u00c1K m\u0171k\u00f6d\u00e9s\u00e9r\u0151l a sz\u00e1mvev\u0151sz\u00e9k egy elemz\u00e9st is k\u00e9sz\u00edtett a 2008 \u00e9s 2016 k\u00f6z\u00f6tti \u00e9vekre vonatkoz\u00f3an, amelynek tapasztalatair\u00f3l szint\u00e9n a cs\u00fct\u00f6rt\u00f6ki sajt\u00f3t\u00e1j\u00e9koztat\u00f3n sz\u00e1moltak be.<br \/>\n    A nyolc \u00e9vre kitekint\u0151 elemz\u00e9s f\u0151bb meg\u00e1llap\u00edt\u00e1saib\u00f3l a f\u0151titk\u00e1r kiemelte: a M\u00c1K p\u00e9nz\u00fcgyi gazd\u00e1lkod\u00e1sa javul\u00f3 tendenci\u00e1t mutatott, 2011-t\u0151l tekinthet\u0151 szab\u00e1lyszer\u0171nek, a vagyongazd\u00e1lkod\u00e1s min\u0151s\u00e9ge ugyanakkor romlott, 2013-t\u00f3l nem felelt meg a szab\u00e1lyoknak. A f\u0151titk\u00e1r r\u00e1mutatott: kiemelt kock\u00e1zatokat azonos\u00edtottak az informatikai rendszerek biztons\u00e1ga ter\u00fclet\u00e9n.<br \/>\n    Pet\u0151 Krisztina fel\u00fcgyeleti vezet\u0151 kiemelte: a M\u00c1K-n\u00e1l hi\u00e1nyoztak p\u00e9ld\u00e1ul munkak\u00f6ri le\u00edr\u00e1sok, nem biztos\u00edtott\u00e1k egyes informatikai rendszerek adatainak a v\u00e9delm\u00e9t, tov\u00e1bb\u00e1 a bels\u0151 ellen\u0151r\u00f6k funkcion\u00e1lis f\u00fcggetlens\u00e9g\u00e9t.<br \/>\n    Nemcsak a mostani jelent\u00e9s, de a kor\u00e1bbi ellen\u0151rz\u00e9sek is azt mutatt\u00e1k, hogy hi\u00e1ba t\u00e1rja fel az \u00c1SZ a M\u00c1K-n\u00e1l a hi\u00e1nyoss\u00e1gokat, azokat nem sz\u00fcntetik meg &#8211; mondta a fel\u00fcgyeleti vezet\u0151.<br \/>\n    A sajt\u00f3 k\u00e9rd\u00e9s\u00e9re Holman Magdolna meger\u0151s\u00edtette, hogy a hi\u00e1nyoss\u00e1gok megsz\u00fcntet\u00e9s\u00e9nek elmarad\u00e1sa a kor\u00e1bbi vezet\u00e9s sz\u00e1ml\u00e1j\u00e1ra \u00edrhat\u00f3, a mulaszt\u00e1sok azonban nem olyan term\u00e9szet\u0171ek, hogy feljelent\u00e9st kellene tenni\u00fck.(MTI)<\/p>\n","protected":false},"excerpt":{"rendered":"<p>Nem biztos\u00edtotta az elsz\u00e1moltathat\u00f3s\u00e1got a Magyar \u00c1llamkincst\u00e1r (M\u00c1K) vezet\u0151i ir\u00e1ny\u00edt\u00e1si rendszere 2013 \u00e9s 2015 k\u00f6z\u00f6tt, \u00e9s nem volt megfelel\u0151 a vagyongazd\u00e1lkod\u00e1si tev\u00e9kenys\u00e9ge sem &#8211; k\u00f6z\u00f6lte az \u00c1llami Sz\u00e1mvev\u0151sz\u00e9k f\u0151titk\u00e1ra cs\u00fct\u00f6rt\u00f6k\u00f6n Budapesten, sajt\u00f3t\u00e1j\u00e9koztat\u00f3n.<\/p>\n","protected":false},"author":1,"featured_media":0,"comment_status":"closed","ping_status":"open","sticky":false,"template":"","format":"standard","meta":[],"categories":[4,19],"tags":[],"_links":{"self":[{"href":"https:\/\/gazdasagportal.hu\/index.php\/wp-json\/wp\/v2\/posts\/104861"}],"collection":[{"href":"https:\/\/gazdasagportal.hu\/index.php\/wp-json\/wp\/v2\/posts"}],"about":[{"href":"https:\/\/gazdasagportal.hu\/index.php\/wp-json\/wp\/v2\/types\/post"}],"author":[{"embeddable":true,"href":"https:\/\/gazdasagportal.hu\/index.php\/wp-json\/wp\/v2\/users\/1"}],"replies":[{"embeddable":true,"href":"https:\/\/gazdasagportal.hu\/index.php\/wp-json\/wp\/v2\/comments?post=104861"}],"version-history":[{"count":1,"href":"https:\/\/gazdasagportal.hu\/index.php\/wp-json\/wp\/v2\/posts\/104861\/revisions"}],"predecessor-version":[{"id":104862,"href":"https:\/\/gazdasagportal.hu\/index.php\/wp-json\/wp\/v2\/posts\/104861\/revisions\/104862"}],"wp:attachment":[{"href":"https:\/\/gazdasagportal.hu\/index.php\/wp-json\/wp\/v2\/media?parent=104861"}],"wp:term":[{"taxonomy":"category","embeddable":true,"href":"https:\/\/gazdasagportal.hu\/index.php\/wp-json\/wp\/v2\/categories?post=104861"},{"taxonomy":"post_tag","embeddable":true,"href":"https:\/\/gazdasagportal.hu\/index.php\/wp-json\/wp\/v2\/tags?post=104861"}],"curies":[{"name":"wp","href":"https:\/\/api.w.org\/{rel}","templated":true}]}}