{"id":104830,"date":"2018-04-25T15:35:10","date_gmt":"2018-04-25T13:35:10","guid":{"rendered":"http:\/\/gazdasagportal.hu\/?p=104830"},"modified":"2018-04-25T14:36:25","modified_gmt":"2018-04-25T12:36:25","slug":"julius-elsejetol-dragul-a-taxizas","status":"publish","type":"post","link":"https:\/\/gazdasagportal.hu\/index.php\/julius-elsejetol-dragul-a-taxizas\/","title":{"rendered":"J\u00falius elsej\u00e9t\u0151l dr\u00e1gul a taxiz\u00e1s"},"content":{"rendered":"<p><strong>J\u00falius elsej\u00e9t\u0151l dr\u00e1g\u00e1bb lesz Budapesten taxival utazni: a jelenlegi 450 forintos alapd\u00edj 700 forintra emelkedik, a kilom\u00e9terd\u00edj 20 forinttal, a percenk\u00e9nti v\u00e1rakoz\u00e1si d\u00edj pedig 5 forinttal n\u0151 a F\u0151v\u00e1rosi K\u00f6zgy\u0171l\u00e9s szerdai d\u00f6nt\u00e9se \u00e9rtelm\u00e9ben.<\/strong><!--more--><\/p>\n<div class=\"ads-in-post1\"><div id=\"gazdasagportal.hu_fullbanner_wideboard\"><\/div>\r\n<\/div>\n<p>    A taxisok javaslat\u00e1ra m\u00f3dos\u00edtott rendelet szerint j\u00falius elsej\u00e9t\u0151l a kilom\u00e9terd\u00edj 280-r\u00f3l 300 forintra, a percenk\u00e9nti v\u00e1rakoz\u00e1si d\u00edj pedig 70-r\u0151l 75 forintra n\u0151.<br \/>\n    A Szeneczey Bal\u00e1zs f\u0151polg\u00e1rmester-helyettes \u00e1ltal jegyzett javaslatot 18 igen szavazattal 5 nem ellen\u00e9ben, 5 tart\u00f3zkod\u00e1s mellett fogadta el a test\u00fclet.<br \/>\n    A d\u00f6nt\u00e9s el\u0151tti vit\u00e1ban Szeneczey Bal\u00e1zs elmondta, hogy az elm\u00falt f\u00e9l \u00e9vben a Budapesti Kereskedelmi \u00e9s Iparkamara (BKIK), a fuvarszervez\u0151 c\u00e9gek \u00e9s a taxis \u00e9rdekk\u00e9pviseletek k\u00e9pvisel\u0151i k\u00f6z\u00f6tt rendszeres t\u00e1rgyal\u00e1sok zajlottak, \u00e9s olyan konszenzus sz\u00fcletett, amelyet a taxisok d\u00f6nt\u0151 t\u00f6bbs\u00e9ge elfogad.<br \/>\n    A f\u0151polg\u00e1rmester-helyettes hangs\u00falyozta, a 2013 \u00f3ta v\u00e1ltozatlan tarif\u00e1k kisebb m\u00e9rt\u00e9kben emelkednek, mint ahogy azt eredetileg a taxisok kezdem\u00e9nyezt\u00e9k.<br \/>\n    Sipeki J\u00f3zsef, a BKIK ipartest\u00fcleti tagozat\u00e1nak k\u00e9pvisel\u0151je kifejtette, a fuvarszervez\u0151 t\u00e1rsas\u00e1gok felm\u00e9r\u00e9se szerint a taxisok 87 sz\u00e1zal\u00e9ka egyet\u00e9rtett a tarifaemel\u00e9ssel, amelyet p\u00e9ld\u00e1ul a szigorod\u00f3 g\u00e9pkocsi-k\u00f6vetelm\u00e9nyek, a dr\u00e1gul\u00f3 biztos\u00edt\u00e1sok \u00e9s az online p\u00e9nzt\u00e1rg\u00e9p bevezet\u00e9se is indokol.<br \/>\n<div class=\"ads-in-post2\"><script async src=\"https:\/\/pagead2.googlesyndication.com\/pagead\/js\/adsbygoogle.js\"><\/script>\r\n<ins class=\"adsbygoogle\"\r\n     style=\"display:block\"\r\n     data-ad-format=\"fluid\"\r\n     data-ad-layout-key=\"-6t+ed+2i-1n-4w\"\r\n     data-ad-client=\"ca-pub-1959107119989764\"\r\n     data-ad-slot=\"4008251320\"><\/ins>\r\n<script>\r\n     (adsbygoogle = window.adsbygoogle || []).push({});\r\n<\/script><\/div>\n    A BKIK k\u00e9pvisel\u0151je \u00e1ltal\u00e1nos tapasztalatk\u00e9nt eml\u00edtette, hogy a f\u0151v\u00e1rosban egyre nehezebb taxit kapni, ami azt jelzi, nem \u00e9ri meg taxis v\u00e1llalkoz\u00e1st ind\u00edtani, annak j\u00f6vedelmez\u0151s\u00e9ge ugyanis egyre kisebb. Sipeki J\u00f3zsef szerint ez\u00e9rt \u00f6sszess\u00e9g\u00e9ben &#8211; a negat\u00edv sajt\u00f3visszhang ellen\u00e9re is &#8211; elfogadhat\u00f3nak nevezhet\u0151 az \u00e1tlagos fuvarra vet\u00edtve 10 sz\u00e1zal\u00e9kos tarifaemel\u00e9s.<br \/>\n    Szaniszl\u00f3 S\u00e1ndor, az MSZP k\u00e9pvisel\u0151je ezzel szemben elfogadhatatlannak nevezte az emel\u00e9st, szerinte ugyanis a f\u0151v\u00e1rosnak arra kellene t\u00f6rekednie, hogy a fuvarszervez\u0151k olcs\u00f3bban is biztos\u00edthass\u00e1k a szolg\u00e1ltat\u00e1sukat.<br \/>\n    Gy. N\u00e9meth Erzs\u00e9bet, a DK k\u00e9pvisel\u0151je arra k\u00e9rte a f\u0151polg\u00e1rmestert, ne engedjen a taxisok nyom\u00e1s\u00e1nak, \u00e9s vonja vissza a javaslatot.<br \/>\n    Tarl\u00f3s Istv\u00e1n v\u00e1lasz\u00e1ban \u00fagy fogalmazott, fanyalogva fogadja azon ellenz\u00e9ki p\u00e1rtok kritik\u00e1it, amelyek v\u00e1rosvezet\u00e9s\u00fck ideje alatt nem akartak, illetve nem mertek hozz\u00e1ny\u00falni ehhez a k\u00e9rd\u00e9shez. K\u00f6z\u00f6lte azt is, hogy nem z\u00e1rk\u00f3znak el a taxirendelet tov\u00e1bbi finom\u00edt\u00e1s\u00e1nak lehet\u0151s\u00e9g\u00e9t\u0151l.<br \/>\n    A f\u0151polg\u00e1rmester el\u0151z\u0151leg, m\u00e9g a napirendr\u0151l sz\u00f3l\u00f3 vit\u00e1ban sz\u00f3lt arr\u00f3l, hogy a d\u00edjemel\u00e9st nem a f\u0151v\u00e1ros kezdem\u00e9nyezte, az nem \u00e9rdeke, de &#8211; mondta &#8211; \u00fagy voltak vele, hogy a taxisok \u00e1ltal kezdem\u00e9nyezett d\u00edjemel\u00e9s az \u0151 kock\u00e1zatuk, ezzel a saj\u00e1t piacukat befoly\u00e1solj\u00e1k.<br \/>\n    Met\u00e1l Zolt\u00e1n, az Orsz\u00e1gos Taxis Sz\u00f6vets\u00e9g eln\u00f6ke felsz\u00f3lal\u00e1sban meger\u0151s\u00edtette, a most javasoltn\u00e1l kicsivel magasabb emel\u00e9st szerettek volna, de elfogadt\u00e1k a v\u00e1ros vezet\u0151inek az utasokat v\u00e9d\u0151 \u00e9rveit. K\u00f6z\u00f6lte tov\u00e1bb\u00e1, hogy a tizenk\u00e9n nagy budapesti fuvarszervez\u0151 c\u00e9gb\u0151l csak egy nem \u00e9rtett egyet a tarifaemel\u00e9ssel.(MTI)<\/p>\n","protected":false},"excerpt":{"rendered":"<p>J\u00falius elsej\u00e9t\u0151l dr\u00e1g\u00e1bb lesz Budapesten taxival utazni: a jelenlegi 450 forintos alapd\u00edj 700 forintra emelkedik, a kilom\u00e9terd\u00edj 20 forinttal, a percenk\u00e9nti v\u00e1rakoz\u00e1si d\u00edj pedig 5 forinttal n\u0151 a F\u0151v\u00e1rosi K\u00f6zgy\u0171l\u00e9s szerdai d\u00f6nt\u00e9se \u00e9rtelm\u00e9ben.<\/p>\n","protected":false},"author":1,"featured_media":0,"comment_status":"closed","ping_status":"open","sticky":false,"template":"","format":"standard","meta":[],"categories":[4,19],"tags":[],"_links":{"self":[{"href":"https:\/\/gazdasagportal.hu\/index.php\/wp-json\/wp\/v2\/posts\/104830"}],"collection":[{"href":"https:\/\/gazdasagportal.hu\/index.php\/wp-json\/wp\/v2\/posts"}],"about":[{"href":"https:\/\/gazdasagportal.hu\/index.php\/wp-json\/wp\/v2\/types\/post"}],"author":[{"embeddable":true,"href":"https:\/\/gazdasagportal.hu\/index.php\/wp-json\/wp\/v2\/users\/1"}],"replies":[{"embeddable":true,"href":"https:\/\/gazdasagportal.hu\/index.php\/wp-json\/wp\/v2\/comments?post=104830"}],"version-history":[{"count":1,"href":"https:\/\/gazdasagportal.hu\/index.php\/wp-json\/wp\/v2\/posts\/104830\/revisions"}],"predecessor-version":[{"id":104831,"href":"https:\/\/gazdasagportal.hu\/index.php\/wp-json\/wp\/v2\/posts\/104830\/revisions\/104831"}],"wp:attachment":[{"href":"https:\/\/gazdasagportal.hu\/index.php\/wp-json\/wp\/v2\/media?parent=104830"}],"wp:term":[{"taxonomy":"category","embeddable":true,"href":"https:\/\/gazdasagportal.hu\/index.php\/wp-json\/wp\/v2\/categories?post=104830"},{"taxonomy":"post_tag","embeddable":true,"href":"https:\/\/gazdasagportal.hu\/index.php\/wp-json\/wp\/v2\/tags?post=104830"}],"curies":[{"name":"wp","href":"https:\/\/api.w.org\/{rel}","templated":true}]}}