{"id":104763,"date":"2018-04-23T15:16:01","date_gmt":"2018-04-23T13:16:01","guid":{"rendered":"http:\/\/gazdasagportal.hu\/?p=104763"},"modified":"2018-04-23T15:16:01","modified_gmt":"2018-04-23T13:16:01","slug":"raiffeisen-csucson-a-gazdasagi-novekedes","status":"publish","type":"post","link":"https:\/\/gazdasagportal.hu\/index.php\/raiffeisen-csucson-a-gazdasagi-novekedes\/","title":{"rendered":"Raiffeisen: cs\u00facson a gazdas\u00e1gi n\u00f6veked\u00e9s"},"content":{"rendered":"<p><strong>Cs\u00facson van a magyar gazdas\u00e1gi n\u00f6veked\u00e9s, az els\u0151 negyed\u00e9ves GDP-b\u0151v\u00fcl\u00e9s 5 sz\u00e1zal\u00e9k k\u00f6r\u00fcl lehetett &#8211; mondta T\u00f6r\u00f6k Zolt\u00e1n, a Raiffeisen Bank vezet\u0151 elemz\u0151je h\u00e9tf\u0151n Budapesten a hitelint\u00e9zet elemz\u0151i t\u00e1j\u00e9koztat\u00f3j\u00e1n.<\/strong><!--more--><\/p>\n<div class=\"ads-in-post1\"><div id=\"gazdasagportal.hu_fullbanner_wideboard\"><\/div>\r\n<\/div>\n<p>    Elmondta: a GDP n\u00f6veked\u00e9s\u00e9ben er\u0151s\u00f6dhet a lakoss\u00e1gi fogyaszt\u00e1s \u00e9s a beruh\u00e1z\u00e1sok szerepe. T\u00f6r\u00f6k Zolt\u00e1n szerint az els\u0151 negyed\u00e9v ut\u00e1n &#8222;a n\u00f6veked\u00e9sben m\u00e1r csak lefel\u00e9 vihet az \u00fat&#8221;.<br \/>\n    A Raiffeisen Bank 4 sz\u00e1zal\u00e9k k\u00f6r\u00fcli GDP-b\u0151v\u00fcl\u00e9st v\u00e1r az idei \u00e9vre.<br \/>\n    A vezet\u0151 elemz\u0151 szerint az eur\u00f3\/forint \u00e1rfolyam 310-315 forint k\u00f6r\u00fcl mozoghat eg\u00e9sz \u00e9vben, az infl\u00e1ci\u00f3 2,3-2,4 sz\u00e1zal\u00e9k lehet.<br \/>\n    T\u00f6r\u00f6k Zolt\u00e1n kifejtette: az els\u0151 negyed\u00e9vben az \u00e1llamh\u00e1ztart\u00e1sban a p\u00e9nzforgalmi hi\u00e1ny ugyan megugrott, de ennek GDP-ar\u00e1nyos m\u00e9rt\u00e9ke szinte minden el\u0151z\u0151 v\u00e1laszt\u00e1si \u00e9v els\u0151 negyed\u00e9v\u00e9ben ugyancsak magas volt. \u00cdgy 2010-ben, 2014-ben is ez zajlott le, k\u00e9s\u0151bb cs\u00f6kken\u0151 tendenci\u00e1t mutatott a hi\u00e1ny, \u00edgy k\u00fcl\u00f6n\u00f6sebben nincs ok aggodalomra. \u00dagy \u00edt\u00e9lte meg, hogy az \u00e1llamh\u00e1ztart\u00e1si hi\u00e1ny id\u00e9n a 2-2,5 sz\u00e1zal\u00e9kos tartom\u00e1nyban marad.<br \/>\n    A nett\u00f3 export b\u0151v\u00fcl, aminek a k\u00fcls\u0151, eur\u00f3pai \u00fczleti k\u00f6rnyezet is kedvez, emellett pozit\u00edv jelens\u00e9g, hogy az export n\u00f6veked\u00e9s\u00e9ben nemcsak az aut\u00f3ipari c\u00e9gek kivitele j\u00e1tszik fontos szerepet. A n\u00f6veked\u00e9s alakul\u00e1s\u00e1ban fontos az is, hogy az \u00e9p\u00edt\u0151ipar &#8222;kirobban\u00f3 form\u00e1ban van&#8221;, megn\u0151tt a kiadott \u00e9p\u00edt\u00e9si enged\u00e9lyek sz\u00e1ma &#8211; mondta az elemz\u0151.<br \/>\n    Sz\u00f3lt arr\u00f3l is, hogy a n\u00f6veked\u00e9st seg\u00edtheti a jegybank monet\u00e1ris politik\u00e1ja is. V\u00e9lem\u00e9nye szerint a k\u00f6vetkez\u0151 k\u00e9t \u00e9vben sem \u00e9ri el a hazai infl\u00e1ci\u00f3 a c\u00e9lnak tekintett 3 sz\u00e1zal\u00e9kos szintet.<br \/>\n<div class=\"ads-in-post2\"><script async src=\"https:\/\/pagead2.googlesyndication.com\/pagead\/js\/adsbygoogle.js\"><\/script>\r\n<ins class=\"adsbygoogle\"\r\n     style=\"display:block\"\r\n     data-ad-format=\"fluid\"\r\n     data-ad-layout-key=\"-6t+ed+2i-1n-4w\"\r\n     data-ad-client=\"ca-pub-1959107119989764\"\r\n     data-ad-slot=\"4008251320\"><\/ins>\r\n<script>\r\n     (adsbygoogle = window.adsbygoogle || []).push({});\r\n<\/script><\/div>\n    A hazai magas n\u00f6veked\u00e9si trendet t\u00e1mogatja tov\u00e1bb\u00e1, hogy a korm\u00e1ny \u00e9s a Magyar Nemzeti Bank (MNB)tev\u00e9kenys\u00e9g\u00e9ben megmarad az egy\u00fcttm\u0171k\u00f6d\u00e9s, a gazdas\u00e1gpolitika alak\u00edt\u00e1s\u00e1ban seg\u00edtik majd egym\u00e1st.<br \/>\n    R\u00e1mutatott: az MNB-ben sok olyan tanulm\u00e1ny, elk\u00e9pzel\u00e9s sz\u00fcletett a k\u00f6zelm\u00faltban, amely a korm\u00e1ny gazdas\u00e1gpolitik\u00e1j\u00e1nak r\u00e9sze lehet.<br \/>\n    A vezet\u0151 elemz\u0151 szerint a k\u00f6vetkez\u0151 \u00e9vekben a banki hitelez\u00e9s felfut\u00e1sa a gazdas\u00e1gi n\u00f6veked\u00e9s egyik pill\u00e9re lehet, 2020-ig a bankok hitel\u00e1llom\u00e1ny\u00e1ban jelent\u0151s b\u0151v\u00fcl\u00e9s k\u00f6vetkezhet be.<br \/>\n    A makrogazdas\u00e1gi folyamatok kedvez\u0151 alakul\u00e1sa \u00fajabb felmin\u0151s\u00edt\u00e9seket eredm\u00e9nyezhet, ez olcs\u00f3bb\u00e1 teszi majd az \u00e1llamad\u00f3ss\u00e1g finansz\u00edroz\u00e1s\u00e1t &#8211; jegyezte meg.<br \/>\n    T\u00f6r\u00f6k Zolt\u00e1n sz\u00e1m\u00edt arra is, hogy az ad\u00f3z\u00e1s ter\u00e9n bek\u00f6vetkez\u0151 v\u00e1ltoztat\u00e1sokkal seg\u00edtik majd a hazai v\u00e1llalkoz\u00e1sok, k\u00f6zt\u00fck a kis- \u00e9s k\u00f6zepes c\u00e9gek tev\u00e9kenys\u00e9g\u00e9nek b\u0151v\u00fcl\u00e9s\u00e9t, a k\u00f6vetkez\u0151 \u00e9vekben az orsz\u00e1g versenyk\u00e9pess\u00e9g\u00e9nek er\u0151s\u00edt\u00e9se ker\u00fcl a korm\u00e1ny gazdas\u00e1gpolitikai d\u00f6nt\u00e9seinek f\u00f3kusz\u00e1ba.<br \/>\n    K\u00e9rd\u00e9sre elmondta: az MNB els\u0151 alapkamat-emel\u00e9se csak 2019 v\u00e9g\u00e9n v\u00e1rhat\u00f3.<br \/>\n(MTI)<\/p>\n","protected":false},"excerpt":{"rendered":"<p>Cs\u00facson van a magyar gazdas\u00e1gi n\u00f6veked\u00e9s, az els\u0151 negyed\u00e9ves GDP-b\u0151v\u00fcl\u00e9s 5 sz\u00e1zal\u00e9k k\u00f6r\u00fcl lehetett &#8211; mondta T\u00f6r\u00f6k Zolt\u00e1n, a Raiffeisen Bank vezet\u0151 elemz\u0151je h\u00e9tf\u0151n Budapesten a hitelint\u00e9zet elemz\u0151i t\u00e1j\u00e9koztat\u00f3j\u00e1n.<\/p>\n","protected":false},"author":1,"featured_media":0,"comment_status":"closed","ping_status":"open","sticky":false,"template":"","format":"standard","meta":[],"categories":[4,19],"tags":[],"_links":{"self":[{"href":"https:\/\/gazdasagportal.hu\/index.php\/wp-json\/wp\/v2\/posts\/104763"}],"collection":[{"href":"https:\/\/gazdasagportal.hu\/index.php\/wp-json\/wp\/v2\/posts"}],"about":[{"href":"https:\/\/gazdasagportal.hu\/index.php\/wp-json\/wp\/v2\/types\/post"}],"author":[{"embeddable":true,"href":"https:\/\/gazdasagportal.hu\/index.php\/wp-json\/wp\/v2\/users\/1"}],"replies":[{"embeddable":true,"href":"https:\/\/gazdasagportal.hu\/index.php\/wp-json\/wp\/v2\/comments?post=104763"}],"version-history":[{"count":1,"href":"https:\/\/gazdasagportal.hu\/index.php\/wp-json\/wp\/v2\/posts\/104763\/revisions"}],"predecessor-version":[{"id":104764,"href":"https:\/\/gazdasagportal.hu\/index.php\/wp-json\/wp\/v2\/posts\/104763\/revisions\/104764"}],"wp:attachment":[{"href":"https:\/\/gazdasagportal.hu\/index.php\/wp-json\/wp\/v2\/media?parent=104763"}],"wp:term":[{"taxonomy":"category","embeddable":true,"href":"https:\/\/gazdasagportal.hu\/index.php\/wp-json\/wp\/v2\/categories?post=104763"},{"taxonomy":"post_tag","embeddable":true,"href":"https:\/\/gazdasagportal.hu\/index.php\/wp-json\/wp\/v2\/tags?post=104763"}],"curies":[{"name":"wp","href":"https:\/\/api.w.org\/{rel}","templated":true}]}}