{"id":104761,"date":"2018-04-23T12:12:15","date_gmt":"2018-04-23T10:12:15","guid":{"rendered":"http:\/\/gazdasagportal.hu\/?p=104761"},"modified":"2018-04-23T12:12:15","modified_gmt":"2018-04-23T10:12:15","slug":"financial-times-jelentos-forrasokat-csoportositana-at-az-eu-kelet-europabol-a-deli-tagorszagokba","status":"publish","type":"post","link":"https:\/\/gazdasagportal.hu\/index.php\/financial-times-jelentos-forrasokat-csoportositana-at-az-eu-kelet-europabol-a-deli-tagorszagokba\/","title":{"rendered":"Financial Times: jelent\u0151s forr\u00e1sokat csoportos\u00edtana \u00e1t az EU Kelet-Eur\u00f3p\u00e1b\u00f3l a d\u00e9li tagorsz\u00e1gokba"},"content":{"rendered":"<p><strong>T\u00f6bb t\u00edzmilli\u00e1rd eur\u00f3 fejleszt\u00e9si forr\u00e1st csoportos\u00edtana \u00e1t az Eur\u00f3pai Uni\u00f3 a k\u00f6z\u00e9p- \u00e9s kelet-eur\u00f3pai tagorsz\u00e1gokt\u00f3l a p\u00e9nz\u00fcgyi v\u00e1ls\u00e1g \u00e1ltal s\u00falyosan meggy\u00f6t\u00f6rt d\u00e9li tag\u00e1llamokba, k\u00f6zt\u00fck Spanyolorsz\u00e1gba \u00e9s G\u00f6r\u00f6gorsz\u00e1gba a k\u00f6vetkez\u0151 k\u00f6lts\u00e9gvet\u00e9si id\u0151szakban &#8211; \u00edrta a h\u00e9tf\u0151i Financial Times.<\/strong><!--more--><\/p>\n<div class=\"ads-in-post1\"><div id=\"gazdasagportal.hu_fullbanner_wideboard\"><\/div>\r\n<\/div>\n<p>    A londoni gazdas\u00e1gi napilap \u00e9rtes\u00fcl\u00e9se szerint Br\u00fcsszel a 2021-2027-es k\u00f6lts\u00e9gvet\u00e9si peri\u00f3dusban v\u00e9get akar vetni annak a gyakorlatnak, amelynek alapj\u00e1n szinte kiz\u00e1r\u00f3lag az egy f\u0151re jut\u00f3 hazai \u00f6sszterm\u00e9k (GDP) hat\u00e1rozza meg a fejleszt\u00e9si forr\u00e1sok eloszt\u00e1si m\u00e9rt\u00e9k\u00e9t a tagorsz\u00e1gok k\u00f6z\u00f6tt.<br \/>\n    A Financial Times szerint az EU a k\u00f6vetkez\u0151 id\u0151szakban j\u00f3val sz\u00e9lesebb felt\u00e9telrendszert alkalmazna, amelyben a fiatalokat s\u00fajt\u00f3 munkan\u00e9lk\u00fclis\u00e9gt\u0151l kezdve az oktat\u00e1son \u00e9s a k\u00f6rnyezetv\u00e9delmen \u00e1t a migr\u00e1ci\u00f3ig \u00e9s az innov\u00e1ci\u00f3ig &#8222;minden benne lenne&#8221;.<br \/>\n    Az Eur\u00f3pai Bizotts\u00e1g emellett meger\u0151s\u00edten\u00e9 a jogosults\u00e1gi felt\u00e9telrendszert is, bele\u00e9rtve a megfelel\u00e9st a jog\u00e1llamis\u00e1gi k\u00f6vetelm\u00e9nyeknek, \u00e9s t\u00f6bb korl\u00e1toz\u00e1st is alkalmazna az uni\u00f3s forr\u00e1sok elk\u00f6lt\u00e9snek lehets\u00e9ges m\u00f3dozataira.<br \/>\n<div class=\"ads-in-post2\"><script async src=\"https:\/\/pagead2.googlesyndication.com\/pagead\/js\/adsbygoogle.js\"><\/script>\r\n<ins class=\"adsbygoogle\"\r\n     style=\"display:block\"\r\n     data-ad-format=\"fluid\"\r\n     data-ad-layout-key=\"-6t+ed+2i-1n-4w\"\r\n     data-ad-client=\"ca-pub-1959107119989764\"\r\n     data-ad-slot=\"4008251320\"><\/ins>\r\n<script>\r\n     (adsbygoogle = window.adsbygoogle || []).push({});\r\n<\/script><\/div>\n    A Financial Times \u00e1ltal l\u00e1tott tervezetben a foly\u00f3s\u00edt\u00e1si program a &#8222;Koh\u00e9zi\u00f3 \u00e9s \u00e9rt\u00e9kek&#8221; f\u0151c\u00edmet viseli, amely a lap szerint egy\u00e9rtelm\u0171 jelz\u00e9s arra, hogy a j\u00f6v\u0151beni EU-foly\u00f3s\u00edt\u00e1sokhoz milyen elv\u00e1r\u00e1sok kapcsol\u00f3dnak majd.<br \/>\n    A brit \u00fczleti napilap v\u00e9leked\u00e9se szerint a foly\u00f3s\u00edt\u00e1si program \u00e1talak\u00edt\u00e1sa k\u00fcl\u00f6n\u00f6sen Vars\u00f3ban \u00e9s Budapesten kelt majd aggodalmakat, Lengyelorsz\u00e1g \u00e9s Magyarorsz\u00e1g ugyanis nagym\u00e9rt\u00e9kben kedvezm\u00e9nyezettje a koh\u00e9zi\u00f3s juttat\u00e1soknak, \u00e9s mindk\u00e9t orsz\u00e1gnak voltak \u00f6sszet\u0171z\u00e9sei Br\u00fcsszellel a jog\u00e1llamis\u00e1g \u00e9s a demokratikus norm\u00e1k \u00fcgy\u00e9ben.<br \/>\n    A reformok pontos r\u00e9szletei m\u00e9g kidolgoz\u00e1s alatt \u00e1llnak, de uni\u00f3s illet\u00e9kesek v\u00e1rakoz\u00e1sa szerint a v\u00e9geredm\u00e9ny az lesz, hogy az EU a k\u00f6z\u00e9p- \u00e9s kelet-eur\u00f3pai tagorsz\u00e1gokt\u00f3l forr\u00e1sokat csoportos\u00edt \u00e1t Olaszorsz\u00e1gba, Spanyolorsz\u00e1gba, G\u00f6r\u00f6gorsz\u00e1gba, s\u0151t Franciaorsz\u00e1g egyes d\u00e9li t\u00e9rs\u00e9geibe is &#8211; \u00e1ll a Financial Times h\u00e9tf\u0151i \u00edr\u00e1s\u00e1ban.<br \/>\n    A lap szerint az eloszt\u00e1si felt\u00e9telek m\u00f3dos\u00edt\u00e1sa nemcsak f\u00f6ldrajzi \u00e9rtelemben rajzolj\u00e1k \u00fajra az uni\u00f3s fejleszt\u00e9si forr\u00e1sok \u00e1raml\u00e1si ir\u00e1ny\u00e1t, hanem \u00f6sszess\u00e9g\u00e9ben \u00faj \u00e9rtelmez\u00e9st adnak az EU \u00fajraeloszt\u00e1si politik\u00e1j\u00e1nak. A 2004-es b\u0151v\u00edt\u00e9s \u00f3ta ugyanis a struktur\u00e1lis alapok foly\u00f3s\u00edt\u00e1s\u00e1ban er\u0151teljesen a r\u00e9gi \u00e9s az \u00faj tagorsz\u00e1gok k\u00f6z\u00f6tti gazdas\u00e1gi egyenl\u0151tlens\u00e9gek felsz\u00e1mol\u00e1s\u00e1n volt a hangs\u00faly.<br \/>\n    A Financial Times adatai szerint a jelenlegi k\u00f6lts\u00e9gvet\u00e9si id\u0151szakban Lengyelorsz\u00e1g 77 milli\u00e1rd, Magyarorsz\u00e1g 22 milli\u00e1rd, Szlov\u00e1kia 14 milli\u00e1rd eur\u00f3t kap az \u00f6sszesen 350 milli\u00e1rd eur\u00f3s koh\u00e9zi\u00f3s alapb\u00f3l.<br \/>\n    A lap \u00e9rtes\u00fcl\u00e9se szerint Angela Merkel n\u00e9met kancell\u00e1r \u00e9s Emmanuel Macron francia eln\u00f6k azt az elk\u00e9pzel\u00e9st is p\u00e1rtolja, hogy az uni\u00f3s k\u00f6lts\u00e9gvet\u00e9sb\u0151l kapjanak t\u00e1mogat\u00e1st a mened\u00e9kk\u00e9r\u0151ket nagy sz\u00e1mban befogad\u00f3 t\u00e9rs\u00e9gek, k\u00f6zt\u00fck N\u00e9metorsz\u00e1g \u00e9s Sv\u00e9dorsz\u00e1g.(MTI)<\/p>\n","protected":false},"excerpt":{"rendered":"<p>T\u00f6bb t\u00edzmilli\u00e1rd eur\u00f3 fejleszt\u00e9si forr\u00e1st csoportos\u00edtana \u00e1t az Eur\u00f3pai Uni\u00f3 a k\u00f6z\u00e9p- \u00e9s kelet-eur\u00f3pai tagorsz\u00e1gokt\u00f3l a p\u00e9nz\u00fcgyi v\u00e1ls\u00e1g \u00e1ltal s\u00falyosan meggy\u00f6t\u00f6rt d\u00e9li tag\u00e1llamokba, k\u00f6zt\u00fck Spanyolorsz\u00e1gba \u00e9s G\u00f6r\u00f6gorsz\u00e1gba a k\u00f6vetkez\u0151 k\u00f6lts\u00e9gvet\u00e9si id\u0151szakban &#8211; \u00edrta a h\u00e9tf\u0151i Financial Times.<\/p>\n","protected":false},"author":1,"featured_media":0,"comment_status":"closed","ping_status":"open","sticky":false,"template":"","format":"standard","meta":[],"categories":[19,246],"tags":[],"_links":{"self":[{"href":"https:\/\/gazdasagportal.hu\/index.php\/wp-json\/wp\/v2\/posts\/104761"}],"collection":[{"href":"https:\/\/gazdasagportal.hu\/index.php\/wp-json\/wp\/v2\/posts"}],"about":[{"href":"https:\/\/gazdasagportal.hu\/index.php\/wp-json\/wp\/v2\/types\/post"}],"author":[{"embeddable":true,"href":"https:\/\/gazdasagportal.hu\/index.php\/wp-json\/wp\/v2\/users\/1"}],"replies":[{"embeddable":true,"href":"https:\/\/gazdasagportal.hu\/index.php\/wp-json\/wp\/v2\/comments?post=104761"}],"version-history":[{"count":1,"href":"https:\/\/gazdasagportal.hu\/index.php\/wp-json\/wp\/v2\/posts\/104761\/revisions"}],"predecessor-version":[{"id":104762,"href":"https:\/\/gazdasagportal.hu\/index.php\/wp-json\/wp\/v2\/posts\/104761\/revisions\/104762"}],"wp:attachment":[{"href":"https:\/\/gazdasagportal.hu\/index.php\/wp-json\/wp\/v2\/media?parent=104761"}],"wp:term":[{"taxonomy":"category","embeddable":true,"href":"https:\/\/gazdasagportal.hu\/index.php\/wp-json\/wp\/v2\/categories?post=104761"},{"taxonomy":"post_tag","embeddable":true,"href":"https:\/\/gazdasagportal.hu\/index.php\/wp-json\/wp\/v2\/tags?post=104761"}],"curies":[{"name":"wp","href":"https:\/\/api.w.org\/{rel}","templated":true}]}}