{"id":104707,"date":"2018-04-20T11:29:10","date_gmt":"2018-04-20T09:29:10","guid":{"rendered":"http:\/\/gazdasagportal.hu\/?p=104707"},"modified":"2018-04-20T11:29:10","modified_gmt":"2018-04-20T09:29:10","slug":"mnb-oriasi-versenyt-fog-generalni-a-fintech-forradalom","status":"publish","type":"post","link":"https:\/\/gazdasagportal.hu\/index.php\/mnb-oriasi-versenyt-fog-generalni-a-fintech-forradalom\/","title":{"rendered":"MNB: \u00f3ri\u00e1si versenyt fog gener\u00e1lni a fintech forradalom"},"content":{"rendered":"<p><strong>\u00d3ri\u00e1si versenyt fog gener\u00e1lni a p\u00e9nz\u00fcgyi szektorban a fintech forradalom, aki lemarad a fejleszt\u00e9sekkel, k\u00f6z\u00e9pt\u00e1von nem fog tudni helyt\u00e1llni, elvesz\u00edtheti \u00fcgyfelei \u00e9s piaca j\u00f3 r\u00e9sz\u00e9t &#8211; mondta Windisch L\u00e1szl\u00f3, a Magyar Nemzeti Bank p\u00e9nz\u00fcgyi szervezetek fel\u00fcgyelet\u00e9\u00e9rt \u00e9s fogyaszt\u00f3v\u00e9delem\u00e9rt felel\u0151s aleln\u00f6ke a jegybank Innov\u00e1ci\u00f3 \u00e9s stabilit\u00e1s: FinTech lehet\u0151s\u00e9gek \u00e9s kih\u00edv\u00e1sok c\u00edm\u0171 konferenci\u00e1j\u00e1n p\u00e9nteken Budapesten. <\/strong><!--more--><\/p>\n<div class=\"ads-in-post1\"><div id=\"gazdasagportal.hu_fullbanner_wideboard\"><\/div>\r\n<\/div>\n<p>    A jelenlegi \u00fczleti megold\u00e1sokat teljesen \u00fajra kell gondolni &#8211; jegyezte meg Windisch L\u00e1szl\u00f3.<br \/>\n    Az aleln\u00f6k szerint a fintech forradalom ugyanakkor \u00f3ri\u00e1si lehet\u0151s\u00e9g is, megnyitja az utat az \u00fcgyfelek gyorsabb \u00e9s hat\u00e9konyabb el\u00e9r\u00e9s\u00e9hez, pontosabb kiszolg\u00e1l\u00e1s\u00e1hoz \u00e9s a kock\u00e1zatok el\u0151rejelz\u00e9s\u00e9hez.<br \/>\n    Windisch L\u00e1szl\u00f3 elmondta, az MNB \u00f6szt\u00f6n\u00f6zni k\u00edv\u00e1nja a p\u00e9nz\u00fcgyi szektor ter\u00fclet\u00e9n az \u00faj\u00edt\u00e1sokat. A jegybank partner abban, hogy sz\u00fcks\u00e9g eset\u00e9n alak\u00edtsa a fel\u00fcgyeleti hozz\u00e1\u00e1ll\u00e1st, az MNB hat\u00e1sk\u00f6r\u00e9be tartoz\u00f3 szab\u00e1lyoz\u00e1st &#8211; mutatott r\u00e1 az aleln\u00f6k. Fontos, hogy olyan digit\u00e1lis modellek terjedjenek el, amelyek a fogyaszt\u00f3v\u00e9delem \u00e9s az \u00fcgyfelek biztons\u00e1ga ter\u00e9n el\u00e9rt eddigi eredm\u00e9nyeket ne vesz\u00e9lyeztess\u00e9k &#8211; tette hozz\u00e1.<br \/>\n<div class=\"ads-in-post2\"><script async src=\"https:\/\/pagead2.googlesyndication.com\/pagead\/js\/adsbygoogle.js\"><\/script>\r\n<ins class=\"adsbygoogle\"\r\n     style=\"display:block\"\r\n     data-ad-format=\"fluid\"\r\n     data-ad-layout-key=\"-6t+ed+2i-1n-4w\"\r\n     data-ad-client=\"ca-pub-1959107119989764\"\r\n     data-ad-slot=\"4008251320\"><\/ins>\r\n<script>\r\n     (adsbygoogle = window.adsbygoogle || []).push({});\r\n<\/script><\/div>\n    A kih\u00edv\u00e1sokr\u00f3l besz\u00e9lve Windisch L\u00e1szl\u00f3 kiemelte, hogy a digit\u00e1lis fejl\u0151d\u00e9s a gazdas\u00e1g minden szegmens\u00e9ben annyira gyors, hogy a fels\u0151oktat\u00e1s nem tud l\u00e9p\u00e9st tartani vele, nem tud annyi szakembert kik\u00e9pezni, amennyire sz\u00fcks\u00e9g lenne. Szerinte \u00f6sszefog\u00e1sra, k\u00f6z\u00f6s oktat\u00e1sok szervez\u00e9s\u00e9re van sz\u00fcks\u00e9g a probl\u00e9ma lek\u00fczd\u00e9s\u00e9hez.<br \/>\n    Nagy kih\u00edv\u00e1s tov\u00e1bb\u00e1 az adatt\u00e1rh\u00e1zak rendbet\u00e9tele is, hiszen minden technol\u00f3gia alapja az adatb\u00e1zisban rejlik &#8211; hangs\u00falyozta Windisch L\u00e1szl\u00f3 utalva arra, hogy az \u00faj technol\u00f3gi\u00e1kat nem fogj\u00e1k tudni kiszolg\u00e1lni a sz\u00e9tt\u00f6redezett, lass\u00fa \u00f6sszek\u00f6ttet\u00e9ssel rendelkez\u0151 adatt\u00e1rh\u00e1zak.<br \/>\n    \u00d6sszefog\u00e1sra van sz\u00fcks\u00e9g Windisch L\u00e1szl\u00f3 szerint a kiberbiztons\u00e1g v\u00e9delme \u00e9rdek\u00e9ben is, hiszen a j\u00f6v\u0151ben t\u00f6bb t\u00e1mad\u00e1s \u00e9rheti a p\u00e9nz\u00fcgyi szektort az adatok megszerz\u00e9se c\u00e9lj\u00e1b\u00f3l.<br \/>\n    Szombati Anik\u00f3, a jegybank makroprudenci\u00e1lis politik\u00e1\u00e9rt felel\u0151s \u00fcgyvezet\u0151 igazgat\u00f3ja a konferenci\u00e1n azt hangs\u00falyozta, hogy az MNB 2013 \u00f3ta nem k\u00f6vet\u0151 jegybank, hanem vezet\u0151 jegybank.<br \/>\n    Az MNB a fintech forradalomban is r\u00e9szt k\u00edv\u00e1n venni egyr\u00e9szt a prudenci\u00e1lis keretek fenntart\u00e1s\u00e1val, m\u00e1sr\u00e9szt az innov\u00e1ci\u00f3 \u00e9s a verseny \u00f6szt\u00f6nz\u00e9s\u00e9vel &#8211; mutatott r\u00e1 az \u00fcgyvezet\u0151 igazgat\u00f3.<br \/>\n    K\u00e9t konkr\u00e9t kezdem\u00e9nyez\u00e9ssel k\u00edv\u00e1nja a jegybank c\u00e9ljait el\u00e9rni &#8211; emelte ki Szombati Anik\u00f3. Egyr\u00e9szt az &#8222;innov\u00e1ci\u00f3s hub&#8221; kezdem\u00e9nyez\u00e9ssel, amelynek feladata, hogy a versenyk\u00e9pes \u00f6tletek min\u00e9l hamarabb megval\u00f3suljanak. M\u00e1sr\u00e9szt a szab\u00e1lyoz\u00e1s ter\u00fclet\u00e9n az \u00fagynevezett regulatory sandbox-szal &#8211; fintechek tesztel\u00e9se -, amelyeknek m\u00e9g nem alak\u00edtott\u00e1k ki a jogszab\u00e1lyi h\u00e1tter\u00e9t., &#8222;ami egyfajta ugr\u00f3deszka azoknak, akik \u00e9lni tudnak a lehet\u0151s\u00e9ggel&#8221;.<br \/>\n    A verseny intenz\u00edvebb\u00e9 fog v\u00e1lni, meg fognak jelenni a nemzetk\u00f6zi nagy p\u00e9nz\u00fcgyi szerepl\u0151k, fintech c\u00e9gek, amelyek a magyarorsz\u00e1gi p\u00e9nzint\u00e9zetek \u00fcgyfeleire &#8222;fognak hajtani&#8221; &#8211; \u00f6sszegezte az \u00fcgyvezet\u0151 igazgat\u00f3 utalva arra, hogy fel kell k\u00e9sz\u00fclni\u00fck erre a helyzetre a p\u00e9nz\u00fcgyekkel foglalkoz\u00f3 t\u00e1rsas\u00e1goknak.<br \/>\n(MTI)<\/p>\n","protected":false},"excerpt":{"rendered":"<p>\u00d3ri\u00e1si versenyt fog gener\u00e1lni a p\u00e9nz\u00fcgyi szektorban a fintech forradalom, aki lemarad a fejleszt\u00e9sekkel, k\u00f6z\u00e9pt\u00e1von nem fog tudni helyt\u00e1llni, elvesz\u00edtheti \u00fcgyfelei \u00e9s piaca j\u00f3 r\u00e9sz\u00e9t &#8211; mondta Windisch L\u00e1szl\u00f3, a Magyar Nemzeti Bank p\u00e9nz\u00fcgyi szervezetek fel\u00fcgyelet\u00e9\u00e9rt \u00e9s fogyaszt\u00f3v\u00e9delem\u00e9rt felel\u0151s aleln\u00f6ke a jegybank Innov\u00e1ci\u00f3 \u00e9s stabilit\u00e1s: FinTech lehet\u0151s\u00e9gek \u00e9s kih\u00edv\u00e1sok c\u00edm\u0171 konferenci\u00e1j\u00e1n p\u00e9nteken Budapesten.<\/p>\n","protected":false},"author":1,"featured_media":0,"comment_status":"closed","ping_status":"open","sticky":false,"template":"","format":"standard","meta":[],"categories":[4,19,246],"tags":[],"_links":{"self":[{"href":"https:\/\/gazdasagportal.hu\/index.php\/wp-json\/wp\/v2\/posts\/104707"}],"collection":[{"href":"https:\/\/gazdasagportal.hu\/index.php\/wp-json\/wp\/v2\/posts"}],"about":[{"href":"https:\/\/gazdasagportal.hu\/index.php\/wp-json\/wp\/v2\/types\/post"}],"author":[{"embeddable":true,"href":"https:\/\/gazdasagportal.hu\/index.php\/wp-json\/wp\/v2\/users\/1"}],"replies":[{"embeddable":true,"href":"https:\/\/gazdasagportal.hu\/index.php\/wp-json\/wp\/v2\/comments?post=104707"}],"version-history":[{"count":1,"href":"https:\/\/gazdasagportal.hu\/index.php\/wp-json\/wp\/v2\/posts\/104707\/revisions"}],"predecessor-version":[{"id":104708,"href":"https:\/\/gazdasagportal.hu\/index.php\/wp-json\/wp\/v2\/posts\/104707\/revisions\/104708"}],"wp:attachment":[{"href":"https:\/\/gazdasagportal.hu\/index.php\/wp-json\/wp\/v2\/media?parent=104707"}],"wp:term":[{"taxonomy":"category","embeddable":true,"href":"https:\/\/gazdasagportal.hu\/index.php\/wp-json\/wp\/v2\/categories?post=104707"},{"taxonomy":"post_tag","embeddable":true,"href":"https:\/\/gazdasagportal.hu\/index.php\/wp-json\/wp\/v2\/tags?post=104707"}],"curies":[{"name":"wp","href":"https:\/\/api.w.org\/{rel}","templated":true}]}}