{"id":104703,"date":"2018-04-20T10:11:53","date_gmt":"2018-04-20T08:11:53","guid":{"rendered":"http:\/\/gazdasagportal.hu\/?p=104703"},"modified":"2018-04-20T10:11:53","modified_gmt":"2018-04-20T08:11:53","slug":"orban-atalakitana-a-miniszterelnokseget-varga-mihaly-marad-a-koltsegvetes-felelose","status":"publish","type":"post","link":"https:\/\/gazdasagportal.hu\/index.php\/orban-atalakitana-a-miniszterelnokseget-varga-mihaly-marad-a-koltsegvetes-felelose\/","title":{"rendered":"Orb\u00e1n \u00e1talak\u00edtan\u00e1 a Minisztereln\u00f6ks\u00e9get, Varga Mih\u00e1ly marad a k\u00f6lts\u00e9gvet\u00e9s felel\u0151se"},"content":{"rendered":"<p><strong>A Minisztereln\u00f6ks\u00e9g \u00e1talak\u00edt\u00e1s\u00e1t tervezi az \u00faj korm\u00e1nyban Orb\u00e1n Viktor minisztereln\u00f6k, aki azt is bejelentette p\u00e9nteken a Kossuth r\u00e1di\u00f3ban, hogy Varga Mih\u00e1ly nemzetgazdas\u00e1gi miniszter marad a gazdas\u00e1gi kabinet vezet\u0151jek\u00e9nt a k\u00f6lts\u00e9gvet\u00e9s felel\u0151se.<\/strong><!--more--><\/p>\n<div class=\"ads-in-post1\"><div id=\"gazdasagportal.hu_fullbanner_wideboard\"><\/div>\r\n<\/div>\n<p>    A korm\u00e1nyf\u0151 a Minisztereln\u00f6ks\u00e9gr\u0151l \u00fagy fogalmazott: szeretn\u00e9 \u00e1talak\u00edtani a korm\u00e1ny &#8222;agyk\u00f6zpontj\u00e1t&#8221;, m\u00e1sfajta vezet\u00e9si szerkezetet k\u00edv\u00e1n l\u00e9trehozni. Ebben az \u00fcgyben m\u00e1r voltak \u00e9s a h\u00e9tv\u00e9g\u00e9n is lesznek komoly t\u00e1rgyal\u00e1sai &#8211; tette hozz\u00e1.<br \/>\n    Orb\u00e1n Viktor jelezte azt is, miel\u0151bbi korm\u00e1nyalak\u00edt\u00e1sban \u00e9rdekelt \u0151 is \u00e9s az orsz\u00e1g is, a t\u00e1rgyal\u00e1sok zajlanak, &#8222;gyorsan lesz \u00faj korm\u00e1nyunk&#8221;.<br \/>\n    Att\u00f3l viszont &#8222;\u00f3vn\u00e1m magunkat&#8221; &#8211; mondta -, hogy \u00faj miniszt\u00e9riumok legyenek, mert ami bev\u00e1lt, azt nem kell megjav\u00edtani. \u00c9rdemes megtartani azt a rendszert, hogy nagy miniszt\u00e9riumok vannak \u00e9l\u00fck\u00f6n nagy felhatalmaz\u00e1s\u00fa t\u00e1rcavezet\u0151kkel &#8211; k\u00f6z\u00f6lte.<br \/>\n    C\u00e9lul t\u0171zte tov\u00e1bb\u00e1, hogy a parlament &#8211; a kor\u00e1bbi \u00e9vekhez hasonl\u00f3an &#8211; a ny\u00e1ri sz\u00fcnet el\u0151tt elfogadja a j\u00f6v\u0151 \u00e9vi b\u00fcdzs\u00e9t. A munk\u00e1latok \u00e1ll\u00e1s\u00e1r\u00f3l m\u00e1r t\u00e1rgyalt is Varga Mih\u00e1llyal, akinek a j\u00f6v\u0151ben is sz\u00e1m\u00edt a munk\u00e1j\u00e1ra, mert egy rendk\u00edv\u00fcl tehets\u00e9ges \u00e9s tapasztalt miniszter &#8211; k\u00f6z\u00f6lte.<br \/>\n<div class=\"ads-in-post2\"><script async src=\"https:\/\/pagead2.googlesyndication.com\/pagead\/js\/adsbygoogle.js\"><\/script>\r\n<ins class=\"adsbygoogle\"\r\n     style=\"display:block\"\r\n     data-ad-format=\"fluid\"\r\n     data-ad-layout-key=\"-6t+ed+2i-1n-4w\"\r\n     data-ad-client=\"ca-pub-1959107119989764\"\r\n     data-ad-slot=\"4008251320\"><\/ins>\r\n<script>\r\n     (adsbygoogle = window.adsbygoogle || []).push({});\r\n<\/script><\/div>\n    A demogr\u00e1fia, csal\u00e1dt\u00e1mogat\u00e1s k\u00e9rd\u00e9s\u00e9ben Orb\u00e1n Viktor azt mondta: szeretne egy \u00e1tfog\u00f3, 20-30 \u00e9ves meg\u00e1llapod\u00e1st k\u00f6tni a magyar n\u0151kkel a magyar j\u00f6v\u0151r\u0151l, a nekik ny\u00fajthat\u00f3, kisz\u00e1m\u00edthat\u00f3 perspekt\u00edv\u00e1kr\u00f3l, mert a demogr\u00e1fia rajtuk \u00e1ll vagy bukik, ez az \u0151 d\u00f6nt\u00e9s\u00fck. A gyermekv\u00e1llal\u00e1s a legszem\u00e9lyesebb, de a k\u00f6z\u00f6ss\u00e9gnek fontos \u00fcgy &#8211; hangs\u00falyozta, hozz\u00e1f\u0171zve: a korm\u00e1nynak az a dolga, hogy ha a n\u0151k gyermeket szeretn\u00e9nek v\u00e1llalni, \u00e9s el akarj\u00e1k mondani err\u0151l az \u00e1ll\u00e1spontjukat, akkor azt meghallgassa, meg\u00e9rtse.<br \/>\n    A parlamenti v\u00e1laszt\u00e1s eredm\u00e9ny\u00e9r\u0151l sz\u00f3lva \u00fagy \u00e9rt\u00e9kelt, a v\u00e1laszt\u00f3k meger\u0151s\u00edtett\u00e9k az alapvet\u0151 c\u00e9lokat, vagyis a gazdas\u00e1gi n\u00f6veked\u00e9st, a rendben l\u00e9v\u0151 p\u00e9nz\u00fcgyeket, a teljes foglalkoztatotts\u00e1g el\u00e9r\u00e9s\u00e9t, a csal\u00e1dok t\u00e1mogat\u00e1s\u00e1t, a nyugd\u00edjak \u00e9rt\u00e9k\u00e9nek meg\u0151rz\u00e9s\u00e9t, valamint a biztons\u00e1g garant\u00e1l\u00e1s\u00e1t: &#8222;a bev\u00e1ndorl\u00e1spolitik\u00e1ban ne engedj\u00fck Eur\u00f3p\u00e1ban, Magyarorsz\u00e1g maradjon magyar orsz\u00e1g&#8221;.<br \/>\n    A minisztereln\u00f6k &#8211; jelezte &#8211; e &#8222;r\u00e9gi, v\u00e1ltozatlan c\u00e9lok&#8221; mellett \u00faj korm\u00e1nystrukt\u00far\u00e1t tervez &#8222;nagy r\u00e9szben \u00faj emberekkel&#8221;.<br \/>\n    &#8222;Nem a mostani korm\u00e1ny munk\u00e1j\u00e1nak a folytat\u00e1s\u00e1ra szavaztak az emberek, hanem a c\u00e9lok szolg\u00e1lat\u00e1ban akarnak v\u00e1ltozatlans\u00e1got&#8221; &#8211; er\u0151s\u00edtette meg \u00e1ll\u00e1spontj\u00e1t a korm\u00e1nyf\u0151.<br \/>\n(MTI)<\/p>\n","protected":false},"excerpt":{"rendered":"<p>A Minisztereln\u00f6ks\u00e9g \u00e1talak\u00edt\u00e1s\u00e1t tervezi az \u00faj korm\u00e1nyban Orb\u00e1n Viktor minisztereln\u00f6k, aki azt is bejelentette p\u00e9nteken a Kossuth r\u00e1di\u00f3ban, hogy Varga Mih\u00e1ly nemzetgazdas\u00e1gi miniszter marad a gazdas\u00e1gi kabinet vezet\u0151jek\u00e9nt a k\u00f6lts\u00e9gvet\u00e9s felel\u0151se.<\/p>\n","protected":false},"author":1,"featured_media":103056,"comment_status":"closed","ping_status":"open","sticky":false,"template":"","format":"standard","meta":[],"categories":[146,4,19],"tags":[],"_links":{"self":[{"href":"https:\/\/gazdasagportal.hu\/index.php\/wp-json\/wp\/v2\/posts\/104703"}],"collection":[{"href":"https:\/\/gazdasagportal.hu\/index.php\/wp-json\/wp\/v2\/posts"}],"about":[{"href":"https:\/\/gazdasagportal.hu\/index.php\/wp-json\/wp\/v2\/types\/post"}],"author":[{"embeddable":true,"href":"https:\/\/gazdasagportal.hu\/index.php\/wp-json\/wp\/v2\/users\/1"}],"replies":[{"embeddable":true,"href":"https:\/\/gazdasagportal.hu\/index.php\/wp-json\/wp\/v2\/comments?post=104703"}],"version-history":[{"count":1,"href":"https:\/\/gazdasagportal.hu\/index.php\/wp-json\/wp\/v2\/posts\/104703\/revisions"}],"predecessor-version":[{"id":104704,"href":"https:\/\/gazdasagportal.hu\/index.php\/wp-json\/wp\/v2\/posts\/104703\/revisions\/104704"}],"wp:featuredmedia":[{"embeddable":true,"href":"https:\/\/gazdasagportal.hu\/index.php\/wp-json\/wp\/v2\/media\/103056"}],"wp:attachment":[{"href":"https:\/\/gazdasagportal.hu\/index.php\/wp-json\/wp\/v2\/media?parent=104703"}],"wp:term":[{"taxonomy":"category","embeddable":true,"href":"https:\/\/gazdasagportal.hu\/index.php\/wp-json\/wp\/v2\/categories?post=104703"},{"taxonomy":"post_tag","embeddable":true,"href":"https:\/\/gazdasagportal.hu\/index.php\/wp-json\/wp\/v2\/tags?post=104703"}],"curies":[{"name":"wp","href":"https:\/\/api.w.org\/{rel}","templated":true}]}}