{"id":104687,"date":"2018-04-19T21:15:54","date_gmt":"2018-04-19T19:15:54","guid":{"rendered":"http:\/\/gazdasagportal.hu\/?p=104687"},"modified":"2018-04-19T21:15:54","modified_gmt":"2018-04-19T19:15:54","slug":"alfoldi-tej-a-tesco-altal-visszahivott-riska-tej-veszelytelen","status":"publish","type":"post","link":"https:\/\/gazdasagportal.hu\/index.php\/alfoldi-tej-a-tesco-altal-visszahivott-riska-tej-veszelytelen\/","title":{"rendered":"Alf\u00f6ldi Tej: a Tesco \u00e1ltal visszah\u00edvott Riska tej vesz\u00e9lytelen"},"content":{"rendered":"<p><strong>A Tesco \u00e1ruh\u00e1zl\u00e1nc \u00e1ltal visszah\u00edvott Riska tej eg\u00e9szs\u00e9g\u00fcgyi szempontb\u00f3l vesz\u00e9lytelen &#8211; k\u00f6z\u00f6lte az Alf\u00f6ldi Tej Kft. cs\u00fct\u00f6rt\u00f6k\u00f6n az MTI-vel. <\/strong><!--more--><\/p>\n<div class=\"ads-in-post1\"><div id=\"gazdasagportal.hu_fullbanner_wideboard\"><\/div>\r\n<\/div>\n<p>    A Tesco \u00e1ruh\u00e1zl\u00e1nc biztons\u00e1gi okokra hivatkozva visszah\u00edvta az 1,5 sz\u00e1zal\u00e9kos Riska I love UHT tejet. A honlapj\u00e1n  \u00e1prilis 16-\u00e1n k\u00f6zz\u00e9tett felh\u00edv\u00e1sban arra k\u00e9rte a v\u00e1s\u00e1rl\u00f3kat, vigy\u00e9k vissza az Alf\u00f6ldi Tej Kft. term\u00e9k\u00e9t.<br \/>\n    Az Alf\u00f6ldi Tej Kft. a felh\u00edv\u00e1sra reag\u00e1lva k\u00f6z\u00f6lte: a visszah\u00edv\u00e1st a tejben tal\u00e1lt kism\u00e9ret\u0171 \u00fcled\u00e9kdarabk\u00e1k miatt rendelt\u00e9k el.<br \/>\n<div class=\"ads-in-post2\"><script async src=\"https:\/\/pagead2.googlesyndication.com\/pagead\/js\/adsbygoogle.js\"><\/script>\r\n<ins class=\"adsbygoogle\"\r\n     style=\"display:block\"\r\n     data-ad-format=\"fluid\"\r\n     data-ad-layout-key=\"-6t+ed+2i-1n-4w\"\r\n     data-ad-client=\"ca-pub-1959107119989764\"\r\n     data-ad-slot=\"4008251320\"><\/ins>\r\n<script>\r\n     (adsbygoogle = window.adsbygoogle || []).push({});\r\n<\/script><\/div>\n    Az ultramagas h\u0151m\u00e9rs\u00e9kleten t\u00f6rt\u00e9n\u0151 h\u0151kezel\u00e9s hat\u00e1s\u00e1ra a tejr\u00e9szecsk\u00e9k meg\u00e9ghettek \u00e9s \u00f6sszetapadhattak, \u00edgy kisebb m\u00e9ret\u0171 szemcs\u00e9k keletkeztek, de a term\u00e9k eg\u00e9szs\u00e9g\u00fcgyi szempontb\u00f3l vesz\u00e9lytelen &#8211; tudatta a c\u00e9g.<br \/>\n    &#8222;Az Alf\u00f6ldi Tej Kft. ez\u00faton k\u00e9r eln\u00e9z\u00e9st minden \u00e9rintett v\u00e1s\u00e1rl\u00f3t\u00f3l, \u00e9s \u00edg\u00e9retet tesz arra, hogy minden megel\u0151z\u0151 int\u00e9zked\u00e9st megtesz annak \u00e9rdek\u00e9ben, hogy a tov\u00e1bbiakban az eddig megszokott kiv\u00e1l\u00f3 min\u0151s\u00e9g\u0171 UHT tej ker\u00fclj\u00f6n a boltok polcaira&#8221; &#8211; \u00edrta k\u00f6zlem\u00e9ny\u00e9ben a kft.(MTI)<\/p>\n","protected":false},"excerpt":{"rendered":"<p>A Tesco \u00e1ruh\u00e1zl\u00e1nc \u00e1ltal visszah\u00edvott Riska tej eg\u00e9szs\u00e9g\u00fcgyi szempontb\u00f3l vesz\u00e9lytelen &#8211; k\u00f6z\u00f6lte az Alf\u00f6ldi Tej Kft. cs\u00fct\u00f6rt\u00f6k\u00f6n az MTI-vel.<\/p>\n","protected":false},"author":1,"featured_media":0,"comment_status":"closed","ping_status":"open","sticky":false,"template":"","format":"standard","meta":[],"categories":[4],"tags":[],"_links":{"self":[{"href":"https:\/\/gazdasagportal.hu\/index.php\/wp-json\/wp\/v2\/posts\/104687"}],"collection":[{"href":"https:\/\/gazdasagportal.hu\/index.php\/wp-json\/wp\/v2\/posts"}],"about":[{"href":"https:\/\/gazdasagportal.hu\/index.php\/wp-json\/wp\/v2\/types\/post"}],"author":[{"embeddable":true,"href":"https:\/\/gazdasagportal.hu\/index.php\/wp-json\/wp\/v2\/users\/1"}],"replies":[{"embeddable":true,"href":"https:\/\/gazdasagportal.hu\/index.php\/wp-json\/wp\/v2\/comments?post=104687"}],"version-history":[{"count":1,"href":"https:\/\/gazdasagportal.hu\/index.php\/wp-json\/wp\/v2\/posts\/104687\/revisions"}],"predecessor-version":[{"id":104688,"href":"https:\/\/gazdasagportal.hu\/index.php\/wp-json\/wp\/v2\/posts\/104687\/revisions\/104688"}],"wp:attachment":[{"href":"https:\/\/gazdasagportal.hu\/index.php\/wp-json\/wp\/v2\/media?parent=104687"}],"wp:term":[{"taxonomy":"category","embeddable":true,"href":"https:\/\/gazdasagportal.hu\/index.php\/wp-json\/wp\/v2\/categories?post=104687"},{"taxonomy":"post_tag","embeddable":true,"href":"https:\/\/gazdasagportal.hu\/index.php\/wp-json\/wp\/v2\/tags?post=104687"}],"curies":[{"name":"wp","href":"https:\/\/api.w.org\/{rel}","templated":true}]}}