{"id":10445,"date":"2013-06-23T09:58:09","date_gmt":"2013-06-23T07:58:09","guid":{"rendered":"http:\/\/stockportal.hu\/?p=10445"},"modified":"2013-06-23T09:58:13","modified_gmt":"2013-06-23T07:58:13","slug":"europaban-is-erositene-poziciojat-a-chevrolet","status":"publish","type":"post","link":"https:\/\/gazdasagportal.hu\/index.php\/europaban-is-erositene-poziciojat-a-chevrolet\/","title":{"rendered":"Eur\u00f3p\u00e1ban is er\u0151s\u00edten\u00e9 poz\u00edci\u00f3j\u00e1t a Chevrolet"},"content":{"rendered":"<p><strong>A General Motors egyik f\u0151 m\u00e1rk\u00e1ja, a Chevrolet az idei \u00e9vre egyel\u0151re m\u00e9g a tavalyi 2 sz\u00e1zal\u00e9k k\u00f6r\u00fcli piaci r\u00e9szesed\u00e9s megtart\u00e1s\u00e1t l\u00e1tja re\u00e1lisnak a magyarorsz\u00e1gi piacon, mik\u00f6zben 2,5 sz\u00e1zal\u00e9kot meghalad\u00f3 eur\u00f3pai teljes\u00edtm\u00e9ny\u00e9n tov\u00e1bb jav\u00edthat, mivel a m\u00e1rka az egyetlen b\u0151v\u00fcl\u0151 piaci szegmensben, a szabadid\u0151aut\u00f3 (SUV) kateg\u00f3ri\u00e1ban er\u0151s\u00edt &#8211; t\u00e1j\u00e9koztatta Kasz\u00e1s Zolt\u00e1n, a Chevrolet Magyarorsz\u00e1g pr-vezet\u0151je az MTI-t.<!--more--><\/strong><\/p>\n<p>A Chevrolet m\u00e1rkakeresked\u0151k tavaly megk\u00f6zel\u00edt\u0151leg 1000 j\u00e1rm\u0171vet adtak el Magyarorsz\u00e1gon, holott 2006-ban a magyar piacon az \u00e9ves elad\u00e1s a 8500 darabot is megk\u00f6zel\u00edtette, 4 sz\u00e1zal\u00e9kos piaci r\u00e9szesed\u00e9ssel. A magyarorsz\u00e1gi \u00fajaut\u00f3-piac drasztikus zsugorod\u00e1s\u00e1val p\u00e1rhuzamosan a m\u00e1rkakeresked\u00e9sek sz\u00e1ma is cs\u00f6kkent: jelenleg mind\u00f6ssze 22 keresked\u0151 foglalkozik ezzel a m\u00e1rk\u00e1val, sz\u00e1muk az ut\u00f3bbi \u00e9vben harmad\u00e1val lett kevesebb.<br \/>\nKasz\u00e1s Zolt\u00e1n r\u00e1mutatott: a magyar g\u00e9pj\u00e1rm\u0171piac jellemz\u0151je, hogy az elad\u00e1sok 70-80 sz\u00e1zal\u00e9ka c\u00e9ges flottav\u00e1s\u00e1rl\u00e1s, a keresked\u0151k sz\u00e1m\u00e1ra a v\u00e1ls\u00e1g \u00e9veiben ez volt a ment\u0151\u00f6v a mag\u00e1nv\u00e1s\u00e1rl\u00e1sok drasztikus visszaes\u00e9se k\u00f6zepette. A Chevrolet \u00e9rt\u00e9kes\u00edt\u00e9s\u00e9nek azonban jellemz\u0151en kevesebb mint a fele flottaelad\u00e1s, amit az is magyar\u00e1z, hogy az elm\u00falt id\u0151szakig nem rendelkezett a flottav\u00e1s\u00e1rl\u00f3i ig\u00e9nyekhez igazod\u00f3 modellpalett\u00e1val.<br \/>\nA Chevrolet ez\u00e9rt nagy rem\u00e9nyeket f\u0171z ahhoz, hogy m\u00e1ra minden szegmensben jelen van, az ut\u00f3bbi id\u0151szakban 14 \u00faj modellel friss\u00edtette fel aut\u00f3modell-palett\u00e1j\u00e1t. Az eur\u00f3pai piaci b\u0151v\u00fcl\u00e9shez l\u00f6k\u00e9st adhat sportc\u00e9l\u00fa haszonj\u00e1rm\u0171vek, szabadid\u0151aut\u00f3k (SUV &#8211; sport utility vehicle) csal\u00e1dj\u00e1nak b\u0151v\u00edt\u00e9se egy kiskateg\u00f3ri\u00e1j\u00fa modellel, a Traxszal. Az eur\u00f3pai aut\u00f3piacon jelenleg egyed\u00fcl a SUV-szegmens tud n\u00f6vekedni.<br \/>\nKasz\u00e1s Zolt\u00e1n eml\u00e9keztetett arra, hogy a Chevrolet hiteles gy\u00e1rt\u00f3 a SUV szegmens\u00e9ben, mivel 78 \u00e9vvel ezel\u0151tt, 1935-ben hozta ki a Chevrolet Suburban Carryallt, amely az els\u0151 SUV modell volt.<br \/>\nA Chevrolet a General Motors egyik vil\u00e1gm\u00e1rk\u00e1ja, amely \u00e9vente k\u00f6r\u00fclbel\u00fcl 4 milli\u00f3 j\u00e1rm\u0171vet ad el, t\u00f6bb mint 140 orsz\u00e1gban, ezzel a negyedik legt\u00f6bb aut\u00f3t \u00e9rt\u00e9kes\u00edt\u0151 m\u00e1rka. 2010-ben a piaci r\u00e9szesed\u00e9se Eur\u00f3p\u00e1ban 2,5 sz\u00e1zal\u00e9k f\u00f6l\u00e9 emelkedett, 477 194 aut\u00f3 \u00e9rt\u00e9kes\u00edt\u00e9s\u00e9vel. Eur\u00f3pai m\u00e1rkakeresked\u0151i \u00e9s m\u00e1rkaszerviz-h\u00e1l\u00f3zata 2700 tag\u00fa.<br \/>\nA GM michigani csoportj\u00e1nak m\u00e1rk\u00e1j\u00e1t kezdetben, 2006-t\u00f3l az Opel Southeast Europe koordin\u00e1lta Magyarorsz\u00e1gon, majd a General Motors Hungary \u00e1rszervez\u00e9s\u00e9vel a k\u00e9t m\u00e1rka kereskedelm\u00e9nek ir\u00e1ny\u00edt\u00e1sa szervezetileg k\u00fcl\u00f6nv\u00e1lt egym\u00e1st\u00f3l.(MTI)<\/p>\n","protected":false},"excerpt":{"rendered":"<p>A General Motors egyik f\u0151 m\u00e1rk\u00e1ja, a Chevrolet az idei \u00e9vre egyel\u0151re m\u00e9g a tavalyi 2 sz\u00e1zal\u00e9k k\u00f6r\u00fcli piaci r\u00e9szesed\u00e9s megtart\u00e1s\u00e1t l\u00e1tja re\u00e1lisnak a magyarorsz\u00e1gi piacon, mik\u00f6zben 2,5 sz\u00e1zal\u00e9kot meghalad\u00f3 eur\u00f3pai teljes\u00edtm\u00e9ny\u00e9n tov\u00e1bb jav\u00edthat, mivel a m\u00e1rka az egyetlen b\u0151v\u00fcl\u0151 piaci szegmensben, a szabadid\u0151aut\u00f3 (SUV) kateg\u00f3ri\u00e1ban er\u0151s\u00edt &#8211; t\u00e1j\u00e9koztatta Kasz\u00e1s Zolt\u00e1n, a Chevrolet Magyarorsz\u00e1g pr-vezet\u0151je &#8230;<\/p>\n","protected":false},"author":1,"featured_media":0,"comment_status":"open","ping_status":"closed","sticky":false,"template":"","format":"standard","meta":[],"categories":[12],"tags":[],"_links":{"self":[{"href":"https:\/\/gazdasagportal.hu\/index.php\/wp-json\/wp\/v2\/posts\/10445"}],"collection":[{"href":"https:\/\/gazdasagportal.hu\/index.php\/wp-json\/wp\/v2\/posts"}],"about":[{"href":"https:\/\/gazdasagportal.hu\/index.php\/wp-json\/wp\/v2\/types\/post"}],"author":[{"embeddable":true,"href":"https:\/\/gazdasagportal.hu\/index.php\/wp-json\/wp\/v2\/users\/1"}],"replies":[{"embeddable":true,"href":"https:\/\/gazdasagportal.hu\/index.php\/wp-json\/wp\/v2\/comments?post=10445"}],"version-history":[{"count":4,"href":"https:\/\/gazdasagportal.hu\/index.php\/wp-json\/wp\/v2\/posts\/10445\/revisions"}],"predecessor-version":[{"id":10466,"href":"https:\/\/gazdasagportal.hu\/index.php\/wp-json\/wp\/v2\/posts\/10445\/revisions\/10466"}],"wp:attachment":[{"href":"https:\/\/gazdasagportal.hu\/index.php\/wp-json\/wp\/v2\/media?parent=10445"}],"wp:term":[{"taxonomy":"category","embeddable":true,"href":"https:\/\/gazdasagportal.hu\/index.php\/wp-json\/wp\/v2\/categories?post=10445"},{"taxonomy":"post_tag","embeddable":true,"href":"https:\/\/gazdasagportal.hu\/index.php\/wp-json\/wp\/v2\/tags?post=10445"}],"curies":[{"name":"wp","href":"https:\/\/api.w.org\/{rel}","templated":true}]}}