{"id":104312,"date":"2018-04-06T12:28:34","date_gmt":"2018-04-06T10:28:34","guid":{"rendered":"http:\/\/gazdasagportal.hu\/?p=104312"},"modified":"2018-04-06T12:28:34","modified_gmt":"2018-04-06T10:28:34","slug":"elemzok-tovabb-gyorsul-az-ipari-termeles","status":"publish","type":"post","link":"https:\/\/gazdasagportal.hu\/index.php\/elemzok-tovabb-gyorsul-az-ipari-termeles\/","title":{"rendered":"Elemz\u0151k: tov\u00e1bb gyorsul az ipari termel\u00e9s"},"content":{"rendered":"<p><strong>A k\u00f6vetkez\u0151 h\u00f3napokban tov\u00e1bb gyorsul az ipari termel\u00e9s az MTI-nek nyilatkoz\u00f3 makrogazdas\u00e1gi elemz\u0151k szerint, az ipar teljes\u00edtm\u00e9nye a m\u00e1sodik f\u00e9l \u00e9vben n\u0151het l\u00e1tv\u00e1nyosabban, \u00e9ves \u00e1tlagban 5-8 sz\u00e1zal\u00e9k k\u00f6r\u00fcli emelked\u00e9st v\u00e1rnak.<\/strong><!--more--><\/p>\n<div class=\"ads-in-post1\"><div id=\"gazdasagportal.hu_fullbanner_wideboard\"><\/div>\r\n<\/div>\n<p>    A K\u00f6zponti Statisztikai Hivatal (KSH) p\u00e9nteken k\u00f6zz\u00e9tett els\u0151 becsl\u00e9se szerint febru\u00e1rban az ipari termel\u00e9s 4,1 sz\u00e1zal\u00e9kkal meghaladta az egy \u00e9vvel kor\u00e1bbit. Az el\u0151z\u0151 h\u00f3naphoz k\u00e9pest 0,5 sz\u00e1zal\u00e9kkal emelkedett az ipari kibocs\u00e1t\u00e1s febru\u00e1rban. A termel\u00e9s az \u00e9v els\u0151 k\u00e9t h\u00f3napj\u00e1ban 5,4 sz\u00e1zal\u00e9kkal nagyobb volt, mint az el\u0151z\u0151 \u00e9v azonos id\u0151szak\u00e1ban.<br \/>\n    Virov\u00e1cz P\u00e9ter, az ING Bank vezet\u0151 elemz\u0151je az MTI-hez eljuttatott komment\u00e1rj\u00e1ban arra utalt, hogy az \u00faj kapacit\u00e1sok folyamatos beindul\u00e1s\u00e1val a k\u00f6vetkez\u0151 h\u00f3napokban gyorsul\u00f3 ipari termel\u00e9si trend alakulhat ki, \u00e9s ezt a legut\u00f3bbi \u00fczleti felm\u00e9r\u00e9sek &#8211; \u00edgy a BMI trendje &#8211; is al\u00e1t\u00e1masztj\u00e1k. Id\u00e9n 8 sz\u00e1zal\u00e9kos n\u00f6veked\u00e9st v\u00e1rnak az ING elemz\u0151i, a tervezett \u00faj kapacit\u00e1sok beindul\u00e1s\u00e1t is felt\u00e9telezve.<br \/>\n    Az elemz\u0151 szerint a janu\u00e1rit k\u00f6vet\u0151 visszaes\u00e9st els\u0151sorban az er\u0151s b\u00e1zishat\u00e1s magyar\u00e1zza, hiszen tavaly febru\u00e1rban minden id\u0151k egyik legmagasabb h\u00f3\/h\u00f3 n\u00f6veked\u00e9s\u00e9t regisztr\u00e1lta az ipar. A n\u00e9met ipari teljes\u00edtm\u00e9ny v\u00e1rtn\u00e1l j\u00f3val gyeng\u00e9bb adata k\u00f6zvetve szint\u00e9n negat\u00edvan \u00e9rinthette a szektort.<br \/>\n<div class=\"ads-in-post2\"><script async src=\"https:\/\/pagead2.googlesyndication.com\/pagead\/js\/adsbygoogle.js\"><\/script>\r\n<ins class=\"adsbygoogle\"\r\n     style=\"display:block\"\r\n     data-ad-format=\"fluid\"\r\n     data-ad-layout-key=\"-6t+ed+2i-1n-4w\"\r\n     data-ad-client=\"ca-pub-1959107119989764\"\r\n     data-ad-slot=\"4008251320\"><\/ins>\r\n<script>\r\n     (adsbygoogle = window.adsbygoogle || []).push({});\r\n<\/script><\/div>\n    Suppan Gergely, a Takar\u00e9kbank elemz\u0151je kiemelte: a v\u00e1rakoz\u00e1soknak megfelel\u0151en lassult febru\u00e1rban janu\u00e1rral szemben  az ipari termel\u00e9s n\u00f6veked\u00e9si \u00fcteme, ami \u00f6sszhangban van a n\u00e9met \u00e9s a cseh ipar febru\u00e1ri lassul\u00e1s\u00e1val. Az ipari termel\u00e9s idei gyorsul\u00e1s\u00e1t az \u00e9v sor\u00e1n \u00fczembe l\u00e9p\u0151 \u00faj feldolgoz\u00f3ipari kapacit\u00e1sok is t\u00e1mogathatj\u00e1k. Az ipar \u00e9l\u00e9nk\u00fcl\u00e9se a m\u00e1sodik f\u00e9l \u00e9vben lehet l\u00e1tv\u00e1nyosabb a tavalyi m\u00e1sodik f\u00e9l\u00e9vi gyeng\u00e9bb b\u00e1zis miatt.<br \/>\n    Id\u00e9n \u00f6sszess\u00e9g\u00e9ben 7 sz\u00e1zal\u00e9k f\u00f6l\u00e9 gyorsulhat az ipari termel\u00e9s n\u00f6veked\u00e9se a tavalyi 4,8 sz\u00e1zal\u00e9k ut\u00e1n, ami jelent\u0151s m\u00e9rt\u00e9kben hozz\u00e1j\u00e1rulhat a GDP-n\u00f6veked\u00e9s idei gyorsul\u00e1s\u00e1hoz &#8211; \u00edrta.<br \/>\n    Az ipar er\u0151teljesebb n\u00f6veked\u00e9s\u00e9t a munkaer\u0151hi\u00e1ny akad\u00e1lyozhatja, \u00edgy el\u0151t\u00e9rbe ker\u00fclhetnek, egyes ter\u00fcleteken elker\u00fclhetetlenek a technol\u00f3giai \u00e9s g\u00e9pes\u00edt\u00e9si beruh\u00e1z\u00e1sok &#8211; tette hozz\u00e1 a Takar\u00e9kbank elemz\u0151je.<br \/>\n    N\u00e9meth D\u00e1vid, a K&#038;H Bank vezet\u0151 elemz\u0151je is kiemelte, hogy a magyar ipar teljes\u00edtm\u00e9nye f\u00fcgg a nemzetk\u00f6zi k\u00f6rnyezett\u0151l, \u00e9s a febru\u00e1ri n\u00e9met ipari adatok gyeng\u00e9re siker\u00fcltek. Ez \u00f3vatoss\u00e1gra ad okot magyar szempontb\u00f3l, mivel Magyarorsz\u00e1gnak N\u00e9metorsz\u00e1g a legnagyobb kereskedelmi partnere &#8211; k\u00f6z\u00f6lte. Tov\u00e1bbi kock\u00e1zatot jelentenek az elemz\u0151 szerint Donald Trump amerikai eln\u00f6k m\u00e1r bejelentett \u00e9s tervezett int\u00e9zked\u00e9sei, amelyek fesz\u00fclts\u00e9get kelthetnek a glob\u00e1lis kereskedelemben. Ugyanakkor pozit\u00edv hat\u00e1ssal lesznek a magyar ipar teljes\u00edtm\u00e9ny\u00e9re a k\u00f6vetkez\u0151 1-2 \u00e9vben ki\u00e9p\u00fcl\u0151 \u00faj &#8211; t\u00f6bbek k\u00f6z\u00f6tt j\u00e1rm\u0171ipari &#8211; gy\u00e1rt\u00f3kapacit\u00e1sok.<br \/>\n    A jelenlegi kil\u00e1t\u00e1sok alapj\u00e1n 2018-ban a magyar ipar 5 sz\u00e1zal\u00e9k k\u00f6r\u00fcli emelked\u00e9sre lehet k\u00e9pest &#8211; \u00edrta.<br \/>\n    Nyeste Orsolya, az Erste Bank szenior makrogazdas\u00e1gi elemz\u0151je k\u00f6z\u00f6lte: decemberben \u00e9s janu\u00e1rban is kifejezetten er\u0151s volt az ipari teljes\u00edtm\u00e9ny a havi indexek szerint, ehhez k\u00e9pest a febru\u00e1ri tov\u00e1bbi 0,5 sz\u00e1zal\u00e9kos havi n\u00f6veked\u00e9s kedvez\u0151. Hozz\u00e1tette: az ipari kil\u00e1t\u00e1sok tov\u00e1bbra is pozit\u00edvak, magas szinten \u00e1llnak az \u00fczleti bizalmi indexek, j\u00f3l alakul a konjunkt\u00fara a f\u0151bb exportpiacokon, illetve a kor\u00e1bbi \u00e9vek kapacit\u00e1sb\u0151v\u00edt\u00e9sei a szektorban kezdenek be\u00e9rni. Az idei \u00e9vben \u00edgy gyorsulhat a kibocs\u00e1t\u00e1s n\u00f6veked\u00e9s\u00e9nek \u00fcteme, az \u00e9v eg\u00e9sz\u00e9ben az ipari teljes\u00edtm\u00e9ny n\u00f6veked\u00e9se meghaladhatja majd az 5 sz\u00e1zal\u00e9kot, a GDP-n\u00f6veked\u00e9snek stabil b\u00e1zist jelentve &#8211; h\u00fazta al\u00e1.(MTI)<\/p>\n","protected":false},"excerpt":{"rendered":"<p>A k\u00f6vetkez\u0151 h\u00f3napokban tov\u00e1bb gyorsul az ipari termel\u00e9s az MTI-nek nyilatkoz\u00f3 makrogazdas\u00e1gi elemz\u0151k szerint, az ipar teljes\u00edtm\u00e9nye a m\u00e1sodik f\u00e9l \u00e9vben n\u0151het l\u00e1tv\u00e1nyosabban, \u00e9ves \u00e1tlagban 5-8 sz\u00e1zal\u00e9k k\u00f6r\u00fcli emelked\u00e9st v\u00e1rnak.<\/p>\n","protected":false},"author":1,"featured_media":0,"comment_status":"closed","ping_status":"open","sticky":false,"template":"","format":"standard","meta":[],"categories":[19],"tags":[],"_links":{"self":[{"href":"https:\/\/gazdasagportal.hu\/index.php\/wp-json\/wp\/v2\/posts\/104312"}],"collection":[{"href":"https:\/\/gazdasagportal.hu\/index.php\/wp-json\/wp\/v2\/posts"}],"about":[{"href":"https:\/\/gazdasagportal.hu\/index.php\/wp-json\/wp\/v2\/types\/post"}],"author":[{"embeddable":true,"href":"https:\/\/gazdasagportal.hu\/index.php\/wp-json\/wp\/v2\/users\/1"}],"replies":[{"embeddable":true,"href":"https:\/\/gazdasagportal.hu\/index.php\/wp-json\/wp\/v2\/comments?post=104312"}],"version-history":[{"count":1,"href":"https:\/\/gazdasagportal.hu\/index.php\/wp-json\/wp\/v2\/posts\/104312\/revisions"}],"predecessor-version":[{"id":104313,"href":"https:\/\/gazdasagportal.hu\/index.php\/wp-json\/wp\/v2\/posts\/104312\/revisions\/104313"}],"wp:attachment":[{"href":"https:\/\/gazdasagportal.hu\/index.php\/wp-json\/wp\/v2\/media?parent=104312"}],"wp:term":[{"taxonomy":"category","embeddable":true,"href":"https:\/\/gazdasagportal.hu\/index.php\/wp-json\/wp\/v2\/categories?post=104312"},{"taxonomy":"post_tag","embeddable":true,"href":"https:\/\/gazdasagportal.hu\/index.php\/wp-json\/wp\/v2\/tags?post=104312"}],"curies":[{"name":"wp","href":"https:\/\/api.w.org\/{rel}","templated":true}]}}