{"id":104306,"date":"2018-04-06T10:40:16","date_gmt":"2018-04-06T08:40:16","guid":{"rendered":"http:\/\/gazdasagportal.hu\/?p=104306"},"modified":"2018-04-06T10:40:16","modified_gmt":"2018-04-06T08:40:16","slug":"trump-az-amerikai-hatar-fele-tarto-bevandorlok-kozott-noket-eroszakolnak-meg","status":"publish","type":"post","link":"https:\/\/gazdasagportal.hu\/index.php\/trump-az-amerikai-hatar-fele-tarto-bevandorlok-kozott-noket-eroszakolnak-meg\/","title":{"rendered":"Trump: az amerikai hat\u00e1r fel\u00e9 tart\u00f3 bev\u00e1ndorl\u00f3k k\u00f6z\u00f6tt n\u0151ket er\u0151szakolnak meg"},"content":{"rendered":"<p><strong>Donald Trump amerikai eln\u00f6k cs\u00fct\u00f6rt\u00f6k\u00f6n este egy nyugat-virginiai rendezv\u00e9nyen azt \u00e1ll\u00edtotta, hogy ahol az amerikai hat\u00e1r fel\u00e9 tart\u00f3 illeg\u00e1lis bev\u00e1ndorl\u00f3k karav\u00e1nj\u00e1ban a n\u0151i migr\u00e1nsokat &#8222;soha nem l\u00e1tott m\u00e9rt\u00e9kben er\u0151szakolj\u00e1k meg&#8221;.  <\/strong><!--more--><\/p>\n<div class=\"ads-in-post1\"><div id=\"gazdasagportal.hu_fullbanner_wideboard\"><\/div>\r\n<\/div>\n<p>    Donald Trump m\u00e1r vissza is t\u00e9rt Washingtonba a rendezv\u00e9nyr\u0151l &#8211; ahol az ad\u00f3reformot n\u00e9pszer\u0171s\u00edtette -, amikor az ott elhangzottak r\u00e9szletei kezdtek megjelenni az amerikai sajt\u00f3ban \u00e9s azonnal \u00f3ri\u00e1si vit\u00e1t kavartak.<br \/>\n    A nyugat-virginiai White Sulphur Springsben tartott eszmecser\u00e9n az eln\u00f6k, mik\u00f6zben kem\u00e9nyebb, szigor\u00fabb biztons\u00e1gi int\u00e9zked\u00e9seket s\u00fcrgetett az amerikai-mexik\u00f3i hat\u00e1r\u00f6vezetben, kijelentette: az Egyes\u00fclt \u00c1llamok fel\u00e9 igyekv\u0151 migr\u00e1nsok karav\u00e1nj\u00e1ban \u00e9s a k\u00f6rny\u00e9k\u00e9n gyakori a nemi er\u0151szak, de &#8222;err\u0151l nem akarnak besz\u00e9lni, teh\u00e1t meg kell v\u00e1ltoztatnunk a t\u00f6rv\u00e9nyeinket&#8221;.<br \/>\n<div class=\"ads-in-post2\"><script async src=\"https:\/\/pagead2.googlesyndication.com\/pagead\/js\/adsbygoogle.js\"><\/script>\r\n<ins class=\"adsbygoogle\"\r\n     style=\"display:block\"\r\n     data-ad-format=\"fluid\"\r\n     data-ad-layout-key=\"-6t+ed+2i-1n-4w\"\r\n     data-ad-client=\"ca-pub-1959107119989764\"\r\n     data-ad-slot=\"4008251320\"><\/ins>\r\n<script>\r\n     (adsbygoogle = window.adsbygoogle || []).push({});\r\n<\/script><\/div>\n    Trump visszautalt egy 2015-ben, az eln\u00f6kv\u00e1laszt\u00e1si kamp\u00e1ny kezdetekor tett kijelent\u00e9s\u00e9re, amikor a mexik\u00f3i illeg\u00e1lis bev\u00e1ndorl\u00f3kr\u00f3l azt mondta, hogy &#8222;k\u00e1b\u00edt\u00f3szereket hoznak be, b\u0171n\u00f6z\u00e9st hoznak be, nemi er\u0151szakot k\u00f6vetnek el, de felt\u00e9telezem, vannak k\u00f6zt\u00fck n\u00e9h\u00e1ny rendes ember is&#8221;. Cs\u00fct\u00f6rt\u00f6k\u00f6n este meger\u0151s\u00edtette, hogy igaza volt akkor. &#8222;Eml\u00e9keznek a kor\u00e1bbi megjegyz\u00e9seimre, amelyeket a Trump-toronyban tettem? (&#8230;) Akkor mindenki azt mondta, hogy az t\u00fal kem\u00e9ny volt. Mert hogy a nemi er\u0151szak kifejez\u00e9st haszn\u00e1ltam&#8221; &#8211; fogalmazott.<br \/>\n    \u00c1ll\u00edt\u00e1s\u00e1nak igazol\u00e1s\u00e1ra Trump nem hozott fel konkr\u00e9t adatokat \u00e9s t\u00e9nyeket.<br \/>\n    A Buzzfeed News h\u00edrport\u00e1l \u00fajs\u00e1g\u00edr\u00f3ja, aki k\u00e9t h\u00e9t \u00f3ta egy\u00fctt menetel a migr\u00e1nsokkal, Twitter-bejegyz\u00e9sben reag\u00e1lt az elhangzottakra. &#8222;Senkit\u0151l nem hallottam, hogy a karav\u00e1nban vagy a k\u00f6rny\u00e9k\u00e9n valakit is meger\u0151szakoltak volna&#8221; &#8211; r\u00f6gz\u00edtette mikroblogj\u00e1ban Adolfo Flores \u00fajs\u00e1g\u00edr\u00f3.<br \/>\n    Az eml\u00edtett karav\u00e1n egy\u00e9bk\u00e9nt, amelynek \u00fatj\u00e1t egy amerikai sz\u00e9khely\u0171 civil szervezet szervezte, cs\u00fct\u00f6rt\u00f6k\u00f6n este meg\u00e9rkezett az amerikai-mexik\u00f3i hat\u00e1r k\u00f6zel\u00e9be.(MTI)<\/p>\n","protected":false},"excerpt":{"rendered":"<p>Donald Trump amerikai eln\u00f6k cs\u00fct\u00f6rt\u00f6k\u00f6n este egy nyugat-virginiai rendezv\u00e9nyen azt \u00e1ll\u00edtotta, hogy ahol az amerikai hat\u00e1r fel\u00e9 tart\u00f3 illeg\u00e1lis bev\u00e1ndorl\u00f3k karav\u00e1nj\u00e1ban a n\u0151i migr\u00e1nsokat &#8222;soha nem l\u00e1tott m\u00e9rt\u00e9kben er\u0151szakolj\u00e1k meg&#8221;.<\/p>\n","protected":false},"author":1,"featured_media":0,"comment_status":"closed","ping_status":"open","sticky":false,"template":"","format":"standard","meta":[],"categories":[13],"tags":[],"_links":{"self":[{"href":"https:\/\/gazdasagportal.hu\/index.php\/wp-json\/wp\/v2\/posts\/104306"}],"collection":[{"href":"https:\/\/gazdasagportal.hu\/index.php\/wp-json\/wp\/v2\/posts"}],"about":[{"href":"https:\/\/gazdasagportal.hu\/index.php\/wp-json\/wp\/v2\/types\/post"}],"author":[{"embeddable":true,"href":"https:\/\/gazdasagportal.hu\/index.php\/wp-json\/wp\/v2\/users\/1"}],"replies":[{"embeddable":true,"href":"https:\/\/gazdasagportal.hu\/index.php\/wp-json\/wp\/v2\/comments?post=104306"}],"version-history":[{"count":1,"href":"https:\/\/gazdasagportal.hu\/index.php\/wp-json\/wp\/v2\/posts\/104306\/revisions"}],"predecessor-version":[{"id":104307,"href":"https:\/\/gazdasagportal.hu\/index.php\/wp-json\/wp\/v2\/posts\/104306\/revisions\/104307"}],"wp:attachment":[{"href":"https:\/\/gazdasagportal.hu\/index.php\/wp-json\/wp\/v2\/media?parent=104306"}],"wp:term":[{"taxonomy":"category","embeddable":true,"href":"https:\/\/gazdasagportal.hu\/index.php\/wp-json\/wp\/v2\/categories?post=104306"},{"taxonomy":"post_tag","embeddable":true,"href":"https:\/\/gazdasagportal.hu\/index.php\/wp-json\/wp\/v2\/tags?post=104306"}],"curies":[{"name":"wp","href":"https:\/\/api.w.org\/{rel}","templated":true}]}}