{"id":104281,"date":"2018-04-05T15:42:01","date_gmt":"2018-04-05T13:42:01","guid":{"rendered":"http:\/\/gazdasagportal.hu\/?p=104281"},"modified":"2018-04-05T15:42:01","modified_gmt":"2018-04-05T13:42:01","slug":"allami-kituntetes-kapott-a-blackrock-budapest-alapkezelo-ugyvezeto-igazgatoja","status":"publish","type":"post","link":"https:\/\/gazdasagportal.hu\/index.php\/allami-kituntetes-kapott-a-blackrock-budapest-alapkezelo-ugyvezeto-igazgatoja\/","title":{"rendered":"\u00c1llami kit\u00fcntet\u00e9s kapott a BlackRock Budapest alapkezel\u0151 \u00fcgyvezet\u0151 igazgat\u00f3ja"},"content":{"rendered":"<p><strong>A Magyar \u00c9rdemrend lovagkeresztje kit\u00fcntet\u00e9st adta \u00e1t Melanie Seymournak, az alapkezel\u0151 BlackRock Budapest \u00fcgyvezet\u0151 igazgat\u00f3j\u00e1nak Szijj\u00e1rt\u00f3 P\u00e9ter k\u00fclgazdas\u00e1gi \u00e9s k\u00fcl\u00fcgyminiszter cs\u00fct\u00f6rt\u00f6k\u00f6n Budapesten.<\/strong><!--more--><\/p>\n<div class=\"ads-in-post1\"><div id=\"gazdasagportal.hu_fullbanner_wideboard\"><\/div>\r\n<\/div>\n<p>    A miniszter a kit\u00fcntet\u00e9st indokolva kiemelte: BlackRock alapkezel\u0151  magyarorsz\u00e1gi befektet\u00e9se nem csup\u00e1n munkahelyteremt\u0151 beruh\u00e1z\u00e1s volt, hanem azt is megmutatta, hogy a k\u00fclf\u00f6ldi tapasztalatszerz\u00e9st k\u00f6vet\u0151en van lehet\u0151s\u00e9g a magyar fiatalok hazat\u00e9r\u00e9s\u00e9re.<br \/>\n    A korm\u00e1ny nagyra \u00e9rt\u00e9keli az alapkezel\u0151 bizalm\u00e1t Magyarorsz\u00e1g ir\u00e1nt \u00e9s \u00fcdv\u00f6zli, hogy a BlackRock budapesti irod\u00e1j\u00e1ban m\u00e1r 300-an dolgoznak &#8211; jelentette ki Szijj\u00e1rt\u00f3 P\u00e9ter.<br \/>\n    A miniszter kiemelte, hogy a nemzetk\u00f6zi gazdas\u00e1g leger\u0151sebb szerepl\u0151i is b\u00edznak a magyarokban, k\u00fcl\u00f6n\u00f6sen a magyar fiatalokban \u00e9s nagyra \u00e9rt\u00e9kelik a k\u00e9pess\u00e9geiket. A BlackRock sz\u00e1mukra is biztos\u00edtott lehet\u0151s\u00e9get arra, hogy k\u00fclf\u00f6ldr\u0151l hazat\u00e9rve Magyarorsz\u00e1gon folytass\u00e1k a p\u00e1ly\u00e1jukat: sokan m\u00e1r az alapkezel\u0151 magyarorsz\u00e1gi beruh\u00e1z\u00e1s\u00e1nak londoni bejelent\u00e9sekor jelentkeztek az \u00faj budapesti k\u00f6zpontba &#8211; tette hozz\u00e1.<br \/>\n<div class=\"ads-in-post2\"><script async src=\"https:\/\/pagead2.googlesyndication.com\/pagead\/js\/adsbygoogle.js\"><\/script>\r\n<ins class=\"adsbygoogle\"\r\n     style=\"display:block\"\r\n     data-ad-format=\"fluid\"\r\n     data-ad-layout-key=\"-6t+ed+2i-1n-4w\"\r\n     data-ad-client=\"ca-pub-1959107119989764\"\r\n     data-ad-slot=\"4008251320\"><\/ins>\r\n<script>\r\n     (adsbygoogle = window.adsbygoogle || []).push({});\r\n<\/script><\/div>\n    A BlackRock alapkezel\u0151 magyarorsz\u00e1gi vezet\u0151je a kit\u00fcntet\u00e9s \u00e1tv\u00e9tel\u00e9t k\u00f6vet\u0151en a c\u00e9g budapesti innov\u00e1ci\u00f3s k\u00f6zpontj\u00e1nak megnyit\u00e1s\u00e1t a magyar fiatalok tehets\u00e9g\u00e9vel indokolta. Hangs\u00falyozta, hogy a Magyarorsz\u00e1gon megismert gondolkod\u00e1s nagyon k\u00f6zel \u00e1ll ahhoz, amit a BlackRock k\u00e9pvisel, \u00e9s mindezt hasznos\u00edtani tudja az \u00fczleti kult\u00fara ki\u00e9p\u00edt\u00e9s\u00e9ben.<br \/>\n    A fejlett \u00fczleti kult\u00far\u00e1t az igazgat\u00f3 szerint Magyarorsz\u00e1g is hasznos\u00edthatja, r\u00e1ad\u00e1sul sok k\u00fclf\u00f6ld\u00f6n dolgoz\u00f3 magyart is a hazat\u00e9r\u00e9sre \u00f6szt\u00f6n\u00f6zhet. A BlackRock 36 magyart tudott k\u00fclf\u00f6ldr\u0151l hazahozni &#8211; sokukat a csal\u00e1djukkal egy\u00fctt. E fiatal szakemberek olyan szakmai p\u00e1ly\u00e1t futhattak be itt, amit kor\u00e1bban csak k\u00fclf\u00f6ld\u00f6n rem\u00e9lhettek &#8211; tette hozz\u00e1.<br \/>\n    Az 1988-ban alap\u00edtott, New York-i sz\u00e9khely\u0171 alapkezel\u0151 csaknem 13 ezer alkalmazottat foglalkoztat 30 orsz\u00e1gban, vil\u00e1gszerte 25 ezer befektet\u00e9si k\u00f6zpontot tart f\u00f6nn \u00e9s t\u00f6bb mint 5 ezer milli\u00e1rd doll\u00e1rt kezel. Az Eur\u00f3p\u00e1t, Afrik\u00e1t \u00e9s a K\u00f6zel-Keletet lefed\u0151 EMEA-r\u00e9gi\u00f3ban csaknem 4 ezer munkat\u00e1rsa van.(MTI)<\/p>\n","protected":false},"excerpt":{"rendered":"<p>A Magyar \u00c9rdemrend lovagkeresztje kit\u00fcntet\u00e9st adta \u00e1t Melanie Seymournak, az alapkezel\u0151 BlackRock Budapest \u00fcgyvezet\u0151 igazgat\u00f3j\u00e1nak Szijj\u00e1rt\u00f3 P\u00e9ter k\u00fclgazdas\u00e1gi \u00e9s k\u00fcl\u00fcgyminiszter cs\u00fct\u00f6rt\u00f6k\u00f6n Budapesten.<\/p>\n","protected":false},"author":1,"featured_media":0,"comment_status":"closed","ping_status":"open","sticky":false,"template":"","format":"standard","meta":[],"categories":[4,19],"tags":[],"_links":{"self":[{"href":"https:\/\/gazdasagportal.hu\/index.php\/wp-json\/wp\/v2\/posts\/104281"}],"collection":[{"href":"https:\/\/gazdasagportal.hu\/index.php\/wp-json\/wp\/v2\/posts"}],"about":[{"href":"https:\/\/gazdasagportal.hu\/index.php\/wp-json\/wp\/v2\/types\/post"}],"author":[{"embeddable":true,"href":"https:\/\/gazdasagportal.hu\/index.php\/wp-json\/wp\/v2\/users\/1"}],"replies":[{"embeddable":true,"href":"https:\/\/gazdasagportal.hu\/index.php\/wp-json\/wp\/v2\/comments?post=104281"}],"version-history":[{"count":1,"href":"https:\/\/gazdasagportal.hu\/index.php\/wp-json\/wp\/v2\/posts\/104281\/revisions"}],"predecessor-version":[{"id":104282,"href":"https:\/\/gazdasagportal.hu\/index.php\/wp-json\/wp\/v2\/posts\/104281\/revisions\/104282"}],"wp:attachment":[{"href":"https:\/\/gazdasagportal.hu\/index.php\/wp-json\/wp\/v2\/media?parent=104281"}],"wp:term":[{"taxonomy":"category","embeddable":true,"href":"https:\/\/gazdasagportal.hu\/index.php\/wp-json\/wp\/v2\/categories?post=104281"},{"taxonomy":"post_tag","embeddable":true,"href":"https:\/\/gazdasagportal.hu\/index.php\/wp-json\/wp\/v2\/tags?post=104281"}],"curies":[{"name":"wp","href":"https:\/\/api.w.org\/{rel}","templated":true}]}}