{"id":104240,"date":"2018-04-04T13:43:01","date_gmt":"2018-04-04T11:43:01","guid":{"rendered":"http:\/\/gazdasagportal.hu\/?p=104240"},"modified":"2018-04-04T13:43:01","modified_gmt":"2018-04-04T11:43:01","slug":"tobb-mint-12-millio-tamogatoja-van-a-minority-safepack-europai-polgari-kezdemenyezesnek","status":"publish","type":"post","link":"https:\/\/gazdasagportal.hu\/index.php\/tobb-mint-12-millio-tamogatoja-van-a-minority-safepack-europai-polgari-kezdemenyezesnek\/","title":{"rendered":"T\u00f6bb mint 1,2 milli\u00f3 t\u00e1mogat\u00f3ja van a Minority SafePack eur\u00f3pai polg\u00e1ri kezdem\u00e9nyez\u00e9snek"},"content":{"rendered":"<p><strong>Az Eur\u00f3pai Uni\u00f3 t\u00f6bb mint 1 milli\u00f3 215 ezer polg\u00e1ra t\u00e1mogatta al\u00e1\u00edr\u00e1s\u00e1val a kisebbs\u00e9gi jogok eur\u00f3pai uni\u00f3s kodifik\u00e1ci\u00f3j\u00e1t szolg\u00e1l\u00f3, Minority SafePack elnevez\u00e9s\u0171 eur\u00f3pai polg\u00e1ri kezdem\u00e9nyez\u00e9st &#8211; jelentett\u00e9k be a kezdem\u00e9nyez\u0151k a n\u00e9metorsz\u00e1gi Flensburgban \u00e9s az erd\u00e9lyi Kolozsv\u00e1ron szerd\u00e1n egy id\u0151ben tartott sajt\u00f3t\u00e1j\u00e9koztat\u00f3jukon.<\/strong><!--more--><\/p>\n<div class=\"ads-in-post1\"><div id=\"gazdasagportal.hu_fullbanner_wideboard\"><\/div>\r\n<\/div>\n<p>    A kedden \u00e9jf\u00e9lkor z\u00e1rult al\u00e1\u00edr\u00e1sgy\u0171jt\u00e9s adatait Vincze Lor\u00e1nt, a Eur\u00f3pai Nemzetis\u00e9gek F\u00f6derat\u00edv Uni\u00f3ja (FUEN) erd\u00e9lyi eln\u00f6ke a flensburgi FUEN-irod\u00e1b\u00f3l k\u00f6z\u00f6lte, besz\u00e1mol\u00f3j\u00e1t a Rom\u00e1niai Magyar Demokrata Sz\u00f6vets\u00e9g (RMDSZ) kolozsv\u00e1ri irod\u00e1j\u00e1ban \u00e9l\u0151 k\u00f6zvet\u00edt\u00e9sben lehetett k\u00f6vetni.<br \/>\n    Vincze Lor\u00e1nt kijelentette: a Minority SafePack a legnagyobb projekt, amelyet valaha ind\u00edtottak a kisebbs\u00e9gi jogok\u00e9rt. Szerinte a kezdem\u00e9nyez\u00e9s azt mutatja, hogy az EU hivatalos szerveinek nemcsak a t\u00f6bbs\u00e9gekkel, hanem a kisebbs\u00e9gekkel szemben is vannak k\u00f6telezetts\u00e9gei.<br \/>\n<div class=\"ads-in-post2\"><script async src=\"https:\/\/pagead2.googlesyndication.com\/pagead\/js\/adsbygoogle.js\"><\/script>\r\n<ins class=\"adsbygoogle\"\r\n     style=\"display:block\"\r\n     data-ad-format=\"fluid\"\r\n     data-ad-layout-key=\"-6t+ed+2i-1n-4w\"\r\n     data-ad-client=\"ca-pub-1959107119989764\"\r\n     data-ad-slot=\"4008251320\"><\/ins>\r\n<script>\r\n     (adsbygoogle = window.adsbygoogle || []).push({});\r\n<\/script><\/div>\n    Vincze Lor\u00e1nt elmondta: az al\u00e1\u00edr\u00e1sgy\u0171jt\u00e9s befejez\u0151d\u00f6tt, de a pap\u00edralapon gy\u0171jt\u00f6tt al\u00e1\u00edr\u00e1sok \u00f6sszes\u00edt\u00e9se m\u00e9g folyamatban van, \u00edgy nem lehet m\u00e9g tudni az \u00f6sszegy\u0171jt\u00f6tt al\u00e1\u00edr\u00e1sok pontos sz\u00e1m\u00e1t. Az eln\u00f6k k\u00f6sz\u00f6netet mondott a kisebbs\u00e9gi \u00e9s a t\u00f6bbs\u00e9gi al\u00e1\u00edr\u00f3knak egyar\u00e1nt. Megjegyezte: az \u00f6sszegy\u0171jt\u00f6tt al\u00e1\u00edr\u00e1sokat az elk\u00f6vetkez\u0151 napokban adj\u00e1k le minden orsz\u00e1g illet\u00e9kes hat\u00f3s\u00e1gain\u00e1l, amelyeknek h\u00e1rom h\u00f3napjuk van ezek ellen\u0151rz\u00e9s\u00e9re. Ezt k\u00f6vet\u0151en egy \u00fajabb h\u00e1rom h\u00f3napos id\u0151szak k\u00f6vetkezik, amelyben k\u00fcl\u00f6nb\u00f6z\u0151 eur\u00f3pai f\u00f3rumokon meg kell vitatni a kezdem\u00e9nyez\u00e9st.<br \/>\n    A FUEN eln\u00f6ke szerint Eur\u00f3pa f\u0151v\u00e1rosainak is tekintettel kell lenni\u00fck a kezdem\u00e9nyez\u00e9sre, \u00e9s az egyes orsz\u00e1gokban alkalmazott j\u00f3 gyakorlatot a t\u00f6bbi orsz\u00e1gnak \u00e1t kell vennie, mert a jogokat egyenl\u0151en kell biztos\u00edtani a kisebbs\u00e9geknek.<br \/>\n    Hans Heinrich Hansen, a kezdem\u00e9nyez\u0151 bizotts\u00e1g d\u00e1niai n\u00e9met tagja, a FUEN kor\u00e1bbi eln\u00f6ke felid\u00e9zte az al\u00e1\u00edr\u00e1sgy\u0171jt\u00e9sig elvezet\u0151 nyolc\u00e9ves folyamat l\u00e9p\u00e9seit. \u00dagy v\u00e9lte: ez folyamat a r\u00e9gi\u00f3k Eur\u00f3p\u00e1j\u00e1nak a meger\u0151s\u00f6d\u00e9s\u00e9hez vezet. Rem\u00e9ny\u00e9t fejezte ki, hogy m\u00falt\u00e9 lesznek az olyan konfliktusok, mint amilyen a spanyol-katal\u00e1n is. Hozz\u00e1tette: ezek a konfliktusok p\u00e1rbesz\u00e9ddel oldhat\u00f3k meg, nem pedig b\u00f6rt\u00f6nb\u00fcntet\u00e9ssel.<br \/>\n    Kelemen Hunor RMDSZ-eln\u00f6k, a kezdem\u00e9nyez\u0151 bizotts\u00e1g tagja elmondta: a Rom\u00e1ni\u00e1ban \u00f6sszegy\u0171jt\u00f6tt al\u00e1\u00edr\u00e1sok sz\u00e1ma meghaladja a 303 ezret. Hozz\u00e1tette: az RMDSZ aktivist\u00e1i 13 orsz\u00e1gban seg\u00edtettek a kamp\u00e1ny szervez\u00e9s\u00e9ben, helyenk\u00e9nt koordin\u00e1lt\u00e1k a kamp\u00e1nyt, \u00e9s ez kiv\u00e1l\u00f3 alkalom volt az eur\u00f3pai tapasztalatszerz\u00e9sre.<br \/>\n    Az RMDSZ eln\u00f6ke val\u00f3sz\u00edn\u0171s\u00edtette, hogy a polg\u00e1ri kezdem\u00e9nyez\u00e9s \u00fcgy\u00e9vel \u00e9rdemben m\u00e1r csak a 2019-es eur\u00f3pai parlamenti v\u00e1laszt\u00e1sok ut\u00e1n fel\u00e1ll\u00f3 Eur\u00f3pai Bizotts\u00e1g fog foglalkozni. Az ezt megel\u0151z\u0151 id\u0151szakra azt tartotta feladatnak, hogy min\u00e9l t\u00f6bb eur\u00f3pai d\u00f6nt\u00e9sel\u0151k\u00e9sz\u00edt\u0151t \u00e9s d\u00f6nt\u00e9shoz\u00f3t meggy\u0151zzenek arr\u00f3l, hogy a k\u00e9rt szab\u00e1lyoz\u00e1sok nem ir\u00e1nyulnak senki ellen. &#8222;Senkit\u0151l nem k\u00edv\u00e1nunk elvenni semmit, hanem a mi \u00e9rt\u00e9keinket szeretn\u00e9nk hozz\u00e1tenni Eur\u00f3pa j\u00f6v\u0151j\u00e9hez&#8221; &#8211; fogalmazott.<br \/>\n    A politikus felid\u00e9zte, hogy Rom\u00e1nia t\u00f6bb rendben is akad\u00e1lyozni pr\u00f3b\u00e1lta a kezdem\u00e9nyez\u00e9s siker\u00e9t. Megeml\u00edtette: 2014-ben az\u00e9rt l\u00e9pett ki a Victor Ponta \u00e1ltal vezetett korm\u00e1nyb\u00f3l, mert Rom\u00e1nia az \u0151 megk\u00e9rdez\u00e9se n\u00e9lk\u00fcl l\u00e9pett be a polg\u00e1ri kezdem\u00e9nyez\u00e9s elleni perbe. Hozz\u00e1tette: Rom\u00e1nia minden bizonnyal az Eur\u00f3pai Tan\u00e1csban is kifog\u00e1sokat fog emelni a kisebbs\u00e9gi jogok EU-s kodifik\u00e1l\u00e1sa ellen, de \u00fagy v\u00e9lte: a kezdem\u00e9nyez\u0151k \u00e9rvei er\u0151sebbek.<br \/>\n    Arra az \u00fajs\u00e1g\u00edr\u00f3i k\u00e9rd\u00e9sre, hogy nem fogja-e az Eur\u00f3pai Bizotts\u00e1g magyar \u00fcgynek tekinteni a kezdem\u00e9nyez\u00e9st abb\u00f3l fakad\u00f3an, hogy az al\u00e1\u00edr\u00e1sok h\u00e1romnegyede magyarokt\u00f3l sz\u00e1rmazik, Kelemen Hunor kijelentette: soha nem tagadt\u00e1k, hogy a kezdem\u00e9nyez\u00e9s siker\u00e9hez er\u0151s K\u00e1rp\u00e1t-medencei \u00e9rdek f\u0171z\u0151dik, de hozz\u00e1tette: a stabilit\u00e1s \u00e9s a n\u00e9pek b\u00e9k\u00e9s egy\u00fctt\u00e9l\u00e9se eur\u00f3pai \u00e9rdek is egyben.<br \/>\n(MTI)<\/p>\n","protected":false},"excerpt":{"rendered":"<p>Az Eur\u00f3pai Uni\u00f3 t\u00f6bb mint 1 milli\u00f3 215 ezer polg\u00e1ra t\u00e1mogatta al\u00e1\u00edr\u00e1s\u00e1val a kisebbs\u00e9gi jogok eur\u00f3pai uni\u00f3s kodifik\u00e1ci\u00f3j\u00e1t szolg\u00e1l\u00f3, Minority SafePack elnevez\u00e9s\u0171 eur\u00f3pai polg\u00e1ri kezdem\u00e9nyez\u00e9st &#8211; jelentett\u00e9k be a kezdem\u00e9nyez\u0151k a n\u00e9metorsz\u00e1gi Flensburgban \u00e9s az erd\u00e9lyi Kolozsv\u00e1ron szerd\u00e1n egy id\u0151ben tartott sajt\u00f3t\u00e1j\u00e9koztat\u00f3jukon.<\/p>\n","protected":false},"author":1,"featured_media":0,"comment_status":"closed","ping_status":"open","sticky":false,"template":"","format":"standard","meta":[],"categories":[12],"tags":[],"_links":{"self":[{"href":"https:\/\/gazdasagportal.hu\/index.php\/wp-json\/wp\/v2\/posts\/104240"}],"collection":[{"href":"https:\/\/gazdasagportal.hu\/index.php\/wp-json\/wp\/v2\/posts"}],"about":[{"href":"https:\/\/gazdasagportal.hu\/index.php\/wp-json\/wp\/v2\/types\/post"}],"author":[{"embeddable":true,"href":"https:\/\/gazdasagportal.hu\/index.php\/wp-json\/wp\/v2\/users\/1"}],"replies":[{"embeddable":true,"href":"https:\/\/gazdasagportal.hu\/index.php\/wp-json\/wp\/v2\/comments?post=104240"}],"version-history":[{"count":1,"href":"https:\/\/gazdasagportal.hu\/index.php\/wp-json\/wp\/v2\/posts\/104240\/revisions"}],"predecessor-version":[{"id":104241,"href":"https:\/\/gazdasagportal.hu\/index.php\/wp-json\/wp\/v2\/posts\/104240\/revisions\/104241"}],"wp:attachment":[{"href":"https:\/\/gazdasagportal.hu\/index.php\/wp-json\/wp\/v2\/media?parent=104240"}],"wp:term":[{"taxonomy":"category","embeddable":true,"href":"https:\/\/gazdasagportal.hu\/index.php\/wp-json\/wp\/v2\/categories?post=104240"},{"taxonomy":"post_tag","embeddable":true,"href":"https:\/\/gazdasagportal.hu\/index.php\/wp-json\/wp\/v2\/tags?post=104240"}],"curies":[{"name":"wp","href":"https:\/\/api.w.org\/{rel}","templated":true}]}}