{"id":104236,"date":"2018-04-04T12:05:12","date_gmt":"2018-04-04T10:05:12","guid":{"rendered":"http:\/\/gazdasagportal.hu\/?p=104236"},"modified":"2018-04-04T12:05:12","modified_gmt":"2018-04-04T10:05:12","slug":"izrael-egyelore-nem-telepit-migransokat-nyugatra","status":"publish","type":"post","link":"https:\/\/gazdasagportal.hu\/index.php\/izrael-egyelore-nem-telepit-migransokat-nyugatra\/","title":{"rendered":"Izrael egyel\u0151re nem telep\u00edt migr\u00e1nsokat Nyugatra"},"content":{"rendered":"<p><strong>Az \u00e9rintett orsz\u00e1gok tiltakoz\u00e1sa nyom\u00e1n Izrael felf\u00fcggesztette az ENSZ-el k\u00f6t\u00f6tt meg\u00e1llapod\u00e1s v\u00e9grehajt\u00e1s\u00e1t, amely szerint afrikai illeg\u00e1lis migr\u00e1nsokat telep\u00edtettek volna \u00e1t nyugati orsz\u00e1gokba &#8211; k\u00f6z\u00f6lte a Migr\u00e1ci\u00f3kutat\u00f3 Int\u00e9zet szak\u00e9rt\u0151je az M1 aktu\u00e1lis csatorna szerdai m\u0171sor\u00e1ban.<\/strong><!--more--><\/p>\n<div class=\"ads-in-post1\"><div id=\"gazdasagportal.hu_fullbanner_wideboard\"><\/div>\r\n<\/div>\n<p>    Janik Szabolcs hangs\u00falyozta: p\u00e9ld\u00e1tlan, hogy az ENSZ an\u00e9lk\u00fcl egyezzen meg egy kibocs\u00e1t\u00f3 orsz\u00e1ggal migr\u00e1nsok \u00e1ttelep\u00edt\u00e9s\u00e9r\u0151l, hogy azt egyeztetn\u00e9 a befogad\u00f3 \u00e1llamokkal.<br \/>\n    Egy nemzetk\u00f6zi szervezetnek nem feladata, hogy t\u00e1rsadalmi szempontb\u00f3l neh\u00e9z \u00fcgyeket \u00edgy pr\u00f3b\u00e1ljon megoldani, ez\u00e9rt a l\u00e9p\u00e9s nem szerencs\u00e9s &#8211; v\u00e9lekedett.<br \/>\n<div class=\"ads-in-post2\"><script async src=\"https:\/\/pagead2.googlesyndication.com\/pagead\/js\/adsbygoogle.js\"><\/script>\r\n<ins class=\"adsbygoogle\"\r\n     style=\"display:block\"\r\n     data-ad-format=\"fluid\"\r\n     data-ad-layout-key=\"-6t+ed+2i-1n-4w\"\r\n     data-ad-client=\"ca-pub-1959107119989764\"\r\n     data-ad-slot=\"4008251320\"><\/ins>\r\n<script>\r\n     (adsbygoogle = window.adsbygoogle || []).push({});\r\n<\/script><\/div>\n    A szak\u00e9rt\u0151 elmondta, hogy Izraelben mintegy 40 ezer afrikai migr\u00e1ns tart\u00f3zkodik. A h\u00edrek arr\u00f3l sz\u00f3ltak, hogy Izrael \u00e9s az ENSZ Menek\u00fclt\u00fcgyi F\u0151biztoss\u00e1g\u00e1nak (UNHCR) meg\u00e1llapod\u00e1sa alapj\u00e1n 16 ezret telep\u00edtettek volna \u00e1t Kanad\u00e1ba, N\u00e9metorsz\u00e1gba \u00e9s Olaszorsz\u00e1gba, \u00e1m az \u00e9rintett \u00e1llamok tiltakoztak a bevon\u00e1suk n\u00e9lk\u00fcl sz\u00fcletett meg\u00e1llapod\u00e1s ellen.(MTI)<\/p>\n","protected":false},"excerpt":{"rendered":"<p>Az \u00e9rintett orsz\u00e1gok tiltakoz\u00e1sa nyom\u00e1n Izrael felf\u00fcggesztette az ENSZ-el k\u00f6t\u00f6tt meg\u00e1llapod\u00e1s v\u00e9grehajt\u00e1s\u00e1t, amely szerint afrikai illeg\u00e1lis migr\u00e1nsokat telep\u00edtettek volna \u00e1t nyugati orsz\u00e1gokba &#8211; k\u00f6z\u00f6lte a Migr\u00e1ci\u00f3kutat\u00f3 Int\u00e9zet szak\u00e9rt\u0151je az M1 aktu\u00e1lis csatorna szerdai m\u0171sor\u00e1ban.<\/p>\n","protected":false},"author":1,"featured_media":0,"comment_status":"closed","ping_status":"open","sticky":false,"template":"","format":"standard","meta":[],"categories":[12,16],"tags":[],"_links":{"self":[{"href":"https:\/\/gazdasagportal.hu\/index.php\/wp-json\/wp\/v2\/posts\/104236"}],"collection":[{"href":"https:\/\/gazdasagportal.hu\/index.php\/wp-json\/wp\/v2\/posts"}],"about":[{"href":"https:\/\/gazdasagportal.hu\/index.php\/wp-json\/wp\/v2\/types\/post"}],"author":[{"embeddable":true,"href":"https:\/\/gazdasagportal.hu\/index.php\/wp-json\/wp\/v2\/users\/1"}],"replies":[{"embeddable":true,"href":"https:\/\/gazdasagportal.hu\/index.php\/wp-json\/wp\/v2\/comments?post=104236"}],"version-history":[{"count":1,"href":"https:\/\/gazdasagportal.hu\/index.php\/wp-json\/wp\/v2\/posts\/104236\/revisions"}],"predecessor-version":[{"id":104237,"href":"https:\/\/gazdasagportal.hu\/index.php\/wp-json\/wp\/v2\/posts\/104236\/revisions\/104237"}],"wp:attachment":[{"href":"https:\/\/gazdasagportal.hu\/index.php\/wp-json\/wp\/v2\/media?parent=104236"}],"wp:term":[{"taxonomy":"category","embeddable":true,"href":"https:\/\/gazdasagportal.hu\/index.php\/wp-json\/wp\/v2\/categories?post=104236"},{"taxonomy":"post_tag","embeddable":true,"href":"https:\/\/gazdasagportal.hu\/index.php\/wp-json\/wp\/v2\/tags?post=104236"}],"curies":[{"name":"wp","href":"https:\/\/api.w.org\/{rel}","templated":true}]}}