{"id":104228,"date":"2018-04-04T08:58:12","date_gmt":"2018-04-04T06:58:12","guid":{"rendered":"http:\/\/gazdasagportal.hu\/?p=104228"},"modified":"2018-04-04T09:01:55","modified_gmt":"2018-04-04T07:01:55","slug":"emelkedesre-szamitanak-az-elemzok-a-tozsden-3","status":"publish","type":"post","link":"https:\/\/gazdasagportal.hu\/index.php\/emelkedesre-szamitanak-az-elemzok-a-tozsden-3\/","title":{"rendered":"Emelked\u00e9sre sz\u00e1m\u00edtanak az elemz\u0151k a t\u0151zsd\u00e9n"},"content":{"rendered":"<p><strong>Emelked\u00e9sre sz\u00e1m\u00edtanak a Budapesti \u00c9rt\u00e9kt\u0151zsd\u00e9n (B\u00c9T) szerd\u00e1n az MTI-nek nyilatkoz\u00f3 piaci szak\u00e9rt\u0151k.<\/strong><!--more--><\/p>\n<div class=\"ads-in-post1\"><div id=\"gazdasagportal.hu_fullbanner_wideboard\"><\/div>\r\n<\/div>\n<p>    R\u00f6vid Szabolcs, a Concorde \u00c9rt\u00e9kpap\u00edr Zrt. elemz\u0151je elmondta: enyhe optimista hangulat uralkodik a nemzetk\u00f6zi r\u00e9szv\u00e9nypiacokon, \u00edgy a magyar piacon szerd\u00e1n is emelked\u00e9s v\u00e1rhat\u00f3.<br \/>\n    Az elemz\u0151 felid\u00e9zte, hogy a B\u00c9T kedden kiemelked\u0151 teljes\u00edtm\u00e9nyt ny\u00fajtott, emiatt az eur\u00f3pai \u00e9s a r\u00e9gi\u00f3s r\u00e9szv\u00e9nypiacokat is fel\u00fclteljes\u00edtette. A magyar piac keddi eredm\u00e9ny\u00e9ben fontos szerepet j\u00e1tszott a Richter \u00e9s a Mol is.<br \/>\n    R\u00f6vid Szabolcs megjegyezte, hogy kedden fontos pozit\u00edv h\u00edr \u00e9rkezett a Richterrel kapcsolatban, ugyanis a gy\u00f3gyszergy\u00e1rt\u00f3 c\u00e9g a B\u00c9T honlapj\u00e1n k\u00f6z\u00f6lte, hogy \u00fajabb klinikai vizsg\u00e1lat bizony\u00edtja a Richter cariprazine hat\u00f3anyag\u00fa eredeti k\u00e9sz\u00edtm\u00e9ny\u00e9nek hat\u00e1soss\u00e1g\u00e1t a bipol\u00e1ris depresszi\u00f3 egyik t\u00edpus\u00e1nak kezel\u00e9s\u00e9ben.<br \/>\n<div class=\"ads-in-post2\"><script async src=\"https:\/\/pagead2.googlesyndication.com\/pagead\/js\/adsbygoogle.js\"><\/script>\r\n<ins class=\"adsbygoogle\"\r\n     style=\"display:block\"\r\n     data-ad-format=\"fluid\"\r\n     data-ad-layout-key=\"-6t+ed+2i-1n-4w\"\r\n     data-ad-client=\"ca-pub-1959107119989764\"\r\n     data-ad-slot=\"4008251320\"><\/ins>\r\n<script>\r\n     (adsbygoogle = window.adsbygoogle || []).push({});\r\n<\/script><\/div>\n    Varga Zolt\u00e1n, az Equilor Befektet\u00e9si Zrt. senior elemz\u0151j\u00e9nek komment\u00e1rja szerint a nemzetk\u00f6zi piacokon tov\u00e1bbra sincs egy\u00e9rtelm\u0171 ir\u00e1ny, a tengerent\u00fali indexek pozit\u00edv korrekci\u00f3val z\u00e1rtak, \u00c1zsi\u00e1ban azonban vegyesen mozognak az indexek. Emiatt a magyar piacon a keddi z\u00e1r\u00f3szintek k\u00f6zel\u00e9ben indulhat a keresked\u00e9s szerd\u00e1n.<br \/>\n    A vezet\u0151 r\u00e9szv\u00e9nyek k\u00f6z\u00fcl az OTP mozg\u00e1sa lehet izgalmas, amely a t\u00f6rt\u00e9nelmi maximuma (11 780 forint) fel\u00e9 k\u00f6zel\u00edt, illetve a Mol grafikonj\u00e1n egy egy\u00e9rtelm\u0171, pozit\u00edv fordul\u00f3s jelz\u00e9s jelent meg kedden, \u00edgy v\u00e9lhet\u0151en folytat\u00f3dik a r\u00e9szv\u00e9nyek \u00e1rfolyam\u00e1nak az emelked\u00e9se &#8211; tette hozz\u00e1.<br \/>\n    Kiemelte, hogy d\u00e9lel\u0151tt 11 \u00f3rakor \u00e9rkeznek az infl\u00e1ci\u00f3s adatok az eur\u00f3z\u00f3n\u00e1b\u00f3l, amelyre nagy hangs\u00falyt helyeznek, ugyanis az Eur\u00f3pai K\u00f6zponti Bank els\u0151sorban az infl\u00e1ci\u00f3s folyamatok alakul\u00e1s\u00e1t\u00f3l teszi f\u00fcgg\u0151v\u00e9 a j\u00f6v\u0151beni monet\u00e1ris politik\u00e1j\u00e1t.<br \/>\n    Az elemz\u0151 arr\u00f3l is besz\u00e1molt, hogy a Richter kedden tette k\u00f6zz\u00e9 a konszolid\u00e1lt eredm\u00e9ny besz\u00e1mol\u00f3j\u00e1t a 2017-es \u00e9vr\u0151l. A v\u00e1llalat az ESMYA miatt 42 milli\u00e1rd forintos \u00e9rt\u00e9kveszt\u00e9st k\u00f6nyvelt el. Az ad\u00f3zott eredm\u00e9ny a nem ellen\u0151rz\u0151 r\u00e9szesed\u00e9sekre jut\u00f3 eredm\u00e9nnyel egy\u00fctt 10 milli\u00e1rd forint lett, ezzel szemben durv\u00e1n 12,7 milli\u00e1rd forint ker\u00fclhet osztal\u00e9k form\u00e1j\u00e1ban a r\u00e9szv\u00e9nyesekhez.<br \/>\n    A Budapesti \u00c9rt\u00e9kt\u0151zsde r\u00e9szv\u00e9nyindexe, a BUX 608,64 pontos, 1,63 sz\u00e1zal\u00e9kos emelked\u00e9ssel, 37 867,54 ponton z\u00e1rt kedden. A r\u00e9szv\u00e9nypiac forgalma 9 milli\u00e1rd forint volt. A Mol 88 forinttal, 3,17 sz\u00e1zal\u00e9kkal, 2860 forintra er\u0151s\u00f6d\u00f6tt, 1,6 milli\u00e1rd forintos forgalomban. Az OTP-r\u00e9szv\u00e9nyek \u00e1ra 90 forinttal, 0,79 sz\u00e1zal\u00e9kkal, 11 510 forintra n\u0151tt, forgalmuk 3,3 milli\u00e1rd forintot tett ki. A Magyar Telekom \u00e1rfolyama 2,50 forinttal, 0,55 sz\u00e1zal\u00e9kkal, 451 forintra cs\u00f6kkent, forgalma 180,7 milli\u00f3 forint volt. A Richter-pap\u00edrok \u00e1rfolyama 95 forinttal, 1,79 sz\u00e1zal\u00e9kkal, 5400 forintra emelkedett, forgalmuk 1,8 milli\u00e1rd forintot \u00e9rt el.<br \/>\n(MTI)<\/p>\n","protected":false},"excerpt":{"rendered":"<p>Emelked\u00e9sre sz\u00e1m\u00edtanak a Budapesti \u00c9rt\u00e9kt\u0151zsd\u00e9n (B\u00c9T) szerd\u00e1n az MTI-nek nyilatkoz\u00f3 piaci szak\u00e9rt\u0151k.<\/p>\n","protected":false},"author":1,"featured_media":0,"comment_status":"closed","ping_status":"open","sticky":false,"template":"","format":"standard","meta":[],"categories":[7],"tags":[],"_links":{"self":[{"href":"https:\/\/gazdasagportal.hu\/index.php\/wp-json\/wp\/v2\/posts\/104228"}],"collection":[{"href":"https:\/\/gazdasagportal.hu\/index.php\/wp-json\/wp\/v2\/posts"}],"about":[{"href":"https:\/\/gazdasagportal.hu\/index.php\/wp-json\/wp\/v2\/types\/post"}],"author":[{"embeddable":true,"href":"https:\/\/gazdasagportal.hu\/index.php\/wp-json\/wp\/v2\/users\/1"}],"replies":[{"embeddable":true,"href":"https:\/\/gazdasagportal.hu\/index.php\/wp-json\/wp\/v2\/comments?post=104228"}],"version-history":[{"count":1,"href":"https:\/\/gazdasagportal.hu\/index.php\/wp-json\/wp\/v2\/posts\/104228\/revisions"}],"predecessor-version":[{"id":104229,"href":"https:\/\/gazdasagportal.hu\/index.php\/wp-json\/wp\/v2\/posts\/104228\/revisions\/104229"}],"wp:attachment":[{"href":"https:\/\/gazdasagportal.hu\/index.php\/wp-json\/wp\/v2\/media?parent=104228"}],"wp:term":[{"taxonomy":"category","embeddable":true,"href":"https:\/\/gazdasagportal.hu\/index.php\/wp-json\/wp\/v2\/categories?post=104228"},{"taxonomy":"post_tag","embeddable":true,"href":"https:\/\/gazdasagportal.hu\/index.php\/wp-json\/wp\/v2\/tags?post=104228"}],"curies":[{"name":"wp","href":"https:\/\/api.w.org\/{rel}","templated":true}]}}