{"id":104152,"date":"2018-03-31T13:39:33","date_gmt":"2018-03-31T11:39:33","guid":{"rendered":"http:\/\/gazdasagportal.hu\/?p=104152"},"modified":"2018-03-30T10:41:39","modified_gmt":"2018-03-30T08:41:39","slug":"afganisztan-ahol-a-viz-elelmet-jelent","status":"publish","type":"post","link":"https:\/\/gazdasagportal.hu\/index.php\/afganisztan-ahol-a-viz-elelmet-jelent\/","title":{"rendered":"Afganiszt\u00e1n \u2013 ahol a v\u00edz \u00e9lelmet jelent"},"content":{"rendered":"<p><strong>A t\u00f6bb \u00e9vsz\u00e1zados v\u00edzrendszerek \u00fajj\u00e1\u00e9p\u00edt\u00e9s\u00e9vel jav\u00edtanak az \u00e9lelmiszertermel\u00e9sen \u00e9s \u00e9letmin\u0151s\u00e9gen<\/strong><!--more--><\/p>\n<div class=\"ads-in-post1\"><div id=\"gazdasagportal.hu_fullbanner_wideboard\"><\/div>\r\n<\/div>\n<p>&nbsp;<\/p>\n<p>Az afganiszt\u00e1ni gazdas\u00e1g t\u00f6bb mint egyharmad\u00e1t a mez\u0151gazdas\u00e1g teszi ki, amely orsz\u00e1g lakoss\u00e1g\u00e1nak h\u00e1romnegyed\u00e9t foglalkoztatja. Az orsz\u00e1g \u00e9lelmiszertermel\u00e9s\u00e9nek mintegy 85 %-a sz\u00e1rmazik \u00f6nt\u00f6z\u00e9ses gazd\u00e1lkod\u00e1sb\u00f3l.<\/p><div id=\"gazda-2294006499\" class=\"gazda-tartalomban gazda-entity-placement\"><script async src=\"https:\/\/pagead2.googlesyndication.com\/pagead\/js\/adsbygoogle.js\"><\/script>\r\n<ins class=\"adsbygoogle\"\r\n     style=\"display:block\"\r\n     data-ad-format=\"fluid\"\r\n     data-ad-layout-key=\"-6t+ed+2i-1n-4w\"\r\n     data-ad-client=\"ca-pub-1959107119989764\"\r\n     data-ad-slot=\"4008251320\"><\/ins>\r\n<script>\r\n     (adsbygoogle = window.adsbygoogle || []).push({});\r\n<\/script><\/div>\n<p>&nbsp;<\/p>\n<p>A Hari Rud foly\u00f3 vize (\u201eRud\u201d perzs\u00e1ul foly\u00f3t jelent) \u00e9vsz\u00e1zadok \u00f3ta n\u00e9lk\u00fcl\u00f6zhetetlen a mez\u0151gazdas\u00e1gi f\u00f6ldek \u00f6nt\u00f6z\u00e9s\u00e9hez. A foly\u00f3 t\u00f6bb mint 1000 kilom\u00e9teren szeli \u00e1t az orsz\u00e1got, kereszt\u00fclhas\u00edtva a k\u00f6z\u00e9p- \u00e9s nyugat-afganiszt\u00e1ni v\u00f6r\u00f6s sziklarengeteget, T\u00fcrkmeniszt\u00e1n ir\u00e1ny\u00e1ba elhagyja Afganiszt\u00e1nt.<\/p>\n<div class=\"ads-in-post2\"><script async src=\"https:\/\/pagead2.googlesyndication.com\/pagead\/js\/adsbygoogle.js\"><\/script>\r\n<ins class=\"adsbygoogle\"\r\n     style=\"display:block\"\r\n     data-ad-format=\"fluid\"\r\n     data-ad-layout-key=\"-6t+ed+2i-1n-4w\"\r\n     data-ad-client=\"ca-pub-1959107119989764\"\r\n     data-ad-slot=\"4008251320\"><\/ins>\r\n<script>\r\n     (adsbygoogle = window.adsbygoogle || []).push({});\r\n<\/script><\/div>\nAz erd\u0151irt\u00e1s, a t\u00fallegeltet\u00e9s \u00e9s az ellen\u0151rizetlen v\u00edzkitermel\u00e9s miatt a foly\u00f3k \u00e9s v\u00edzgy\u0171jt\u0151 ter\u00fcletek kimer\u00fcltek, a term\u00e9szeti k\u00f6rnyezet fokozatos leromlott. A helyzetet s\u00falyosb\u00edtj\u00e1k a t\u00f6bb \u00e9vtizede tart\u00f3 fegyveres zavarg\u00e1sok, ami lehetetlenn\u00e9 tette az orsz\u00e1g v\u00edzrendszereinek megfelel\u0151 karbantart\u00e1s\u00e1t \u00e9s jav\u00edt\u00e1s\u00e1t.<\/p>\n<p><strong>\u00dajj\u00e1\u00e9leszteni a Shaflant, a Hari Rud egyik \u0151si csatorn\u00e1j\u00e1t<\/strong><\/p>\n<p>&nbsp;<\/p>\n<p>Az ENSZ \u00c9lelmez\u00e9s\u00fcgyi \u00e9s Mez\u0151gazdas\u00e1gi Szervezete (FAO), az afg\u00e1n korm\u00e1ny \u00e9s partnereik \u00f6sszesen 10 000 hekt\u00e1ron 17 \u00f6nt\u00f6z\u00e9si csatorn\u00e1t \u00e1ll\u00edtanak helyre Afganiszt\u00e1n \u00e9szaknyugati Pashtun Zarqhun k\u00f6rzet\u00e9ben.<\/p>\n<p>&nbsp;<\/p>\n<p><em>Akvadukt vezeti el a vizet a kisz\u00e1radt foly\u00f3meder felett. V\u00edzv\u00e1laszt\u00f3 partv\u00e9delemmel. Fot\u00f3: \u00a9FAO\/Wahidullah Iodin<\/em><\/p>\n<p>&nbsp;<\/p>\n<p>A Shaflan-csatorna a Hari Rud egyik legfontosabb \u00e9s legr\u00e9gebbi csatorn\u00e1ja \u2013 t\u00f6bb mint 26 falu 60 000 lakos\u00e1nak \u00e9letben marad\u00e1sa f\u00fcgg a v\u00edz el\u00e9rhet\u0151s\u00e9g\u00e9t\u0151l.<\/p>\n<p>A Shaflan-csatorna helyre\u00e1ll\u00edt\u00e1s\u00e1val a gazd\u00e1lkod\u00f3k 3600-r\u00f3l 4200 hekt\u00e1rra n\u00f6velt\u00e9k a megm\u0171velt ter\u00fclet nagys\u00e1g\u00e1t, ahol t\u00f6bb b\u00faz\u00e1t, \u00e1rp\u00e1t \u00e9s f\u0171szert (mint p\u00e9ld\u00e1ul a s\u00e1fr\u00e1nyt) termelnek. A n\u0151k konyhakerteket hoztak l\u00e9tre id\u00e9nyz\u00f6lds\u00e9gekkel. Mindk\u00e9t t\u00e9nyez\u0151 l\u00e9nyegesen jav\u00edtott az \u00e9lelmez\u00e9si biztons\u00e1gon \u00e9s a t\u00e1rsadalmi koh\u00e9zi\u00f3n.<\/p>\n<p><strong>K\u00e9tszer annyi v\u00edz kevesebb k\u00f6lts\u00e9ggel<\/strong><\/p>\n<p>&nbsp;<\/p>\n<p><em>Afg\u00e1n gazd\u00e1k b\u00fazaf\u00f6ldj\u00fck\u00f6n dolgoznak, amit a projekt keret\u00e9ben ki\u00e9p\u00edtett \u00f6nt\u00f6z\u0151rendszer l\u00e1t el v\u00edzzel. Fot\u00f3: \u00a9FAO\/<\/em> <em>Shah Marai<\/em><\/p>\n<p>&nbsp;<\/p>\n<p>Afganiszt\u00e1nban az \u00f6nt\u00f6z\u00e9si rendszer kezel\u00e9se hagyom\u00e1nyosan a \u201eMirabon\u201d kereszt\u00fcl t\u00f6rt\u00e9nik, amit a gazd\u00e1lkod\u00f3k \u00e9s a falu rangid\u0151sei alkotnak.<\/p>\n<p>A FAO projekt keret\u00e9ben t\u00f6bb mint 500 gazd\u00e1t k\u00e9peztek ki, hogyan tarthatj\u00e1k fenn \u00e9s m\u0171k\u00f6dtethetik a 17 csatorn\u00e1t \u00e9s ker\u00fclhetik el a j\u00f6v\u0151beni k\u00e1rokat. Habibulah volt az egyik\u00fck.<\/p>\n<p>\u201eKor\u00e1bban munk\u00e1sokat kellett felvenn\u00fcnk, faanyagot \u00e9s m\u0171anyag zs\u00e1kokat v\u00e1s\u00e1rolnunk, hogy a csatorna s\u00e9r\u00fclt r\u00e9szeit kijav\u00edtsuk \u00e9s a foly\u00f3t a f\u0151 csatorn\u00e1ba terelj\u00fck. Ez nagyon sokba ker\u00fclt. \u00c9vente 7000 amerikai doll\u00e1rnak megfelel\u0151 500 000 afg\u00e1n afg\u00e1nit k\u00f6lt\u00f6tt\u00fcnk (a gazd\u00e1k \u00e9vente \u00e1tlagosan 1440 doll\u00e1rt keresnek),\u201d \u2013 mondta Habidulah.<\/p>\n<p>\u201eAz \u00faj v\u00edzfelvev\u0151 szerkezet lehet\u0151v\u00e9 teszi az ellen\u0151rz\u00f6tt \u00e9s szab\u00e1lyozott v\u00edz\u00e1raml\u00e1st a f\u0151 csatorna ter\u00fclet\u00e9n, minek \u00e1ltal f\u00f6ldjeink eg\u00e9sz \u00e9vben \u00f6nt\u00f6zhet\u0151ek,\u201d \u2013 tette hozz\u00e1.<\/p>\n<p>R\u00f6viden \u00f6sszefoglalva, a gazd\u00e1lkod\u00f3knak k\u00e9tszer annyi viz\u00fck van kevesebb k\u00f6lts\u00e9g \u00e1r\u00e1n. A t\u00f6bb v\u00edz t\u00f6bb \u00e9lelmet jelent, amelyb\u0151l a felesleg \u00e9rt\u00e9kes\u00edthet\u0151, ami v\u00e9gs\u0151 soron jobb meg\u00e9lhet\u00e9st biztos\u00edt.<\/p>\n<p>A projekt az Iszl\u00e1m Fejleszt\u00e9si Bank t\u00e1mogat\u00e1s\u00e1val j\u00f6tt l\u00e9tre.<\/p>\n<p>A FAO \u00f6sszes \u00f6nt\u00f6z\u00e9ses projektje r\u00e9v\u00e9n mintegy 800 000 hekt\u00e1r \u00f6nt\u00f6z\u00e9si rendszert rehabilit\u00e1ltak, ennek k\u00f6sz\u00f6nhet\u0151en t\u00f6bb mint 800 000 gazd\u00e1lkod\u00f3 csal\u00e1d helyzete javult.<\/p>\n","protected":false},"excerpt":{"rendered":"<p>A t\u00f6bb \u00e9vsz\u00e1zados v\u00edzrendszerek \u00fajj\u00e1\u00e9p\u00edt\u00e9s\u00e9vel jav\u00edtanak az \u00e9lelmiszertermel\u00e9sen \u00e9s \u00e9letmin\u0151s\u00e9gen<\/p>\n","protected":false},"author":1,"featured_media":0,"comment_status":"closed","ping_status":"open","sticky":false,"template":"","format":"standard","meta":[],"categories":[14,16],"tags":[],"_links":{"self":[{"href":"https:\/\/gazdasagportal.hu\/index.php\/wp-json\/wp\/v2\/posts\/104152"}],"collection":[{"href":"https:\/\/gazdasagportal.hu\/index.php\/wp-json\/wp\/v2\/posts"}],"about":[{"href":"https:\/\/gazdasagportal.hu\/index.php\/wp-json\/wp\/v2\/types\/post"}],"author":[{"embeddable":true,"href":"https:\/\/gazdasagportal.hu\/index.php\/wp-json\/wp\/v2\/users\/1"}],"replies":[{"embeddable":true,"href":"https:\/\/gazdasagportal.hu\/index.php\/wp-json\/wp\/v2\/comments?post=104152"}],"version-history":[{"count":1,"href":"https:\/\/gazdasagportal.hu\/index.php\/wp-json\/wp\/v2\/posts\/104152\/revisions"}],"predecessor-version":[{"id":104153,"href":"https:\/\/gazdasagportal.hu\/index.php\/wp-json\/wp\/v2\/posts\/104152\/revisions\/104153"}],"wp:attachment":[{"href":"https:\/\/gazdasagportal.hu\/index.php\/wp-json\/wp\/v2\/media?parent=104152"}],"wp:term":[{"taxonomy":"category","embeddable":true,"href":"https:\/\/gazdasagportal.hu\/index.php\/wp-json\/wp\/v2\/categories?post=104152"},{"taxonomy":"post_tag","embeddable":true,"href":"https:\/\/gazdasagportal.hu\/index.php\/wp-json\/wp\/v2\/tags?post=104152"}],"curies":[{"name":"wp","href":"https:\/\/api.w.org\/{rel}","templated":true}]}}