{"id":104148,"date":"2018-03-31T11:32:24","date_gmt":"2018-03-31T09:32:24","guid":{"rendered":"http:\/\/gazdasagportal.hu\/?p=104148"},"modified":"2018-03-30T10:34:34","modified_gmt":"2018-03-30T08:34:34","slug":"fidelity-trump-buntet-a-piacok-aggodnak","status":"publish","type":"post","link":"https:\/\/gazdasagportal.hu\/index.php\/fidelity-trump-buntet-a-piacok-aggodnak\/","title":{"rendered":"Fidelity: Trump b\u00fcntet, a piacok agg\u00f3dnak"},"content":{"rendered":"<p><strong>A befektet\u0151k k\u00f6r\u00e9ben aggodalmat kelt, hogy az Egyes\u00fclt \u00c1llamok \u00e9s K\u00edna b\u00fcntet\u0151v\u00e1mokkal kapcsolatos, k\u00f6zelm\u00faltbeli bejelent\u00e9sei nyom\u00e1n t\u00f6bb \u00e1gazatban is fesz\u00fclt t\u00e1rgyal\u00e1sok kezd\u0151dhetnek a vil\u00e1g k\u00e9t legnagyobb gazdas\u00e1ga k\u00f6z\u00f6tt.<\/strong><!--more--><\/p>\n<div class=\"ads-in-post1\"><div id=\"gazdasagportal.hu_fullbanner_wideboard\"><\/div>\r\n<\/div>\nA piacokon az elm\u00falt napokban egyre ink\u00e1bb eluralkodott az aggodalom amiatt, hogy tov\u00e1bb eszkal\u00e1l\u00f3dhatnak az Egyes\u00fclt \u00c1llamok \u00e9s K\u00edna k\u00f6z\u00f6tti kereskedelmi fesz\u00fclts\u00e9gek.<\/p>\n<p>A kereskedelmi h\u00e1bor\u00fa kit\u00f6r\u00e9s\u00e9vel kapcsolatos f\u00e9lelmeket az amerikai eln\u00f6k, Donald J. Trump cs\u00fct\u00f6rt\u00f6ki bejelent\u00e9se sz\u00edtotta fel, mely szerint a Trump-adminisztr\u00e1ci\u00f3 b\u00fcntet\u0151v\u00e1m kivet\u00e9s\u00e9t tervezi ak\u00e1r 60 milli\u00e1rd doll\u00e1r \u00e9rt\u00e9k\u0171 k\u00ednai importterm\u00e9kre. Az Egyes\u00fclt \u00c1llamoknak 15 napon bel\u00fcl kell k\u00f6z\u00f6lnie, hogy az int\u00e9zked\u00e9sek mely term\u00e9keket \u00e9rintik.<\/p>\n<p>&nbsp;<\/p><div id=\"gazda-834488889\" class=\"gazda-tartalomban gazda-entity-placement\"><script async src=\"https:\/\/pagead2.googlesyndication.com\/pagead\/js\/adsbygoogle.js\"><\/script>\r\n<ins class=\"adsbygoogle\"\r\n     style=\"display:block\"\r\n     data-ad-format=\"fluid\"\r\n     data-ad-layout-key=\"-6t+ed+2i-1n-4w\"\r\n     data-ad-client=\"ca-pub-1959107119989764\"\r\n     data-ad-slot=\"4008251320\"><\/ins>\r\n<script>\r\n     (adsbygoogle = window.adsbygoogle || []).push({});\r\n<\/script><\/div>\n<p>P\u00e9nteken a k\u00ednai kereskedelmi miniszter v\u00e1laszul ismertette orsz\u00e1ga tervezett ellenint\u00e9zked\u00e9seit, amelyek 3 milli\u00e1rd doll\u00e1r \u00e9rt\u00e9k\u0171 v\u00e1mtarif\u00e1val s\u00fajtan\u00e1k az Egyes\u00fclt \u00c1llamokb\u00f3l \u00e9rkez\u0151 import sert\u00e9sh\u00fast, ac\u00e9lt, \u00fajrahasznos\u00edtott alum\u00edniumot, gy\u00fcm\u00f6lcs\u00f6t, ginzenget \u00e9s bort.<\/p>\n<p>Az eddig megnevezett \u00f6sszegek ar\u00e1nylag szer\u00e9nynek mondhat\u00f3k a k\u00e9t orsz\u00e1g k\u00f6z\u00f6tti k\u00e9toldal\u00fa \u00e1ruforgalom 600 milli\u00e1rd doll\u00e1rt is meghalad\u00f3 volumen\u00e9hez k\u00e9pest.<\/p>\n<div class=\"ads-in-post2\"><script async src=\"https:\/\/pagead2.googlesyndication.com\/pagead\/js\/adsbygoogle.js\"><\/script>\r\n<ins class=\"adsbygoogle\"\r\n     style=\"display:block\"\r\n     data-ad-format=\"fluid\"\r\n     data-ad-layout-key=\"-6t+ed+2i-1n-4w\"\r\n     data-ad-client=\"ca-pub-1959107119989764\"\r\n     data-ad-slot=\"4008251320\"><\/ins>\r\n<script>\r\n     (adsbygoogle = window.adsbygoogle || []).push({});\r\n<\/script><\/div>\n&nbsp;<\/p>\n<p>A Trump-adminisztr\u00e1ci\u00f3 \u00e1ltal az ac\u00e9l- \u00e9s alum\u00ednium-importra vonatkoz\u00f3an kor\u00e1bban bejelentett v\u00e1mtarif\u00e1kat p\u00e9ld\u00e1ul K\u00edna val\u00f3j\u00e1ban alig \u00e9rezn\u00e9 meg. K\u00edn\u00e1nak az Egyes\u00fclt \u00c1llamokba ir\u00e1nyul\u00f3 ac\u00e9lexportja a teljes termel\u00e9se alig 0,1 sz\u00e1zal\u00e9k\u00e1t, az alum\u00edniumexport pedig az \u00f6ssztermel\u00e9s kb. 2 sz\u00e1zal\u00e9k\u00e1t teszi ki.<\/p>\n<p>&nbsp;<\/p>\n<p>Fenn\u00e1ll azonban annak a vesz\u00e9lye, hogy a v\u00e1mtarif\u00e1kkal kapcsolatos leg\u00fajabb bejelent\u00e9sek nyom\u00e1n t\u00f6bb \u00e1gazatban is fesz\u00fclt t\u00e1rgyal\u00e1sok kezd\u0151dhetnek a vil\u00e1g k\u00e9t legnagyobb gazdas\u00e1ga k\u00f6z\u00f6tt.<\/p>\n<p>&nbsp;<\/p>\n<p><strong>A FIDELITY \u00c9RT\u00c9KEL\u00c9SE\u00a0<\/strong><br \/>\nTim Orchard informatikai igazgat\u00f3 \u2013r\u00e9szv\u00e9nybefektet\u00e9sek, \u00e1zsiai csendes-\u00f3ce\u00e1ni t\u00e9rs\u00e9g (Jap\u00e1n n\u00e9lk\u00fcl): A vil\u00e1ggazdas\u00e1g \u00e9vtizedeken \u00e1t egy\u00e9rtelm\u0171en haszn\u00e1t l\u00e1tta azoknak a k\u00e9toldal\u00fa \u00e9s multilater\u00e1lis kereskedelmi liberaliz\u00e1ci\u00f3t c\u00e9lz\u00f3 kezdem\u00e9nyez\u00e9seknek, amelyek fokozatosan lebontott\u00e1k a kereskedelmi korl\u00e1tokat. Cs\u00e1b\u00edt\u00f3nak t\u0171nhet, hogy kereskedelmi korl\u00e1tokkal ellens\u00falyozzuk azokat a k\u00f6lts\u00e9geket, amelyek a kereskedelem miatt mer\u00fclnek fel az egyes orsz\u00e1gok gazdas\u00e1g\u00e1nak bizonyos \u00e1gazataiban, de az ilyen protekcionista int\u00e9zked\u00e9sek k\u00f6lts\u00e9gei az adott orsz\u00e1gban \u00f6sszess\u00e9g\u00e9ben rendszerint meghaladj\u00e1k bel\u0151l\u00fck sz\u00e1rmaz\u00f3 hasznot. A most javasolt v\u00e1mtarif\u00e1k egyel\u0151re nem jelent\u0151s m\u00e9rt\u00e9k\u0171ek, de fenn\u00e1ll az eszkal\u00e1l\u00f3d\u00e1s vesz\u00e9lye, ami m\u00e1r k\u00e1ros lehet a gazdas\u00e1gra n\u00e9zve. M\u00e1rpedig a piacok figyelme \u00fajabban erre a vesz\u00e9lyre terel\u0151d\u00f6tt.<\/p>\n<p>&nbsp;<\/p>\n<p><strong>Bryan Collins, \u00e1zsiai k\u00f6tv\u00e9nyjelleg\u0171 befektet\u00e9sek igazgat\u00f3:<\/strong><\/p>\n<p>A kereskedelmi protekcionizmusr\u00f3l sz\u00f3l\u00f3 h\u00edrek a volatilit\u00e1s fokoz\u00f3d\u00e1s\u00e1t id\u00e9zhetik el\u0151 egyes ter\u00fcleteken, b\u00e1r a kedvez\u0151 makrogazdas\u00e1gi fundamentumokat figyelembe v\u00e9ve ez alighanem potenci\u00e1lis v\u00e9teli lehet\u0151s\u00e9gek form\u00e1j\u00e1ban jelentkezik majd, felt\u00e9ve, hogy kell\u0151 k\u00f6r\u00fcltekint\u00e9ssel v\u00e1logatunk a kibocs\u00e1t\u00f3k \u00e9s az \u00e9rt\u00e9kpap\u00edrok k\u00f6z\u00f6tt. Az \u00e1zsiai piacok n\u00f6veked\u00e9s\u00e9nek az export mellett a fogyaszt\u00e1s is meghat\u00e1roz\u00f3 t\u00e9nyez\u0151je. K\u00edn\u00e1ban a 2017-es GDP t\u00f6bb mint 60 sz\u00e1zal\u00e9k\u00e1t tette ki a fogyaszt\u00e1s, mivel a gazdas\u00e1gban a feldolgoz\u00f3iparr\u00f3l \u00e9s az exportr\u00f3legyre ink\u00e1bb \u00e1ttev\u0151dik a hangs\u00faly a szolg\u00e1ltat\u00f3iparra \u00e9s a fogyaszt\u00e1sra. India gazdas\u00e1ga \u00f6nell\u00e1t\u00f3bb, \u00edgy az orsz\u00e1g az exportorient\u00e1ltabb gazdas\u00e1gokhoz k\u00e9pest ar\u00e1nylag nagyobb v\u00e9detts\u00e9get \u00e9lvez. Ugyan\u00edgy kedvez sz\u00e1m\u00e1ra stabil hitelbesorol\u00e1sa. Indon\u00e9zi\u00e1t viszont \u00e9rz\u00e9kenyebben \u00e9rinthetik a fenti fejlem\u00e9nyek.<\/p>\n<p>&nbsp;<\/p>\n<p><strong>YeeKok Wei, r\u00e9szv\u00e9nyportf\u00f3li\u00f3-kezel\u0151:<\/strong><\/p>\n<p>Minden \u00fajonnan megv\u00e1lasztott amerikai eln\u00f6knek szent meggy\u0151z\u0151d\u00e9se, hogy k\u00e9pes lesz el\u0151dein\u00e9l jobban kezelni az Egyes\u00fclt \u00c1llamok kereskedelmi m\u00e9rleg\u00e9t. Azonban \u00e1ltal\u00e1ban nem j\u00e1rnak sikerrel, mert a kereskedelem rendk\u00edv\u00fcl \u00f6sszetett dolog, \u00e9s az el\u0151rehaladott globaliz\u00e1ci\u00f3 miatt t\u00fals\u00e1gosan is er\u0151sek az \u00e9rdek\u00f6sszefon\u00f3d\u00e1sok az egyes felek k\u00f6z\u00f6tt ahhoz, hogy m\u0171k\u00f6dj\u00f6n egy olyan egyszer\u0171 megold\u00e1s, mint a v\u00e1mtarif\u00e1k bevezet\u00e9se. A kereskedelmi deficit a globaliz\u00e1l\u00f3dott ell\u00e1t\u00e1si l\u00e1nc \u00e9s a nagyv\u00e1llalatok globaliz\u00e1l\u00f3dott tulajdonosi szerkezete miatt t\u00f6bb\u00e9 m\u00e1r nem egyszer\u0171 \u201enull\u00e1ra kihozhat\u00f3 j\u00e1tszma\u201d egy kereskedelmi deficittel \u00e9s egy kereskedelmi t\u00f6bblettel rendelkez\u0151 orsz\u00e1g k\u00f6z\u00f6tt.<\/p>\n<p>&nbsp;<\/p>\n<p>Trump jelenlegi kereskedelmi strat\u00e9gi\u00e1ja nemhogy k\u00fclf\u00f6ld\u00f6n, de m\u00e9g saj\u00e1t haz\u00e1j\u00e1ban sem \u00e9lvez sz\u00e9les k\u00f6r\u0171 t\u00e1mogatotts\u00e1got, f\u0151k\u00e9nt az\u00e9rt, mert rossz m\u00f3dszer, amely nem alkalmas az Egyes\u00fclt \u00c1llamok meger\u0151s\u00edt\u00e9s\u00e9re. A Transz-csendes-\u00f3ce\u00e1ni Partners\u00e9gi Meg\u00e1llapod\u00e1s (Trans-Pacific Partnership, TPP) megval\u00f3s\u00edt\u00e1sa jobb megold\u00e1s lett volna az Egyes\u00fclt \u00c1llamok sz\u00e1m\u00e1ra. Ronald Reagan volt az utols\u00f3 amerikai eln\u00f6k, akinek siker\u00fclt \u00e9rdemi engedm\u00e9nyeket kicsikarnia kereskedelmi partnereit\u0151l. De akkoriban m\u00e1s id\u0151k j\u00e1rtak, mert Reagan belf\u00f6ld\u00f6n jelent\u0151s t\u00e1mogatotts\u00e1g\u00fa, jobb\u00e1ra n\u00e9pszer\u0171 eln\u00f6k volt, aki a hidegh\u00e1bor\u00fa miatt igen er\u0151s alkupoz\u00edci\u00f3t \u00e9lvezett a biztons\u00e1gukat f\u00e9lt\u0151 kereskedelmi partnereivel szemben.<\/p>\n<p>Wei meggy\u0151z\u0151d\u00e9se, hogy Trump v\u00e9g\u00fcl visszakozni fog, \u00e9s ez\u00e9rt tal\u00e1n nem t\u00fal nagy \u00e1r, hogy a piacokon r\u00f6vid t\u00e1von esetleg f\u00e1jdalmasabb \u00e9s gyorsabb visszaes\u00e9st tapasztalhatunk.<\/p>\n<p>&nbsp;<\/p>\n<p><strong>A Fidelity International<\/strong><\/p>\n<p>A Fidelity International vil\u00e1gsz\u00ednvonal\u00fa befektet\u00e9si \u00e9s nyugd\u00edj-el\u0151takar\u00e9koss\u00e1gi megold\u00e1sokat k\u00edn\u00e1l. Mag\u00e1ntulajdonban \u00e1ll\u00f3, f\u00fcggetlen v\u00e1llalatk\u00e9nt kiz\u00e1r\u00f3lag befektet\u00e9sekkel foglalkozunk. Tev\u00e9kenys\u00e9g\u00fcnkh\u00f6z \u00fcgyfeleink ig\u00e9nyei, \u00e9s nem a r\u00e9szv\u00e9nyesek elv\u00e1r\u00e1sai adj\u00e1k a motiv\u00e1ci\u00f3t. C\u00e9lunk, hogy innovat\u00edv megold\u00e1sok r\u00e9v\u00e9n tov\u00e1bb jav\u00edtsuk \u00fcgyfeleink j\u00f6v\u0151beli kil\u00e1t\u00e1sait. Jegybankokat, \u00e1llamk\u00f6tv\u00e9ny-alapokat, nagyv\u00e1llalatokat, p\u00e9nzint\u00e9zeteket, biztos\u00edt\u00f3kat, vagyonkezel\u0151ket \u00e9s mag\u00e1nszem\u00e9lyeket is fel\u00f6lel\u0151 \u00fcgyf\u00e9lk\u00f6r\u00fcnk nev\u00e9ben az \u00c1zsiai\/Csendes-\u00f3ce\u00e1ni t\u00e9rs\u00e9g, Eur\u00f3pa, a K\u00f6zel-Kelet \u00e9s D\u00e9l-Amerika 25 orsz\u00e1g\u00e1ban \u00f6sszesen 239 milli\u00e1rd GBP \u00f6sszeg\u0171 befektet\u00e9s\u00fcnk van. A vagyonkezel\u00e9sen k\u00edv\u00fcl t\u00f6bb orsz\u00e1gban befektet\u00e9skezel\u00e9si szolg\u00e1ltat\u00e1sokat is k\u00edn\u00e1lunk, emellett tan\u00e1csad\u00e1st is v\u00e9gz\u00fcnk v\u00e1llalati juttat\u00e1si programok ir\u00e1ny\u00edt\u00f3i, tan\u00e1csad\u00f3k \u00e9s mag\u00e1nszem\u00e9lyek sz\u00e1m\u00e1ra. Vagyonkezel\u0151k\u00e9nt 77,4 milli\u00e1rd GBP vagyon\u00e9rt felel\u00fcnk.<\/p>\n","protected":false},"excerpt":{"rendered":"<p>A befektet\u0151k k\u00f6r\u00e9ben aggodalmat kelt, hogy az Egyes\u00fclt \u00c1llamok \u00e9s K\u00edna b\u00fcntet\u0151v\u00e1mokkal kapcsolatos, k\u00f6zelm\u00faltbeli bejelent\u00e9sei nyom\u00e1n t\u00f6bb \u00e1gazatban is fesz\u00fclt t\u00e1rgyal\u00e1sok kezd\u0151dhetnek a vil\u00e1g k\u00e9t legnagyobb gazdas\u00e1ga k\u00f6z\u00f6tt.<\/p>\n","protected":false},"author":1,"featured_media":86779,"comment_status":"closed","ping_status":"open","sticky":false,"template":"","format":"standard","meta":[],"categories":[146,8,246],"tags":[],"_links":{"self":[{"href":"https:\/\/gazdasagportal.hu\/index.php\/wp-json\/wp\/v2\/posts\/104148"}],"collection":[{"href":"https:\/\/gazdasagportal.hu\/index.php\/wp-json\/wp\/v2\/posts"}],"about":[{"href":"https:\/\/gazdasagportal.hu\/index.php\/wp-json\/wp\/v2\/types\/post"}],"author":[{"embeddable":true,"href":"https:\/\/gazdasagportal.hu\/index.php\/wp-json\/wp\/v2\/users\/1"}],"replies":[{"embeddable":true,"href":"https:\/\/gazdasagportal.hu\/index.php\/wp-json\/wp\/v2\/comments?post=104148"}],"version-history":[{"count":1,"href":"https:\/\/gazdasagportal.hu\/index.php\/wp-json\/wp\/v2\/posts\/104148\/revisions"}],"predecessor-version":[{"id":104149,"href":"https:\/\/gazdasagportal.hu\/index.php\/wp-json\/wp\/v2\/posts\/104148\/revisions\/104149"}],"wp:featuredmedia":[{"embeddable":true,"href":"https:\/\/gazdasagportal.hu\/index.php\/wp-json\/wp\/v2\/media\/86779"}],"wp:attachment":[{"href":"https:\/\/gazdasagportal.hu\/index.php\/wp-json\/wp\/v2\/media?parent=104148"}],"wp:term":[{"taxonomy":"category","embeddable":true,"href":"https:\/\/gazdasagportal.hu\/index.php\/wp-json\/wp\/v2\/categories?post=104148"},{"taxonomy":"post_tag","embeddable":true,"href":"https:\/\/gazdasagportal.hu\/index.php\/wp-json\/wp\/v2\/tags?post=104148"}],"curies":[{"name":"wp","href":"https:\/\/api.w.org\/{rel}","templated":true}]}}