{"id":104002,"date":"2018-03-26T10:40:49","date_gmt":"2018-03-26T09:40:49","guid":{"rendered":"http:\/\/gazdasagportal.hu\/?p=104002"},"modified":"2018-03-26T10:40:49","modified_gmt":"2018-03-26T09:40:49","slug":"februarban-is-csokkent-az-allaskeresok-szama-a-foglalkoztatasi-szolgalat-adatai-szerint","status":"publish","type":"post","link":"https:\/\/gazdasagportal.hu\/index.php\/februarban-is-csokkent-az-allaskeresok-szama-a-foglalkoztatasi-szolgalat-adatai-szerint\/","title":{"rendered":"Febru\u00e1rban is cs\u00f6kkent az \u00e1ll\u00e1skeres\u0151k sz\u00e1ma a foglalkoztat\u00e1si szolg\u00e1lat adatai szerint"},"content":{"rendered":"<p><strong>A nyilv\u00e1ntartott \u00e1ll\u00e1skeres\u0151k sz\u00e1ma 5,8 sz\u00e1zal\u00e9kkal cs\u00f6kkent Magyarorsz\u00e1gon egy \u00e9v alatt, a Nemzeti Foglalkoztat\u00e1si Szolg\u00e1lat (NFSZ) nyilv\u00e1ntart\u00e1s\u00e1ban a febru\u00e1ri z\u00e1r\u00f3napon 279 200 \u00e1ll\u00e1skeres\u0151 szerepelt, t\u00f6bb mint 17 ezerrel kevesebb, mint egy \u00e9ve.<\/strong><!--more--><\/p>\n<div class=\"ads-in-post1\"><div id=\"gazdasagportal.hu_fullbanner_wideboard\"><\/div>\r\n<\/div>\n<p>    Az NFSZ a honlapj\u00e1n k\u00f6z\u00f6lte: az \u00e9v m\u00e1sodik h\u00f3napj\u00e1ban a nyilv\u00e1ntartott \u00e1ll\u00e1skeres\u0151k ar\u00e1nya a gazdas\u00e1gilag akt\u00edv n\u00e9pess\u00e9ghez viszony\u00edtva 6,1 sz\u00e1zal\u00e9k volt, a munkav\u00e1llal\u00e1si kor\u00fa n\u00e9pess\u00e9ghez m\u00e9rt relat\u00edv r\u00e1ta pedig 4,1 sz\u00e1zal\u00e9k. A legalacsonyabb \u00e9rt\u00e9kekkel tov\u00e1bbra is Gy\u0151r-Moson-Sopron megye rendelkezett &#8211; tett\u00e9k hozz\u00e1.<br \/>\n    Febru\u00e1rban 52 900 \u00e1ll\u00e1skeres\u0151 k\u00e9rte nyilv\u00e1ntart\u00e1sba v\u00e9tel\u00e9t a kirendelts\u00e9geken, 8,9 sz\u00e1zal\u00e9kuk els\u0151 alkalommal regisztr\u00e1lt. Az \u00faj bel\u00e9p\u0151k sz\u00e1ma az el\u0151z\u0151 \u00e9vin\u00e9l 0,8 sz\u00e1zal\u00e9kkal kevesebb volt. Az \u00e1ll\u00e1skeres\u0151k 9,8 sz\u00e1zal\u00e9ka, 27 500 volt p\u00e1lyakezd\u0151. A legt\u00f6bb p\u00e1lyakezd\u0151 fiatalt Szabolcs-Szatm\u00e1r-Bereg \u00e9s Borsod-Aba\u00faj-Zempl\u00e9n megy\u00e9ben tartott\u00e1k nyilv\u00e1n, de Hajd\u00fa-Bihar \u00e9s Somogy megy\u00e9ben is jelent\u0151s a regisztr\u00e1lt p\u00e1lyakezd\u0151 \u00e1ll\u00e1skeres\u0151k sz\u00e1ma.<br \/>\n<div class=\"ads-in-post2\"><script async src=\"https:\/\/pagead2.googlesyndication.com\/pagead\/js\/adsbygoogle.js\"><\/script>\r\n<ins class=\"adsbygoogle\"\r\n     style=\"display:block\"\r\n     data-ad-format=\"fluid\"\r\n     data-ad-layout-key=\"-6t+ed+2i-1n-4w\"\r\n     data-ad-client=\"ca-pub-1959107119989764\"\r\n     data-ad-slot=\"4008251320\"><\/ins>\r\n<script>\r\n     (adsbygoogle = window.adsbygoogle || []).push({});\r\n<\/script><\/div>\n    Az \u00e9v m\u00e1sodik h\u00f3napj\u00e1ban 42 300 volt a 25 \u00e9v alatti \u00e9s 64 800 az 55 \u00e9v feletti \u00e1ll\u00e1skeres\u0151k sz\u00e1ma, ar\u00e1nyuk 15,1, illetve 23,2 sz\u00e1zal\u00e9kot tett ki.<br \/>\n    Az \u00e1ll\u00e1skeres\u0151k 25,4 sz\u00e1zal\u00e9ka &#8211; 70 900 ember &#8211; tart\u00f3san, t\u00f6bb mint egy \u00e9ve keresett munk\u00e1t, ez 10,0 sz\u00e1zal\u00e9kponttal jobb ar\u00e1ny az egy \u00e9vvel kor\u00e1bbin\u00e1l.<br \/>\n    Az NFSZ adatai szerint febru\u00e1rban 150 700 \u00e1ll\u00e1skeres\u0151 volt jogosult p\u00e9nzbeli ell\u00e1t\u00e1sra, 42,4 sz\u00e1zal\u00e9kuk \u00e1ll\u00e1skeres\u00e9si ell\u00e1t\u00e1sban, a t\u00f6bbiek szoci\u00e1lis jelleg\u0171 t\u00e1mogat\u00e1sban r\u00e9szes\u00fcltek. Az \u00e1ll\u00e1skeres\u0151k 46,0 sz\u00e1zal\u00e9ka semmilyen p\u00e9nzbeli t\u00e1mogat\u00e1st nem kapott.<br \/>\n    A foglalkoztat\u00f3k 74 100 \u00faj bet\u00f6lthet\u0151 \u00e1ll\u00e1shelyet jelentettek be febru\u00e1rban, ezek 77,1 sz\u00e1zal\u00e9k\u00e1hoz ig\u00e9nyeltek t\u00e1mogat\u00e1st. Az \u00fajonnan bejelentett t\u00e1mogatott \u00e1ll\u00e1shelyek sz\u00e1ma 57 100 volt, amelynek 87,2 sz\u00e1zal\u00e9ka a k\u00f6zfoglalkoztat\u00e1shoz tartozott.<br \/>\n    Febru\u00e1rban 146 400 \u00e1ll\u00e1slehet\u0151s\u00e9g \u00e1llt rendelkez\u00e9sre, amelyb\u0151l 88 200 bet\u00f6ltetlen maradt.<br \/>\n    Az \u00e9v m\u00e1sodik h\u00f3napj\u00e1ban 1062 munkav\u00e1llal\u00f3 csoportos l\u00e9tsz\u00e1mle\u00e9p\u00edt\u00e9s\u00e9t jelentett\u00e9k be a foglalkoztat\u00f3k. Az elbocs\u00e1t\u00e1sok a szektorok k\u00f6z\u00fcl a nem szakosodott bolti vegyes kiskereskedelmet, az \u00fcveg-, \u00fcvegterm\u00e9k gy\u00e1rt\u00e1s\u00e1t, a j\u00e1r\u00f3 beteg \u00e9s a fogorvosi ell\u00e1t\u00e1st, a monet\u00e1ris k\u00f6zvet\u00edt\u00e9st, az \u00e9p\u00edtm\u00e9ny\u00fczemeltet\u00e9st, valamint a k\u00f6z\u00fati j\u00e1rm\u0171 gy\u00e1rt\u00e1st, ter\u00fcletileg pedig Budapestet, valamint Fej\u00e9r, Hajd\u00fa-Bihar, Vas \u00e9s Veszpr\u00e9m megy\u00e9t \u00e9rintett\u00e9k.<br \/>\n    A Nemzetk\u00f6zi Munka\u00fcgyi Szervezet (ILO) \u00e1ltal haszn\u00e1lt munkan\u00e9lk\u00fclis\u00e9gi r\u00e1ta 3,8 sz\u00e1zal\u00e9kos volt a 2017. november &#8211; 2018. janu\u00e1ri g\u00f6rd\u00fcl\u0151 negyed\u00e9vben, a 15-74 \u00e9ves n\u00e9pess\u00e9gb\u0151l 173 700-an voltak munka n\u00e9lk\u00fcl. A r\u00e1ta az el\u0151z\u0151 \u00e9v azonos id\u0151szak\u00e1hoz k\u00e9pest 0,5 sz\u00e1zal\u00e9kponttal cs\u00f6kkent.<br \/>\n(MTI)<\/p>\n","protected":false},"excerpt":{"rendered":"<p>A nyilv\u00e1ntartott \u00e1ll\u00e1skeres\u0151k sz\u00e1ma 5,8 sz\u00e1zal\u00e9kkal cs\u00f6kkent Magyarorsz\u00e1gon egy \u00e9v alatt, a Nemzeti Foglalkoztat\u00e1si Szolg\u00e1lat (NFSZ) nyilv\u00e1ntart\u00e1s\u00e1ban a febru\u00e1ri z\u00e1r\u00f3napon 279 200 \u00e1ll\u00e1skeres\u0151 szerepelt, t\u00f6bb mint 17 ezerrel kevesebb, mint egy \u00e9ve.<\/p>\n","protected":false},"author":1,"featured_media":0,"comment_status":"closed","ping_status":"open","sticky":false,"template":"","format":"standard","meta":[],"categories":[19],"tags":[],"_links":{"self":[{"href":"https:\/\/gazdasagportal.hu\/index.php\/wp-json\/wp\/v2\/posts\/104002"}],"collection":[{"href":"https:\/\/gazdasagportal.hu\/index.php\/wp-json\/wp\/v2\/posts"}],"about":[{"href":"https:\/\/gazdasagportal.hu\/index.php\/wp-json\/wp\/v2\/types\/post"}],"author":[{"embeddable":true,"href":"https:\/\/gazdasagportal.hu\/index.php\/wp-json\/wp\/v2\/users\/1"}],"replies":[{"embeddable":true,"href":"https:\/\/gazdasagportal.hu\/index.php\/wp-json\/wp\/v2\/comments?post=104002"}],"version-history":[{"count":1,"href":"https:\/\/gazdasagportal.hu\/index.php\/wp-json\/wp\/v2\/posts\/104002\/revisions"}],"predecessor-version":[{"id":104003,"href":"https:\/\/gazdasagportal.hu\/index.php\/wp-json\/wp\/v2\/posts\/104002\/revisions\/104003"}],"wp:attachment":[{"href":"https:\/\/gazdasagportal.hu\/index.php\/wp-json\/wp\/v2\/media?parent=104002"}],"wp:term":[{"taxonomy":"category","embeddable":true,"href":"https:\/\/gazdasagportal.hu\/index.php\/wp-json\/wp\/v2\/categories?post=104002"},{"taxonomy":"post_tag","embeddable":true,"href":"https:\/\/gazdasagportal.hu\/index.php\/wp-json\/wp\/v2\/tags?post=104002"}],"curies":[{"name":"wp","href":"https:\/\/api.w.org\/{rel}","templated":true}]}}