{"id":103814,"date":"2018-03-19T07:15:39","date_gmt":"2018-03-19T06:15:39","guid":{"rendered":"http:\/\/gazdasagportal.hu\/?p=103814"},"modified":"2018-03-19T07:15:39","modified_gmt":"2018-03-19T06:15:39","slug":"amerikai-szenatorok-facebook-profilok-maganfelhasznalasara-kernek-magyarazatot","status":"publish","type":"post","link":"https:\/\/gazdasagportal.hu\/index.php\/amerikai-szenatorok-facebook-profilok-maganfelhasznalasara-kernek-magyarazatot\/","title":{"rendered":"Amerikai szen\u00e1torok Facebook-profilok mag\u00e1nfelhaszn\u00e1l\u00e1s\u00e1ra k\u00e9rnek magyar\u00e1zatot"},"content":{"rendered":"<p><strong>Amerikai t\u00f6rv\u00e9nyhoz\u00f3k magyar\u00e1zatra sz\u00f3l\u00edtott\u00e1k fel vas\u00e1rnap a Facebook k\u00f6z\u00f6ss\u00e9gi port\u00e1lt t\u00f6bb mint \u00f6tvenmilli\u00f3 profil adatainak mag\u00e1nc\u00e9l\u00fa felhaszn\u00e1l\u00e1sa \u00fcgy\u00e9ben.<\/strong><!--more--><\/p>\n<div class=\"ads-in-post1\"><div id=\"gazdasagportal.hu_fullbanner_wideboard\"><\/div>\r\n<\/div>\n<p>    K\u00e9t demokrata p\u00e1rti szen\u00e1tor, a minnesotai Amy Klobuchar \u00e9s a virginiai Mark Warner felsz\u00f3l\u00edtotta Mark Zuckerberget, a Facebook alap\u00edt\u00f3-vez\u00e9rigazgat\u00f3j\u00e1t, hogy a kongresszus el\u0151tt adjon v\u00e1laszt k\u00e9rd\u00e9seikre. Arra, mik\u00e9ppen t\u00f6rt\u00e9nhetett meg, hogy a Donald Trump eln\u00f6kv\u00e1laszt\u00e1si kamp\u00e1ny\u00e1nak dolgoz\u00f3 egyik c\u00e9g \u00f6tvenmilli\u00f3 felhaszn\u00e1l\u00f3 profilj\u00e1t \u00e9s adatait &#8222;szippantotta le&#8221; an\u00e9lk\u00fcl, hogy a k\u00f6z\u00f6ss\u00e9gi oldal m\u0171k\u00f6dtet\u0151i err\u0151l \u00e9rtes\u00edtett\u00e9k volna a felhaszn\u00e1l\u00f3kat.<br \/>\n    Klobuchar szen\u00e1tor szerint a Facebook vezet\u0151s\u00e9g\u00e9nek tudom\u00e1sa volt az adatok felhaszn\u00e1l\u00e1s\u00e1r\u00f3l &#8222;politikai rekl\u00e1mokra \u00e9s a v\u00e1laszt\u00f3i magatart\u00e1s befoly\u00e1sol\u00e1s\u00e1ra&#8221;.<br \/>\n    A Facebook azzal, hogy adataik felhaszn\u00e1l\u00e1s\u00e1r\u00f3l nem \u00e9rtes\u00edtette az \u00e9rintetteket, megs\u00e9rtette sz\u00e1mos sz\u00f6vets\u00e9gi \u00e1llam adatkezel\u00e9si t\u00f6rv\u00e9nyeit.<br \/>\n<div class=\"ads-in-post2\"><script async src=\"https:\/\/pagead2.googlesyndication.com\/pagead\/js\/adsbygoogle.js\"><\/script>\r\n<ins class=\"adsbygoogle\"\r\n     style=\"display:block\"\r\n     data-ad-format=\"fluid\"\r\n     data-ad-layout-key=\"-6t+ed+2i-1n-4w\"\r\n     data-ad-client=\"ca-pub-1959107119989764\"\r\n     data-ad-slot=\"4008251320\"><\/ins>\r\n<script>\r\n     (adsbygoogle = window.adsbygoogle || []).push({});\r\n<\/script><\/div>\n    Az \u00fcgyet szombaton a The New York Times c\u00edm\u0171 lap \u00e9s a londoni The Guardian c\u00edm\u0171 napilap egyidej\u0171leg hozta nyilv\u00e1noss\u00e1gra. Azt \u00edrt\u00e1k: a Cambridge Analytica nev\u0171, politikai adatkezel\u00e9ssel \u00e9s -szolg\u00e1ltat\u00e1ssal foglalkoz\u00f3 c\u00e9g a Facebook adatait haszn\u00e1lta fel az amerikai v\u00e1laszt\u00f3k politikai n\u00e9zeteinek beazonos\u00edt\u00e1s\u00e1ra \u00e9s ennek megfelel\u0151 befoly\u00e1sol\u00e1s\u00e1ra rekl\u00e1mokkal, illetve speci\u00e1lis, szem\u00e9lyre szabott politikai \u00fczenetekkel. A Cambridge Analytic\u00e1t Steve Bannon, Donald Trump volt tan\u00e1csad\u00f3ja \u00e9s Robert Mercer milli\u00e1rdos, a republik\u00e1nusok egyik f\u0151 anyagi t\u00e1mogat\u00f3ja alap\u00edtotta.<br \/>\n    A Facebook vas\u00e1rnap este bejelentette: a Cambridge Analytic\u00e1t kitiltott\u00e1k a k\u00f6z\u00f6ss\u00e9gi oldalr\u00f3l.<br \/>\n    A The New York Times szerint a c\u00e9g \u00fagynevezett pszichografikus modellez\u00e9ssel seg\u00edtette a Trump-kamp\u00e1nyt, \u00e1mb\u00e1tor &#8211; \u00e1llap\u00edtotta meg a liber\u00e1lis lap &#8211; nem tudni, hogy ez a m\u00f3dszer mennyire volt hat\u00e9kony.<br \/>\n    Vas\u00e1rnap a Facebook igazgat\u00f3ja, Andrew Bosworth Twitter-bejegyz\u00e9sben azt \u00edrta: &#8222;egy\u00e9rtelm\u0171, hogy nem volt sz\u00f3 adatlop\u00e1sr\u00f3l. A rendszert nem \u00e9rt\u00e9k t\u00e1mad\u00e1sok, jelszavakat vagy inform\u00e1ci\u00f3kat nem loptak el \u00e9s nem hackeltek meg&#8221;.<br \/>\n    Az adatokat a Cambridge Analytica 2014-ben kezdte gy\u0171jteni egy k\u00fcls\u0151 szakember seg\u00edts\u00e9g\u00e9vel. Kisebb \u00f6sszegeket aj\u00e1nlottak fel a felhaszn\u00e1l\u00f3knak, ha kit\u00f6lt\u00f6ttek magukr\u00f3l vagy a bar\u00e1taikr\u00f3l egy kv\u00edzj\u00e1t\u00e9kot \u00e9s ehhez let\u00f6lt\u00f6ttek egy applik\u00e1ci\u00f3t. Ezt a m\u00f3dszert a Cambridge Egyetemen dolgozt\u00e1k ki tud\u00f3sok, akik azt \u00e1ll\u00edtott\u00e1k, hogy \u00edgy sokkal t\u00f6bb inform\u00e1ci\u00f3t gy\u0171jthetnek valakir\u0151l, mint amennyit ak\u00e1r a sz\u00fclei vagy k\u00f6zeli bar\u00e1tai tudhatnak r\u00f3la.(MTI)<\/p>\n","protected":false},"excerpt":{"rendered":"<p>Amerikai t\u00f6rv\u00e9nyhoz\u00f3k magyar\u00e1zatra sz\u00f3l\u00edtott\u00e1k fel vas\u00e1rnap a Facebook k\u00f6z\u00f6ss\u00e9gi port\u00e1lt t\u00f6bb mint \u00f6tvenmilli\u00f3 profil adatainak mag\u00e1nc\u00e9l\u00fa felhaszn\u00e1l\u00e1sa \u00fcgy\u00e9ben.<\/p>\n","protected":false},"author":1,"featured_media":0,"comment_status":"closed","ping_status":"open","sticky":false,"template":"","format":"standard","meta":[],"categories":[13,246],"tags":[],"_links":{"self":[{"href":"https:\/\/gazdasagportal.hu\/index.php\/wp-json\/wp\/v2\/posts\/103814"}],"collection":[{"href":"https:\/\/gazdasagportal.hu\/index.php\/wp-json\/wp\/v2\/posts"}],"about":[{"href":"https:\/\/gazdasagportal.hu\/index.php\/wp-json\/wp\/v2\/types\/post"}],"author":[{"embeddable":true,"href":"https:\/\/gazdasagportal.hu\/index.php\/wp-json\/wp\/v2\/users\/1"}],"replies":[{"embeddable":true,"href":"https:\/\/gazdasagportal.hu\/index.php\/wp-json\/wp\/v2\/comments?post=103814"}],"version-history":[{"count":1,"href":"https:\/\/gazdasagportal.hu\/index.php\/wp-json\/wp\/v2\/posts\/103814\/revisions"}],"predecessor-version":[{"id":103815,"href":"https:\/\/gazdasagportal.hu\/index.php\/wp-json\/wp\/v2\/posts\/103814\/revisions\/103815"}],"wp:attachment":[{"href":"https:\/\/gazdasagportal.hu\/index.php\/wp-json\/wp\/v2\/media?parent=103814"}],"wp:term":[{"taxonomy":"category","embeddable":true,"href":"https:\/\/gazdasagportal.hu\/index.php\/wp-json\/wp\/v2\/categories?post=103814"},{"taxonomy":"post_tag","embeddable":true,"href":"https:\/\/gazdasagportal.hu\/index.php\/wp-json\/wp\/v2\/tags?post=103814"}],"curies":[{"name":"wp","href":"https:\/\/api.w.org\/{rel}","templated":true}]}}