{"id":103810,"date":"2018-03-18T14:56:19","date_gmt":"2018-03-18T13:56:19","guid":{"rendered":"http:\/\/gazdasagportal.hu\/?p=103810"},"modified":"2018-03-18T14:56:19","modified_gmt":"2018-03-18T13:56:19","slug":"sziria-erdogan-a-torokorszag-tamogatta-ellenzeki-milicia-bevette-afrin-varosat","status":"publish","type":"post","link":"https:\/\/gazdasagportal.hu\/index.php\/sziria-erdogan-a-torokorszag-tamogatta-ellenzeki-milicia-bevette-afrin-varosat\/","title":{"rendered":"Sz\u00edria &#8211; Erdogan: a T\u00f6r\u00f6korsz\u00e1g t\u00e1mogatta ellenz\u00e9ki mil\u00edcia bevette Afr\u00edn v\u00e1ros\u00e1t"},"content":{"rendered":"<p><strong>A T\u00f6r\u00f6korsz\u00e1g t\u00e1mogatta Szabad Sz\u00edriai Hadsereg (SZSZH) nev\u0171 m\u00e9rs\u00e9kelt ellenz\u00e9ki mil\u00edcia vas\u00e1rnap bevette az \u00e9szak-sz\u00edriai Afr\u00edn v\u00e1ros\u00e1t &#8211; jelentette be Recep Tayyip Erdogan t\u00f6r\u00f6k eln\u00f6k a nyugat-t\u00f6r\u00f6korsz\u00e1gi Canakkal\u00e9ban.<\/strong><!--more--><\/p>\n<div class=\"ads-in-post1\"><div id=\"gazdasagportal.hu_fullbanner_wideboard\"><\/div>\r\n<\/div>\n<p>    Mint fogalmazott: az SZSZH a telep\u00fcl\u00e9sen &#8222;teljes m\u00e9rt\u00e9kben \u00e1tvette az ellen\u0151rz\u00e9st&#8221; a N\u00e9pv\u00e9delmi Egys\u00e9gek (YPG) nev\u0171 kurd mil\u00edci\u00e1t\u00f3l.<br \/>\n    Erdogan hangs\u00falyozta: Ankara mindent megtesz annak \u00e9rdek\u00e9ben, hogy a t\u00e9rs\u00e9get \u00e9lhet\u0151v\u00e9 tegye, \u00e9s a T\u00f6r\u00f6korsz\u00e1gban tart\u00f3zkod\u00f3 afr\u00edni menek\u00fcltek min\u00e9l hamarabb visszat\u00e9rhessenek otthonaikba.<br \/>\n    A t\u00f6r\u00f6k hader\u0151 a Twitter-fi\u00f3kj\u00e1n azt k\u00f6z\u00f6lte, hogy a katon\u00e1k a v\u00e1rosban jelenleg akn\u00e1k \u00e9s h\u00e1zi k\u00e9sz\u00edt\u00e9s\u0171 robban\u00f3szerkezetek felkutat\u00e1s\u00e1t v\u00e9gzik.<br \/>\n    T\u00f6r\u00f6k h\u00edr\u00fcgyn\u00f6ks\u00e9gi besz\u00e1mol\u00f3k szerint az SZSZH d\u00e9lkeleti ir\u00e1nyb\u00f3l behatolva r\u00f6vid id\u0151 alatt bevette Afr\u00ednt, az el\u0151renyomul\u00e1s k\u00f6zben pedig gyakran fegyverropog\u00e1sok \u00e9s robban\u00e1sok hangja volt hallhat\u00f3 a telep\u00fcl\u00e9s fel\u0151l. A t\u00f6r\u00f6k l\u00e9gier\u0151 vad\u00e1szg\u00e9pei is a leveg\u0151ben k\u00f6r\u00f6ztek.<br \/>\n<div class=\"ads-in-post2\"><script async src=\"https:\/\/pagead2.googlesyndication.com\/pagead\/js\/adsbygoogle.js\"><\/script>\r\n<ins class=\"adsbygoogle\"\r\n     style=\"display:block\"\r\n     data-ad-format=\"fluid\"\r\n     data-ad-layout-key=\"-6t+ed+2i-1n-4w\"\r\n     data-ad-client=\"ca-pub-1959107119989764\"\r\n     data-ad-slot=\"4008251320\"><\/ins>\r\n<script>\r\n     (adsbygoogle = window.adsbygoogle || []).push({});\r\n<\/script><\/div>\n    A Star t\u00f6r\u00f6k korm\u00e1nyk\u00f6zeli telev\u00edzi\u00f3 helysz\u00edni tud\u00f3s\u00edt\u00f3ja arr\u00f3l sz\u00e1molt be, hogy az SZSZH szinte \u00f6sszecsap\u00e1s n\u00e9lk\u00fcl nyomult be a v\u00e1rosba.<br \/>\n    Az Ihlas h\u00edr\u00fcgyn\u00f6ks\u00e9g arr\u00f3l is \u00edrt, hogy az SZSZH \u0151rizetbe vette az YPG fegyvereseit, a kurd mil\u00edcia transzparenseit \u00e9s a plak\u00e1tjait pedig elt\u00e1vol\u00edtotta.<br \/>\n    T\u00f6r\u00f6korsz\u00e1g janu\u00e1r 20-\u00e1n ind\u00edtott offenz\u00edv\u00e1t Afr\u00edn t\u00e9rs\u00e9g\u00e9ben az ottani kurd fegyveresek ellen, akiket Ankara terrorist\u00e1nak tart. Az YPG nev\u0171 mil\u00edcia a nyugati koal\u00edci\u00f3 egyik legszorosabb sz\u00f6vets\u00e9gese az Iszl\u00e1m \u00c1llam nev\u0171 terrorszervezet elleni harcban. Az Egyes\u00fclt \u00c1llamok fegyverekkel is t\u00e1mogatta \u0151ket. Ankara arra hivatkozva ind\u00edtotta meg a t\u00e1mad\u00e1st janu\u00e1rban, hogy a fegyverkez\u0151 kurdok biztons\u00e1gi fenyeget\u00e9st jelentenek. T\u00f6r\u00f6korsz\u00e1g att\u00f3l tart, hogy ha Sz\u00edria \u00e9szaki r\u00e9sz\u00e9n a kurdok b\u00e1rmif\u00e9le \u00f6n\u00e1ll\u00f3s\u00e1got szereznek maguknak, az a T\u00f6r\u00f6korsz\u00e1gban \u00e9l\u0151, t\u00f6bb mint t\u00edzmilli\u00f3s kurd kisebbs\u00e9g \u00f6n\u00e1ll\u00f3s\u00e1gi t\u00f6rekv\u00e9seit is feler\u0151s\u00edti.<br \/>\n    Az Anadolu t\u00f6r\u00f6k \u00e1llami h\u00edr\u00fcgyn\u00f6ks\u00e9g inform\u00e1ci\u00f3ja szerint az Olaj\u00e1g fed\u0151nev\u0171 hadm\u0171velet eddig 3569 &#8222;terrorist\u00e1val&#8221; v\u00e9gzett. A mintegy 350 ezres Afr\u00edn v\u00e1ros ostroma h\u00e9tf\u0151n kezd\u0151d\u00f6tt, a t\u00f6r\u00f6k hadsereg \u00e9s az SZSZH a telep\u00fcl\u00e9st gyakorlatilag k\u00f6rbez\u00e1rta. Az Emberi Jogok Sz\u00edriai Megfigyel\u0151k\u00f6zpontja (OSDH) nev\u0171, brit sz\u00e9khely\u0171 szervezet szerint szerda \u00f3ta t\u00f6bb mint 150 ezer helyi hagyta el d\u00e9l fel\u00e9, egy keskeny folyos\u00f3n kereszt\u00fcl a k\u00f6rny\u00e9ket, \u00e9s menek\u00fclt a korm\u00e1nyer\u0151k vagy kurd mil\u00edci\u00e1k ellen\u0151rizte ter\u00fcletekre.(MTI)<\/p>\n","protected":false},"excerpt":{"rendered":"<p>A T\u00f6r\u00f6korsz\u00e1g t\u00e1mogatta Szabad Sz\u00edriai Hadsereg (SZSZH) nev\u0171 m\u00e9rs\u00e9kelt ellenz\u00e9ki mil\u00edcia vas\u00e1rnap bevette az \u00e9szak-sz\u00edriai Afr\u00edn v\u00e1ros\u00e1t &#8211; jelentette be Recep Tayyip Erdogan t\u00f6r\u00f6k eln\u00f6k a nyugat-t\u00f6r\u00f6korsz\u00e1gi Canakkal\u00e9ban.<\/p>\n","protected":false},"author":1,"featured_media":0,"comment_status":"closed","ping_status":"open","sticky":false,"template":"","format":"standard","meta":[],"categories":[12,16],"tags":[],"_links":{"self":[{"href":"https:\/\/gazdasagportal.hu\/index.php\/wp-json\/wp\/v2\/posts\/103810"}],"collection":[{"href":"https:\/\/gazdasagportal.hu\/index.php\/wp-json\/wp\/v2\/posts"}],"about":[{"href":"https:\/\/gazdasagportal.hu\/index.php\/wp-json\/wp\/v2\/types\/post"}],"author":[{"embeddable":true,"href":"https:\/\/gazdasagportal.hu\/index.php\/wp-json\/wp\/v2\/users\/1"}],"replies":[{"embeddable":true,"href":"https:\/\/gazdasagportal.hu\/index.php\/wp-json\/wp\/v2\/comments?post=103810"}],"version-history":[{"count":1,"href":"https:\/\/gazdasagportal.hu\/index.php\/wp-json\/wp\/v2\/posts\/103810\/revisions"}],"predecessor-version":[{"id":103811,"href":"https:\/\/gazdasagportal.hu\/index.php\/wp-json\/wp\/v2\/posts\/103810\/revisions\/103811"}],"wp:attachment":[{"href":"https:\/\/gazdasagportal.hu\/index.php\/wp-json\/wp\/v2\/media?parent=103810"}],"wp:term":[{"taxonomy":"category","embeddable":true,"href":"https:\/\/gazdasagportal.hu\/index.php\/wp-json\/wp\/v2\/categories?post=103810"},{"taxonomy":"post_tag","embeddable":true,"href":"https:\/\/gazdasagportal.hu\/index.php\/wp-json\/wp\/v2\/tags?post=103810"}],"curies":[{"name":"wp","href":"https:\/\/api.w.org\/{rel}","templated":true}]}}