{"id":103806,"date":"2018-03-18T08:04:30","date_gmt":"2018-03-18T07:04:30","guid":{"rendered":"http:\/\/gazdasagportal.hu\/?p=103806"},"modified":"2018-03-17T22:35:43","modified_gmt":"2018-03-17T21:35:43","slug":"ader-janos-a-braziliavarosi-viz-vilagforumon-ismerteti-az-ensz-vizugyi-elnoki-testulet-munkajanak-eredmenyet","status":"publish","type":"post","link":"https:\/\/gazdasagportal.hu\/index.php\/ader-janos-a-braziliavarosi-viz-vilagforumon-ismerteti-az-ensz-vizugyi-elnoki-testulet-munkajanak-eredmenyet\/","title":{"rendered":"\u00c1der J\u00e1nos a braz\u00edliav\u00e1rosi V\u00edz Vil\u00e1gf\u00f3rumon ismerteti az ENSZ V\u00edz\u00fcgyi Eln\u00f6ki Test\u00fclet munk\u00e1j\u00e1nak eredm\u00e9ny\u00e9t"},"content":{"rendered":"<p><strong>\u00c1der J\u00e1nos k\u00f6zt\u00e1rsas\u00e1gi eln\u00f6k vas\u00e1rnap Braz\u00edli\u00e1ba utazik, ahol r\u00e9szt vesz a V\u00edz Vil\u00e1gf\u00f3rumon Braz\u00edliav\u00e1rosban &#8211; t\u00e1j\u00e9koztatta a K\u00f6zt\u00e1rsas\u00e1gi Eln\u00f6ki Hivatal szombaton az MTI-t.<\/strong><!--more--><\/p>\n<div class=\"ads-in-post1\"><div id=\"gazdasagportal.hu_fullbanner_wideboard\"><\/div>\r\n<\/div>\n<p>    A k\u00f6zlem\u00e9ny szerint az \u00e1llamf\u0151 a f\u00f3rum megnyit\u00f3j\u00e1n, h\u00e9tf\u0151n ismerteti az ENSZ V\u00edz\u00fcgyi Eln\u00f6ki Test\u00fclet k\u00e9t\u00e9ves munk\u00e1j\u00e1nak eredm\u00e9ny\u00e9t. El\u0151ad\u00e1st tart A v\u00edz \u00e9s katasztr\u00f3f\u00e1k c\u00edm\u0171 tematikus \u00fcl\u00e9sen, illetve r\u00e9szt vesz a v\u00edz\u00fcgyi finansz\u00edroz\u00e1s k\u00e9rd\u00e9seivel foglalkoz\u00f3 kerekasztal besz\u00e9lget\u00e9sen.<br \/>\n    A magyar k\u00f6zt\u00e1rsas\u00e1gi eln\u00f6k braz\u00edliai l\u00e1togat\u00e1s\u00e1n tal\u00e1lkozik Michel Temer brazil eln\u00f6kkel \u00e9s megbesz\u00e9l\u00e9st folytat Naruhito jap\u00e1n tr\u00f3n\u00f6r\u00f6k\u00f6ssel.<br \/>\n(MTI)<br \/>\n<div class=\"ads-in-post2\"><script async src=\"https:\/\/pagead2.googlesyndication.com\/pagead\/js\/adsbygoogle.js\"><\/script>\r\n<ins class=\"adsbygoogle\"\r\n     style=\"display:block\"\r\n     data-ad-format=\"fluid\"\r\n     data-ad-layout-key=\"-6t+ed+2i-1n-4w\"\r\n     data-ad-client=\"ca-pub-1959107119989764\"\r\n     data-ad-slot=\"4008251320\"><\/ins>\r\n<script>\r\n     (adsbygoogle = window.adsbygoogle || []).push({});\r\n<\/script><\/div>\n","protected":false},"excerpt":{"rendered":"<p>\u00c1der J\u00e1nos k\u00f6zt\u00e1rsas\u00e1gi eln\u00f6k vas\u00e1rnap Braz\u00edli\u00e1ba utazik, ahol r\u00e9szt vesz a V\u00edz Vil\u00e1gf\u00f3rumon Braz\u00edliav\u00e1rosban &#8211; t\u00e1j\u00e9koztatta a K\u00f6zt\u00e1rsas\u00e1gi Eln\u00f6ki Hivatal szombaton az MTI-t.<\/p>\n","protected":false},"author":1,"featured_media":0,"comment_status":"closed","ping_status":"open","sticky":false,"template":"","format":"standard","meta":[],"categories":[4,19],"tags":[],"_links":{"self":[{"href":"https:\/\/gazdasagportal.hu\/index.php\/wp-json\/wp\/v2\/posts\/103806"}],"collection":[{"href":"https:\/\/gazdasagportal.hu\/index.php\/wp-json\/wp\/v2\/posts"}],"about":[{"href":"https:\/\/gazdasagportal.hu\/index.php\/wp-json\/wp\/v2\/types\/post"}],"author":[{"embeddable":true,"href":"https:\/\/gazdasagportal.hu\/index.php\/wp-json\/wp\/v2\/users\/1"}],"replies":[{"embeddable":true,"href":"https:\/\/gazdasagportal.hu\/index.php\/wp-json\/wp\/v2\/comments?post=103806"}],"version-history":[{"count":1,"href":"https:\/\/gazdasagportal.hu\/index.php\/wp-json\/wp\/v2\/posts\/103806\/revisions"}],"predecessor-version":[{"id":103807,"href":"https:\/\/gazdasagportal.hu\/index.php\/wp-json\/wp\/v2\/posts\/103806\/revisions\/103807"}],"wp:attachment":[{"href":"https:\/\/gazdasagportal.hu\/index.php\/wp-json\/wp\/v2\/media?parent=103806"}],"wp:term":[{"taxonomy":"category","embeddable":true,"href":"https:\/\/gazdasagportal.hu\/index.php\/wp-json\/wp\/v2\/categories?post=103806"},{"taxonomy":"post_tag","embeddable":true,"href":"https:\/\/gazdasagportal.hu\/index.php\/wp-json\/wp\/v2\/tags?post=103806"}],"curies":[{"name":"wp","href":"https:\/\/api.w.org\/{rel}","templated":true}]}}