{"id":103799,"date":"2018-03-17T13:19:03","date_gmt":"2018-03-17T12:19:03","guid":{"rendered":"http:\/\/gazdasagportal.hu\/?p=103799"},"modified":"2018-03-17T13:19:03","modified_gmt":"2018-03-17T12:19:03","slug":"hofuvas-magyar-kozut-senki-ne-induljon-utnak-a-hofuvasos-teruleteken","status":"publish","type":"post","link":"https:\/\/gazdasagportal.hu\/index.php\/hofuvas-magyar-kozut-senki-ne-induljon-utnak-a-hofuvasos-teruleteken\/","title":{"rendered":"H\u00f3f\u00fav\u00e1s &#8211; Magyar K\u00f6z\u00fat: senki ne induljon \u00fatnak a h\u00f3f\u00fav\u00e1sos ter\u00fcleteken!"},"content":{"rendered":"<p><strong>A Magyar K\u00f6z\u00fat arra k\u00e9rte a j\u00e1rm\u0171vezet\u0151ket, hogy a h\u00f3f\u00fav\u00e1ssal \u00e9s \u00f3nos es\u0151vel \u00e9rintett ter\u00fcleteken ne induljanak \u00fatnak.<\/strong><!--more--><\/p>\n<div class=\"ads-in-post1\"><div id=\"gazdasagportal.hu_fullbanner_wideboard\"><\/div>\r\n<\/div>\n<p>    A szervezet szombati, MTI-hez eljuttatott k\u00f6zlem\u00e9nye szerint d\u00e9lut\u00e1nt\u00f3l t\u00f6bb megy\u00e9ben is r\u00f6vid id\u0151 alatt 15-20 centim\u00e9ternyi friss h\u00f3, ezzel egy\u00fctt viharos, \u00f3r\u00e1nk\u00e9nt 80 kilom\u00e9ter k\u00f6r\u00fcli sz\u00e9ll\u00f6k\u00e9sek, illetve \u00f3nos es\u0151 is v\u00e1rhat\u00f3.<br \/>\n    A Magyar K\u00f6z\u00fat 93 m\u00e9rn\u00f6ks\u00e9g\u00e9n kereszt\u00fcl mintegy 700 munkag\u00e9ppel 4000 szakemberrel, 24 \u00f3r\u00e1s szolg\u00e1latban v\u00e9gzi majd folyamatosan a h\u00f3eltakar\u00edt\u00e1si \u00e9s s\u00edkoss\u00e1gmentes\u00edt\u00e9si munk\u00e1latokat a mintegy 32 ezer kilom\u00e9teres orsz\u00e1gos k\u00f6z\u00fath\u00e1l\u00f3zaton.<br \/>\n    Az Orsz\u00e1gos Katasztr\u00f3fav\u00e9delmi F\u0151igazgat\u00f3s\u00e1g (OFK) arra k\u00e9rte az embereket, hogy szombat d\u00e9lut\u00e1nt\u00f3l vas\u00e1rnap d\u00e9lel\u0151ttig csak halaszthatatlan esetben induljanak \u00fatnak, kiz\u00e1r\u00f3lag megfelel\u0151 mennyis\u00e9g\u0171 \u00fczemanyaggal megtankolt, t\u00e9li gumiabronccsal felszerelt g\u00e9pkocsikkal. K\u00e9sz\u00edtsenek be az aut\u00f3ba meleg ruh\u00e1kat \u00e9s takar\u00f3kat, valamint sz\u00fcks\u00e9g eset\u00e9re n\u00e9mi \u00e9lelmet \u00e9s innival\u00f3t. \u00dcgyeljenek a k\u00f6vet\u00e9si t\u00e1vols\u00e1gra \u00e9s a megv\u00e1ltozott \u00fatviszonyok szerinti vezet\u00e9si sebess\u00e9gre.<br \/>\n<div class=\"ads-in-post2\"><script async src=\"https:\/\/pagead2.googlesyndication.com\/pagead\/js\/adsbygoogle.js\"><\/script>\r\n<ins class=\"adsbygoogle\"\r\n     style=\"display:block\"\r\n     data-ad-format=\"fluid\"\r\n     data-ad-layout-key=\"-6t+ed+2i-1n-4w\"\r\n     data-ad-client=\"ca-pub-1959107119989764\"\r\n     data-ad-slot=\"4008251320\"><\/ins>\r\n<script>\r\n     (adsbygoogle = window.adsbygoogle || []).push({});\r\n<\/script><\/div>\n    K\u00f6z\u00f6lt\u00e9k, \u00fatnak indul\u00e1s el\u0151tt k\u00e9rik, hogy az emberek t\u00f6lts\u00e9k fel mobiltelefonjuk akkumul\u00e1tor\u00e1t \u00e9s t\u00f6lts\u00e9k le az Orsz\u00e1gos Katasztr\u00f3fav\u00e9delmi F\u0151igazgat\u00f3s\u00e1g ingyenesen el\u00e9rhet\u0151 vesz\u00e9lyhelyzeti \u00e9rtes\u00edt\u00e9si szolg\u00e1ltat\u00e1s\u00e1t.<br \/>\n    Az Orsz\u00e1gos Rend\u0151r-f\u0151kapit\u00e1nys\u00e1g (ORFK) kor\u00e1bban szint\u00e9n \u00f3vatoss\u00e1got k\u00e9rt a t\u00e9lies id\u0151j\u00e1r\u00e1s miatt a k\u00f6zleked\u0151kt\u0151l. K\u00f6zlem\u00e9ny\u00e9ben a rend\u0151rs\u00e9g azt \u00edrta, vas\u00e1rnap reggelig a legt\u00f6bb helyen \u00f6sszef\u00fcgg\u0151 h\u00f3takar\u00f3 alakul ki. Mivel vastags\u00e1ga 15 centim\u00e9ter is lehet, azt k\u00e9rik, hogy a j\u00e1rm\u0171vezet\u0151k cs\u00f6kkents\u00e9k a halad\u00e1s sebess\u00e9g\u00e9t, vezessenek figyelmesebben, n\u00f6velj\u00e9k a k\u00f6vet\u00e9si t\u00e1vols\u00e1got, figyeljenek jobban a gyalogosokra \u00e9s tartsanak nagyobb oldalt\u00e1vols\u00e1got a k\u00e9tkerek\u0171 j\u00e1rm\u0171vek melletti elhalad\u00e1skor.<br \/>\n    K\u00f6z\u00f6lt\u00e9k, sz\u00e1m\u00edtani kell arra, hogy az aut\u00f3 k\u00f6nnyebben megcs\u00faszik, \u00e9s tiszt\u00e1ban kell lenni azzal, hogy a f\u00e9kt\u00e1vols\u00e1g is jelent\u0151sen megn\u0151. Tan\u00e1csos indul\u00e1skor a g\u00e9pj\u00e1rm\u0171vet teletankolni, az ablakmos\u00f3t fagy\u00e1ll\u00f3 folyad\u00e9kkal felt\u00f6lteni, az akkumul\u00e1tor kapacit\u00e1s\u00e1t ellen\u0151rizni, h\u00f3l\u00e1ncot, illetve h\u00f3lap\u00e1tot vinni \u00e9s gondoskodni kell n\u00e9mi \u00e9telr\u0151l \u00e9s italr\u00f3l, meleg ruh\u00e1zatr\u00f3l is.(MTI)<\/p>\n","protected":false},"excerpt":{"rendered":"<p>A Magyar K\u00f6z\u00fat arra k\u00e9rte a j\u00e1rm\u0171vezet\u0151ket, hogy a h\u00f3f\u00fav\u00e1ssal \u00e9s \u00f3nos es\u0151vel \u00e9rintett ter\u00fcleteken ne induljanak \u00fatnak.<\/p>\n","protected":false},"author":1,"featured_media":0,"comment_status":"closed","ping_status":"open","sticky":false,"template":"","format":"standard","meta":[],"categories":[4],"tags":[],"_links":{"self":[{"href":"https:\/\/gazdasagportal.hu\/index.php\/wp-json\/wp\/v2\/posts\/103799"}],"collection":[{"href":"https:\/\/gazdasagportal.hu\/index.php\/wp-json\/wp\/v2\/posts"}],"about":[{"href":"https:\/\/gazdasagportal.hu\/index.php\/wp-json\/wp\/v2\/types\/post"}],"author":[{"embeddable":true,"href":"https:\/\/gazdasagportal.hu\/index.php\/wp-json\/wp\/v2\/users\/1"}],"replies":[{"embeddable":true,"href":"https:\/\/gazdasagportal.hu\/index.php\/wp-json\/wp\/v2\/comments?post=103799"}],"version-history":[{"count":1,"href":"https:\/\/gazdasagportal.hu\/index.php\/wp-json\/wp\/v2\/posts\/103799\/revisions"}],"predecessor-version":[{"id":103800,"href":"https:\/\/gazdasagportal.hu\/index.php\/wp-json\/wp\/v2\/posts\/103799\/revisions\/103800"}],"wp:attachment":[{"href":"https:\/\/gazdasagportal.hu\/index.php\/wp-json\/wp\/v2\/media?parent=103799"}],"wp:term":[{"taxonomy":"category","embeddable":true,"href":"https:\/\/gazdasagportal.hu\/index.php\/wp-json\/wp\/v2\/categories?post=103799"},{"taxonomy":"post_tag","embeddable":true,"href":"https:\/\/gazdasagportal.hu\/index.php\/wp-json\/wp\/v2\/tags?post=103799"}],"curies":[{"name":"wp","href":"https:\/\/api.w.org\/{rel}","templated":true}]}}