{"id":103779,"date":"2018-03-16T04:04:06","date_gmt":"2018-03-16T03:04:06","guid":{"rendered":"http:\/\/gazdasagportal.hu\/?p=103779"},"modified":"2018-03-15T08:56:08","modified_gmt":"2018-03-15T07:56:08","slug":"adovaltozasok-aktualitasok-2018-ban-milyen-valtozasokra-figyeljunk-iden","status":"publish","type":"post","link":"https:\/\/gazdasagportal.hu\/index.php\/adovaltozasok-aktualitasok-2018-ban-milyen-valtozasokra-figyeljunk-iden\/","title":{"rendered":"Ad\u00f3v\u00e1ltoz\u00e1sok, aktualit\u00e1sok 2018-ban \u2013 Milyen v\u00e1ltoz\u00e1sokra figyelj\u00fcnk id\u00e9n?"},"content":{"rendered":"<p><strong>A gyakran v\u00e1ltoz\u00f3 jogszab\u00e1lyok k\u00f6vet\u00e9se jelent\u0151s kih\u00edv\u00e1s el\u00e9 \u00e1ll\u00edthatja a c\u00e9geket, ez\u00e9rt a Grant Thornton id\u00e9n is megrendezte az \u00fcgyf\u00e9lnapot, aminek t\u00e9m\u00e1ja a 2018-as v\u00e1ltoz\u00e1sok \u00e9s aktualit\u00e1sok voltak. A megh\u00edvott szakemberek kiemelten t\u00e1j\u00e9koztatt\u00e1k az \u00fcgyfeleket az online sz\u00e1ml\u00e1z\u00e1s bevezet\u00e9s\u00e9t \u00e9s az \u00faj ad\u00f3elj\u00e1r\u00e1si t\u00f6rv\u00e9nyeket \u00e9rint\u0151 v\u00e1ltoz\u00e1sokr\u00f3l.<\/strong><!--more--><\/p>\n<div class=\"ads-in-post1\"><div id=\"gazdasagportal.hu_fullbanner_wideboard\"><\/div>\r\n<\/div>\n<p>&nbsp;<\/p>\n<p><strong>\u00daj ad\u00f3elj\u00e1r\u00e1si t\u00f6rv\u00e9nyek <\/strong><\/p><div id=\"gazda-3716259505\" class=\"gazda-tartalomban gazda-entity-placement\"><script async src=\"https:\/\/pagead2.googlesyndication.com\/pagead\/js\/adsbygoogle.js\"><\/script>\r\n<ins class=\"adsbygoogle\"\r\n     style=\"display:block\"\r\n     data-ad-format=\"fluid\"\r\n     data-ad-layout-key=\"-6t+ed+2i-1n-4w\"\r\n     data-ad-client=\"ca-pub-1959107119989764\"\r\n     data-ad-slot=\"4008251320\"><\/ins>\r\n<script>\r\n     (adsbygoogle = window.adsbygoogle || []).push({});\r\n<\/script><\/div>\n<p><strong><em>\u00a0<\/em><\/strong><\/p>\n<p><strong><em>So\u00f3s L\u00e1szl\u00f3<\/em><\/strong>, a Grant Thornton magyarorsz\u00e1gi ad\u00f3r\u00e9szleg\u00e9nek igazgat\u00f3ja el\u0151ad\u00e1s\u00e1t az ad\u00f3elj\u00e1r\u00e1sokat \u00e9rint\u0151 jelent\u0151s jogszab\u00e1ly-m\u00f3dos\u00edt\u00e1sokkal kezdte. Ennek k\u00f6vetkezt\u00e9ben l\u00e9trej\u00f6tt az \u00faj ad\u00f3igazgat\u00e1si elj\u00e1r\u00e1s, amely a k\u00f6zigazgat\u00e1si elj\u00e1r\u00e1s szab\u00e1lyrendszer\u00e9n bel\u00fcl egy \u00f6n\u00e1ll\u00f3, speci\u00e1lis \u00e1gazati szab\u00e1lyoz\u00e1s, \u00e9s h\u00e1rom olyan jogszab\u00e1lyt foglal mag\u00e1ban, amelyek 2018-t\u00f3l hat\u00e1lyosak.<\/p>\n<p>&nbsp;<\/p>\n<p>\u201eAz egyik az ad\u00f3igazgat\u00e1si rendtart\u00e1sr\u00f3l sz\u00f3l\u00f3 t\u00f6rv\u00e9ny (Air.), a k\u00f6vetkez\u0151 az ad\u00f3z\u00e1s rendj\u00e9r\u0151l sz\u00f3l\u00f3 t\u00f6rv\u00e9ny (\u00faj Art.), a harmadik pedig az ad\u00f3v\u00e9grehajt\u00e1si elj\u00e1r\u00e1s rendj\u00e9r\u0151l sz\u00f3l\u00f3 t\u00f6rv\u00e9ny (Avt.). Azt lehet l\u00e1tni, hogy nemcsak az ad\u00f3elj\u00e1r\u00e1si t\u00f6rv\u00e9nyeket \u00e9rinti az \u00e1talak\u00edt\u00e1s, hanem mind a polg\u00e1ri, a k\u00f6zigazgat\u00e1si, valamint a b\u00fcntet\u0151jogi elj\u00e1r\u00e1si ter\u00fclet is \u00fajraszab\u00e1lyoz\u00e1sra ker\u00fclt\u201d \u2013 r\u00e9szletezte az ad\u00f3igazgat\u00f3.<\/p>\n<div class=\"ads-in-post2\"><script async src=\"https:\/\/pagead2.googlesyndication.com\/pagead\/js\/adsbygoogle.js\"><\/script>\r\n<ins class=\"adsbygoogle\"\r\n     style=\"display:block\"\r\n     data-ad-format=\"fluid\"\r\n     data-ad-layout-key=\"-6t+ed+2i-1n-4w\"\r\n     data-ad-client=\"ca-pub-1959107119989764\"\r\n     data-ad-slot=\"4008251320\"><\/ins>\r\n<script>\r\n     (adsbygoogle = window.adsbygoogle || []).push({});\r\n<\/script><\/div>\n&nbsp;<\/p>\n<p>Szint\u00e9n fontos v\u00e1ltoz\u00e1s a rendeleti szint\u0171 szab\u00e1lyoz\u00e1sok ter\u00e9n, hogy az eddigi miniszteri rendeletek helyett korm\u00e1nyrendeletek fogj\u00e1k a r\u00e9szletszab\u00e1lyokat pontos\u00edtani. Term\u00e9szetesen azzal a kit\u00e9tellel, hogy az eddigi miniszteri rendeletek hat\u00e1lyba maradnak.<\/p>\n<p>&nbsp;<\/p>\n<p>So\u00f3s L\u00e1szl\u00f3 hozz\u00e1tette: az \u00faj jogszab\u00e1lyokat a hat\u00e1lyba l\u00e9p\u00e9st k\u00f6vet\u0151en indul\u00f3 elj\u00e1r\u00e1sokra, illetve a hat\u00e1lyba l\u00e9p\u00e9st k\u00f6vet\u0151en esed\u00e9kess\u00e9 v\u00e1lt k\u00f6telezetts\u00e9gekre vonatkoz\u00f3an alkalmazz\u00e1k. Ugyanakkor ki kell emelni azt az elvet, hogyha a jogszab\u00e1lys\u00e9rt\u00e9s elk\u00f6vet\u00e9s\u00e9nek id\u0151pontj\u00e1ban hat\u00e1lyos rendelkez\u00e9sek kev\u00e9sb\u00e9 terhes b\u00edrs\u00e1g \u00e9s\/vagy p\u00f3tl\u00e9kfelt\u00e9teleket hat\u00e1roztak meg, akkor legfeljebb az elk\u00f6vet\u00e9skor hat\u00e1lyos legmagasabb m\u00e9rt\u00e9k alkalmazhat\u00f3.<\/p>\n<p>&nbsp;<\/p>\n<p>A t\u00f6bbi k\u00f6z\u00f6tt a szakmai k\u00e9pviseletet is \u00e9rintik a m\u00f3dos\u00edt\u00e1sok. Ez alapj\u00e1n a tov\u00e1bbiakban h\u00e1rom elj\u00e1r\u00e1sban \u00edrj\u00e1k el\u0151 a k\u00f6telez\u0151 szakmai k\u00e9pviseletet: az ad\u00f3 felt\u00e9teles meg\u00e1llap\u00edt\u00e1s\u00e1ra ir\u00e1nyul\u00f3 elj\u00e1r\u00e1sban, az ad\u00f3meg\u00e1llap\u00edt\u00e1s alkalmazhat\u00f3s\u00e1g\u00e1nak meg\u00e1llap\u00edt\u00e1s\u00e1ra ir\u00e1nyul\u00f3 elj\u00e1r\u00e1sban \u00e9s a szok\u00e1sos piaci \u00e1r meg\u00e1llap\u00edt\u00e1s\u00e1ra ir\u00e1nyul\u00f3 elj\u00e1r\u00e1sban.<\/p>\n<p>&nbsp;<\/p>\n<p><strong>Elj\u00e1r\u00e1si b\u00edrs\u00e1g \u00e9s a kifizet\u00e9sek enged\u00e9lyez\u00e9se<\/strong><\/p>\n<p>&nbsp;<\/p>\n<p>Az \u00faj\u00edt\u00e1sok k\u00f6z\u00f6tt eml\u00edthet\u0151 az elj\u00e1r\u00e1si b\u00edrs\u00e1g bevezet\u00e9se, amelyet akkor r\u00f3nak ki, hogyha az ad\u00f3z\u00f3 sz\u00e1nd\u00e9kosan akad\u00e1lyozza az ellen\u0151rz\u00e9st. A b\u00edrs\u00e1g \u00f6sszege minimum 10 ezer forint, term\u00e9szetes szem\u00e9ly eset\u00e9n a fels\u0151 hat\u00e1r 500 ezer forint, jogi szem\u00e9ly eset\u00e9n pedig 1 milli\u00f3 forint.<\/p>\n<p>&nbsp;<\/p>\n<p>\u00daj jogint\u00e9zm\u00e9ny a NAV \u00e1ltal z\u00e1rolt fizet\u00e9si sz\u00e1ml\u00e1kr\u00f3l t\u00f6rt\u00e9n\u0151 kifizet\u00e9sek enged\u00e9lyez\u00e9se. \u201eEl\u0151fordulhat, hogy valamilyen elj\u00e1r\u00e1s miatt az ad\u00f3hat\u00f3s\u00e1g z\u00e1rolja a c\u00e9ges banksz\u00e1ml\u00e1t. Ilyen esetben ak\u00e1r nagyon gyorsan ellehetetlen\u00fclhet az \u00e9rintett v\u00e1llalkoz\u00e1s, hiszen nem tudja teljes\u00edteni a fizet\u00e9si k\u00f6telezetts\u00e9geit. Mostant\u00f3l van arra a m\u00f3d, hogy ig\u00e9nyl\u00e9s eset\u00e9n a NAV bizonyos kifizet\u00e9seket teljes\u00edtsen az inkassz\u00f3val \u00e9rintett banksz\u00e1ml\u00e1r\u00f3l\u201d \u2013 fejtette ki a szakember.<\/p>\n<p>&nbsp;<\/p>\n<p><strong>Ak\u00e1r a fel\u00e9t is elengedik az ad\u00f3b\u00edrs\u00e1gnak<\/strong><\/p>\n<p>&nbsp;<\/p>\n<p>V\u00e1ltoznak a b\u00edrs\u00e1gt\u00e9telek is, \u00edgy p\u00e9ld\u00e1ul kock\u00e1zatos ad\u00f3z\u00f3k eset\u00e9n az eddigi 50% helyett 30% lett a minimum b\u00edrs\u00e1g. A felt\u00e9teles ad\u00f3b\u00edrs\u00e1g int\u00e9zm\u00e9nye pedig azt teszi lehet\u0151v\u00e9, hogy a b\u00edrs\u00e1gb\u00f3l 50% kedvezm\u00e9nyt kapjon az ad\u00f3z\u00f3 abban az esetben, ha nyilatkozatban lemond a fellebbez\u00e9si jog\u00e1r\u00f3l.<\/p>\n","protected":false},"excerpt":{"rendered":"<p>A gyakran v\u00e1ltoz\u00f3 jogszab\u00e1lyok k\u00f6vet\u00e9se jelent\u0151s kih\u00edv\u00e1s el\u00e9 \u00e1ll\u00edthatja a c\u00e9geket, ez\u00e9rt a Grant Thornton id\u00e9n is megrendezte az \u00fcgyf\u00e9lnapot, aminek t\u00e9m\u00e1ja a 2018-as v\u00e1ltoz\u00e1sok \u00e9s aktualit\u00e1sok voltak. A megh\u00edvott szakemberek kiemelten t\u00e1j\u00e9koztatt\u00e1k az \u00fcgyfeleket az online sz\u00e1ml\u00e1z\u00e1s bevezet\u00e9s\u00e9t \u00e9s az \u00faj ad\u00f3elj\u00e1r\u00e1si t\u00f6rv\u00e9nyeket \u00e9rint\u0151 v\u00e1ltoz\u00e1sokr\u00f3l.<\/p>\n","protected":false},"author":1,"featured_media":101177,"comment_status":"closed","ping_status":"open","sticky":false,"template":"","format":"standard","meta":[],"categories":[146,20,4,19],"tags":[],"_links":{"self":[{"href":"https:\/\/gazdasagportal.hu\/index.php\/wp-json\/wp\/v2\/posts\/103779"}],"collection":[{"href":"https:\/\/gazdasagportal.hu\/index.php\/wp-json\/wp\/v2\/posts"}],"about":[{"href":"https:\/\/gazdasagportal.hu\/index.php\/wp-json\/wp\/v2\/types\/post"}],"author":[{"embeddable":true,"href":"https:\/\/gazdasagportal.hu\/index.php\/wp-json\/wp\/v2\/users\/1"}],"replies":[{"embeddable":true,"href":"https:\/\/gazdasagportal.hu\/index.php\/wp-json\/wp\/v2\/comments?post=103779"}],"version-history":[{"count":1,"href":"https:\/\/gazdasagportal.hu\/index.php\/wp-json\/wp\/v2\/posts\/103779\/revisions"}],"predecessor-version":[{"id":103780,"href":"https:\/\/gazdasagportal.hu\/index.php\/wp-json\/wp\/v2\/posts\/103779\/revisions\/103780"}],"wp:featuredmedia":[{"embeddable":true,"href":"https:\/\/gazdasagportal.hu\/index.php\/wp-json\/wp\/v2\/media\/101177"}],"wp:attachment":[{"href":"https:\/\/gazdasagportal.hu\/index.php\/wp-json\/wp\/v2\/media?parent=103779"}],"wp:term":[{"taxonomy":"category","embeddable":true,"href":"https:\/\/gazdasagportal.hu\/index.php\/wp-json\/wp\/v2\/categories?post=103779"},{"taxonomy":"post_tag","embeddable":true,"href":"https:\/\/gazdasagportal.hu\/index.php\/wp-json\/wp\/v2\/tags?post=103779"}],"curies":[{"name":"wp","href":"https:\/\/api.w.org\/{rel}","templated":true}]}}