{"id":103770,"date":"2018-03-15T14:19:37","date_gmt":"2018-03-15T13:19:37","guid":{"rendered":"http:\/\/gazdasagportal.hu\/?p=103770"},"modified":"2018-03-15T08:20:53","modified_gmt":"2018-03-15T07:20:53","slug":"nemet-kormanyalakitas-merkel-nemetorszag-ismet-cselekvokepes","status":"publish","type":"post","link":"https:\/\/gazdasagportal.hu\/index.php\/nemet-kormanyalakitas-merkel-nemetorszag-ismet-cselekvokepes\/","title":{"rendered":"N\u00e9met korm\u00e1nyalak\u00edt\u00e1s &#8211; Merkel: N\u00e9metorsz\u00e1g ism\u00e9t cselekv\u0151k\u00e9pes"},"content":{"rendered":"<p><strong>Az \u00faj sz\u00f6vets\u00e9gi korm\u00e1ny megalakul\u00e1s\u00e1val N\u00e9metorsz\u00e1g ism\u00e9t teljes m\u00e9rt\u00e9kben cselekv\u0151k\u00e9pes &#8211; mondta Angela Merkel kancell\u00e1r szerd\u00e1n a ZDF orsz\u00e1gos k\u00f6ztelev\u00edzi\u00f3nak.<\/strong><!--more--><\/p>\n<div class=\"ads-in-post1\"><div id=\"gazdasagportal.hu_fullbanner_wideboard\"><\/div>\r\n<\/div>\n<p>    Negyedik korm\u00e1nyf\u0151i ciklus\u00e1nak els\u0151 telev\u00edzi\u00f3s interj\u00faj\u00e1ban a nemzetk\u00f6zi viszonyokkal kapcsolatban hangs\u00falyozta, hogy a t\u00f6bboldal\u00fa meg\u00e1llapod\u00e1sokon alapul\u00f3 egy\u00fcttm\u0171k\u00f6d\u00e9s, a &#8222;multilateralizmus v\u00e1ls\u00e1ga&#8221; tapasztalhat\u00f3, \u00e9s ebben a helyzetben az a legfontosabb, hogy egys\u00e9ges maradjon az Eur\u00f3pai Uni\u00f3 (EU).<br \/>\n    Az amerikai kereskedelempolitik\u00e1val, K\u00edna felemelked\u00e9s\u00e9vel, Oroszorsz\u00e1g tev\u00e9kenys\u00e9g\u00e9vel, a T\u00f6r\u00f6korsz\u00e1ggal folytatott viszonnyal, a menek\u00fcl\u00e9sre k\u00e9nyszer\u00edt\u0151 okok felsz\u00e1mol\u00e1s\u00e1val, a gazdas\u00e1gi versenyk\u00e9pess\u00e9ggel kapcsolatban mind-mind az a legink\u00e1bb megfelel\u0151, ha &#8222;Eur\u00f3pa lehet\u0151leg egy\u00fctt cselekszik, \u00e9s N\u00e9metorsz\u00e1g elv\u00e9gzi a h\u00e1zi feladatait&#8221; &#8211; mondta Angela Merkel.<br \/>\n    Az EU tervezett reformj\u00e1r\u00f3l kiemelte, hogy N\u00e9metorsz\u00e1g mindig is hajland\u00f3 volt \u00e1thelyezni a k\u00f6z\u00f6ss\u00e9gi szintre szuverenit\u00e1sa egy r\u00e9sz\u00e9t, ha a feladatot az EU jobban meg tudja oldani, mint a nemzet\u00e1llamok, n\u00e9ha viszont hib\u00e1zott, \u00edgy a k\u00fcls\u0151 hat\u00e1r v\u00e9delm\u00e9nek \u00fcgy\u00e9ben is. Az EU belsej\u00e9ben fekv\u0151, mag\u00e1t biztons\u00e1gban \u00e9rz\u0151 orsz\u00e1gk\u00e9nt sok\u00e1ig ellenezte a k\u00f6z\u00f6s hat\u00e1rv\u00e9delmet, de m\u00e1r megv\u00e1ltoztatta v\u00e9lem\u00e9ny\u00e9t &#8211; fejtette ki a kancell\u00e1r.<br \/>\n<div class=\"ads-in-post2\"><script async src=\"https:\/\/pagead2.googlesyndication.com\/pagead\/js\/adsbygoogle.js\"><\/script>\r\n<ins class=\"adsbygoogle\"\r\n     style=\"display:block\"\r\n     data-ad-format=\"fluid\"\r\n     data-ad-layout-key=\"-6t+ed+2i-1n-4w\"\r\n     data-ad-client=\"ca-pub-1959107119989764\"\r\n     data-ad-slot=\"4008251320\"><\/ins>\r\n<script>\r\n     (adsbygoogle = window.adsbygoogle || []).push({});\r\n<\/script><\/div>\n    Hozz\u00e1tette, hogy tov\u00e1bb kell dolgozni egy sor tov\u00e1bbi \u00fcgyben, az eur\u00f3 stabiliz\u00e1l\u00e1s\u00e1ban, a bankuni\u00f3 ki\u00e9p\u00edt\u00e9s\u00e9ben, \u00e9s N\u00e9metorsz\u00e1g az EU k\u00f6vetkez\u0151 h\u00e9t\u00e9ves k\u00f6lts\u00e9gvet\u00e9s\u00e9be is hajland\u00f3 az eddigin\u00e9l t\u00f6bb p\u00e9nzt befizetni.<br \/>\n    Azt viszont tov\u00e1bbra is elutas\u00edtja, hogy az eur\u00f3\u00f6vezetben az egyes tagok \u00e1llamad\u00f3ss\u00e1g\u00e1nak t\u00f6rleszt\u00e9se ir\u00e1nti felel\u0151ss\u00e9get emelj\u00e9k k\u00f6z\u00f6ss\u00e9gi szintre. Mindezzel kapcsolatban az \u00faj korm\u00e1ny &#8222;nagyon gyorsan&#8221; egyeztet a francia korm\u00e1nnyal &#8211; mondta a kancell\u00e1r.<br \/>\n    A m\u00e1sik orsz\u00e1gos k\u00f6ztelev\u00edzi\u00f3nak, az ARD-nek belpolitikai \u00fcgyekr\u0151l sz\u00f3lva kiemelte, hogy meg kell oldani azoknak az embereknek a gondjait, akik tiltakoz\u00e1sb\u00f3l az Alternat\u00edva N\u00e9metorsz\u00e1gnak (AfD) nev\u0171 jobboldali p\u00e1rtra szavaztak, \u00e9s \u00edgy el kell \u00e9rni, hogy az AfD kiessen a sz\u00f6vets\u00e9gi parlamentb\u0151l (Bundestag).<br \/>\n    A Kereszt\u00e9nydemokrata Uni\u00f3 (CDU) vezet\u0151je a menek\u00fcltpolitik\u00e1val kapcsolatban elutas\u00edtotta azt az \u00e9rtelmez\u00e9st, hogy Horst Seehofer, a testv\u00e9rp\u00e1rt bajor Kereszt\u00e9nyszoci\u00e1lis Uni\u00f3 (CSU) vezet\u0151j\u00e9nek bel\u00fcgyminiszteri kinevez\u00e9se azt jelenti, hogy az integr\u00e1ci\u00f3r\u00f3l a kitoloncol\u00e1sra helyezik a hangs\u00falyt. Mint mondta, az a legfontosabb, hogy \u00e9rv\u00e9nyt szerezzenek a t\u00f6rv\u00e9nyeknek, a v\u00e9delemre szorul\u00f3kat beillessz\u00e9k a n\u00e9met t\u00e1rsadalomba,  \u00e9s gondoskodjanak a marad\u00e1sra nem jogosult mened\u00e9kk\u00e9r\u0151k lehet\u0151leg \u00f6nk\u00e9ntes alap\u00fa t\u00e1voz\u00e1s\u00e1r\u00f3l.<br \/>\n    Az illeg\u00e1lis migr\u00e1ci\u00f3t akkor lehet visszaszor\u00edtani, ha a seg\u00edts\u00e9gre szorul\u00f3knak helyben, a haz\u00e1juk k\u00f6zel\u00e9ben ny\u00fajtanak t\u00e1mogat\u00e1st \u00e9s \u00e9letkil\u00e1t\u00e1sokat, \u00e9s vil\u00e1goss\u00e1 teszik, hogy a n\u00e9metorsz\u00e1gi tart\u00f3zkod\u00e1sra nem jogosult emberek nem maradhatnak az orsz\u00e1gban &#8211; mondta Angela Merkel.(MTI)<\/p>\n","protected":false},"excerpt":{"rendered":"<p>Az \u00faj sz\u00f6vets\u00e9gi korm\u00e1ny megalakul\u00e1s\u00e1val N\u00e9metorsz\u00e1g ism\u00e9t teljes m\u00e9rt\u00e9kben cselekv\u0151k\u00e9pes &#8211; mondta Angela Merkel kancell\u00e1r szerd\u00e1n a ZDF orsz\u00e1gos k\u00f6ztelev\u00edzi\u00f3nak.<\/p>\n","protected":false},"author":1,"featured_media":0,"comment_status":"closed","ping_status":"open","sticky":false,"template":"","format":"standard","meta":[],"categories":[12],"tags":[],"_links":{"self":[{"href":"https:\/\/gazdasagportal.hu\/index.php\/wp-json\/wp\/v2\/posts\/103770"}],"collection":[{"href":"https:\/\/gazdasagportal.hu\/index.php\/wp-json\/wp\/v2\/posts"}],"about":[{"href":"https:\/\/gazdasagportal.hu\/index.php\/wp-json\/wp\/v2\/types\/post"}],"author":[{"embeddable":true,"href":"https:\/\/gazdasagportal.hu\/index.php\/wp-json\/wp\/v2\/users\/1"}],"replies":[{"embeddable":true,"href":"https:\/\/gazdasagportal.hu\/index.php\/wp-json\/wp\/v2\/comments?post=103770"}],"version-history":[{"count":1,"href":"https:\/\/gazdasagportal.hu\/index.php\/wp-json\/wp\/v2\/posts\/103770\/revisions"}],"predecessor-version":[{"id":103771,"href":"https:\/\/gazdasagportal.hu\/index.php\/wp-json\/wp\/v2\/posts\/103770\/revisions\/103771"}],"wp:attachment":[{"href":"https:\/\/gazdasagportal.hu\/index.php\/wp-json\/wp\/v2\/media?parent=103770"}],"wp:term":[{"taxonomy":"category","embeddable":true,"href":"https:\/\/gazdasagportal.hu\/index.php\/wp-json\/wp\/v2\/categories?post=103770"},{"taxonomy":"post_tag","embeddable":true,"href":"https:\/\/gazdasagportal.hu\/index.php\/wp-json\/wp\/v2\/tags?post=103770"}],"curies":[{"name":"wp","href":"https:\/\/api.w.org\/{rel}","templated":true}]}}