{"id":103768,"date":"2018-03-15T10:30:08","date_gmt":"2018-03-15T09:30:08","guid":{"rendered":"http:\/\/gazdasagportal.hu\/?p=103768"},"modified":"2018-03-15T08:19:21","modified_gmt":"2018-03-15T07:19:21","slug":"lemondott-a-szloven-kormanyfo","status":"publish","type":"post","link":"https:\/\/gazdasagportal.hu\/index.php\/lemondott-a-szloven-kormanyfo\/","title":{"rendered":"Lemondott a szlov\u00e9n korm\u00e1nyf\u0151"},"content":{"rendered":"<p><strong>Lemondott Miro Cerar szlov\u00e9n korm\u00e1nyf\u0151 szerd\u00e1n este, miut\u00e1n a szlov\u00e9n legfels\u0151bb b\u00edr\u00f3s\u00e1g megsemmis\u00edtette a korm\u00e1ny csaknem egymilli\u00e1rd eur\u00f3s kiemelt projektj\u00e9r\u0151l, a Koper-Divaca vas\u00fatvonal egy 27 kilom\u00e9teres szakasz\u00e1n tervezett m\u00e1sodik v\u00e1g\u00e1ny \u00e9p\u00edt\u00e9s\u00e9r\u0151l tavaly szeptemberben rendezett n\u00e9pszavaz\u00e1s eredm\u00e9ny\u00e9t, mert a kamp\u00e1nyt a kabinet \u00e1llami p\u00e9nz felhaszn\u00e1l\u00e1s\u00e1val finansz\u00edrozta &#8211; k\u00f6z\u00f6lte a szlov\u00e9n k\u00f6zszolg\u00e1lati telev\u00edzi\u00f3.<\/strong><!--more--><\/p>\n<div class=\"ads-in-post1\"><div id=\"gazdasagportal.hu_fullbanner_wideboard\"><\/div>\r\n<\/div>\n<p>    Cerar a korm\u00e1ny rendk\u00edv\u00fcli \u00fcl\u00e9s\u00e9n jelentette be lemond\u00e1s\u00e1t. &#8222;Ez volt az utols\u00f3 csepp a poh\u00e1rban, a m\u00e1sodik v\u00e1g\u00e1ny meg\u00e9p\u00edt\u00e9s\u00e9t \u00fajabb t\u00e1mad\u00e1s \u00e9rte, \u00e9s ebben a folyamatban \u00e9n nem akarok r\u00e9szt venni&#8221; &#8211; mondta, majd hozz\u00e1f\u0171zte: egyesek meg akarj\u00e1k \u00e1ll\u00edtani Szlov\u00e9nia fejl\u0151d\u00e9s\u00e9t.<br \/>\n    Az \u00e1llampolg\u00e1rokhoz sz\u00f3lva kiemelte, hogy az orsz\u00e1g sokkal jobb \u00e1llapotban van, mint 2014-ben volt, amikor \u00e1tvette. &#8222;Most visszaadom az \u00f6n\u00f6k kez\u00e9be az ir\u00e1ny\u00edt\u00e1st&#8221; &#8211; h\u00fazta al\u00e1.<br \/>\n    A korm\u00e1nyf\u0151 ugyanakkor meg\u00edg\u00e9rte: gondja lesz r\u00e1, hogy a kabinet ell\u00e1ssa mindennapi feladat\u00e1t \u00e9s meg\u0151rizze a b\u00e9k\u00e9t \u00e9s a stabilit\u00e1st az orsz\u00e1gban, am\u00edg \u00faj v\u00e1laszt\u00e1sokat nem \u00edrnak ki, \u00e9s nem alakul meg az \u00faj korm\u00e1ny.<br \/>\n<div class=\"ads-in-post2\"><script async src=\"https:\/\/pagead2.googlesyndication.com\/pagead\/js\/adsbygoogle.js\"><\/script>\r\n<ins class=\"adsbygoogle\"\r\n     style=\"display:block\"\r\n     data-ad-format=\"fluid\"\r\n     data-ad-layout-key=\"-6t+ed+2i-1n-4w\"\r\n     data-ad-client=\"ca-pub-1959107119989764\"\r\n     data-ad-slot=\"4008251320\"><\/ins>\r\n<script>\r\n     (adsbygoogle = window.adsbygoogle || []).push({});\r\n<\/script><\/div>\n    Miro Cerar hivatalosan cs\u00fct\u00f6rt\u00f6k\u00f6n ny\u00fajtja be lemond\u00e1s\u00e1t Borut Pahor szlov\u00e9n \u00e1llamf\u0151nek.<br \/>\n    A n\u00e9pszavaz\u00e1st a Koper-Divaca vas\u00fatvonal \u00e9p\u00edt\u00e9si projektr\u0151l az Ad\u00f3fizet\u0151k nem adj\u00e1k fel nev\u0171 civil szervezet \u00e9s Janez Jansa volt szlov\u00e9n minisztereln\u00f6k p\u00e1rtja, az ellenz\u00e9ki, jobbk\u00f6z\u00e9p Szlov\u00e9n Demokrata P\u00e1rt (SDS) kezdem\u00e9nyezte tavaly, mert szerint\u00fck t\u00fal dr\u00e1ga a projekt kivitelez\u00e9se, \u00e9s teret adhat a korrupci\u00f3nak. Az alacsony r\u00e9szv\u00e9teli ar\u00e1ny miatt azonban \u00e9rv\u00e9nytelen lett a referendum. A civil szervezet el\u0151sz\u00f6r az alkotm\u00e1nyb\u00edr\u00f3s\u00e1ghoz fordult jogorvoslat\u00e9rt, majd a legfels\u0151bb b\u00edr\u00f3s\u00e1g hozott v\u00e9gleges d\u00f6nt\u00e9st az \u00fcgyben: megsemmis\u00edtette a n\u00e9pszavaz\u00e1s eredm\u00e9ny\u00e9t \u00e9s \u00faj referendumot rendelt el, amivel k\u00e9ts\u00e9gess\u00e9 v\u00e1lt a projekt kivitelez\u00e9se.<br \/>\n    Cerar kor\u00e1bban \u00fagy nyilatkozott: a projekt n\u00f6veln\u00e9 az \u00e1llami tulajdonban l\u00e9v\u0151 koperi kik\u00f6t\u0151 versenyk\u00e9pess\u00e9g\u00e9t, adriai-tengeri (Rijeka, Trieszt) \u00e9s eur\u00f3pai viszonylatban egyar\u00e1nt. Szlov\u00e9nia sz\u00e1m\u00e1ra strat\u00e9giai fontoss\u00e1g\u00fa beruh\u00e1z\u00e1sr\u00f3l van sz\u00f3, amely a gazdas\u00e1gra sokoldal\u00fa \u00e9s er\u0151s\u00edt\u0151 hat\u00e1st gyakorolna &#8211; tette hozz\u00e1.(MTI)<\/p>\n","protected":false},"excerpt":{"rendered":"<p>Lemondott Miro Cerar szlov\u00e9n korm\u00e1nyf\u0151 szerd\u00e1n este, miut\u00e1n a szlov\u00e9n legfels\u0151bb b\u00edr\u00f3s\u00e1g megsemmis\u00edtette a korm\u00e1ny csaknem egymilli\u00e1rd eur\u00f3s kiemelt projektj\u00e9r\u0151l, a Koper-Divaca vas\u00fatvonal egy 27 kilom\u00e9teres szakasz\u00e1n tervezett m\u00e1sodik v\u00e1g\u00e1ny \u00e9p\u00edt\u00e9s\u00e9r\u0151l tavaly szeptemberben rendezett n\u00e9pszavaz\u00e1s eredm\u00e9ny\u00e9t, mert a kamp\u00e1nyt a kabinet \u00e1llami p\u00e9nz felhaszn\u00e1l\u00e1s\u00e1val finansz\u00edrozta &#8211; k\u00f6z\u00f6lte a szlov\u00e9n k\u00f6zszolg\u00e1lati telev\u00edzi\u00f3.<\/p>\n","protected":false},"author":1,"featured_media":0,"comment_status":"closed","ping_status":"open","sticky":false,"template":"","format":"standard","meta":[],"categories":[12],"tags":[],"_links":{"self":[{"href":"https:\/\/gazdasagportal.hu\/index.php\/wp-json\/wp\/v2\/posts\/103768"}],"collection":[{"href":"https:\/\/gazdasagportal.hu\/index.php\/wp-json\/wp\/v2\/posts"}],"about":[{"href":"https:\/\/gazdasagportal.hu\/index.php\/wp-json\/wp\/v2\/types\/post"}],"author":[{"embeddable":true,"href":"https:\/\/gazdasagportal.hu\/index.php\/wp-json\/wp\/v2\/users\/1"}],"replies":[{"embeddable":true,"href":"https:\/\/gazdasagportal.hu\/index.php\/wp-json\/wp\/v2\/comments?post=103768"}],"version-history":[{"count":1,"href":"https:\/\/gazdasagportal.hu\/index.php\/wp-json\/wp\/v2\/posts\/103768\/revisions"}],"predecessor-version":[{"id":103769,"href":"https:\/\/gazdasagportal.hu\/index.php\/wp-json\/wp\/v2\/posts\/103768\/revisions\/103769"}],"wp:attachment":[{"href":"https:\/\/gazdasagportal.hu\/index.php\/wp-json\/wp\/v2\/media?parent=103768"}],"wp:term":[{"taxonomy":"category","embeddable":true,"href":"https:\/\/gazdasagportal.hu\/index.php\/wp-json\/wp\/v2\/categories?post=103768"},{"taxonomy":"post_tag","embeddable":true,"href":"https:\/\/gazdasagportal.hu\/index.php\/wp-json\/wp\/v2\/tags?post=103768"}],"curies":[{"name":"wp","href":"https:\/\/api.w.org\/{rel}","templated":true}]}}