{"id":103766,"date":"2018-03-15T08:44:14","date_gmt":"2018-03-15T07:44:14","guid":{"rendered":"http:\/\/gazdasagportal.hu\/?p=103766"},"modified":"2018-03-15T08:17:04","modified_gmt":"2018-03-15T07:17:04","slug":"marcius-15-a-lezarasok-miatt-valtozik-a-kozossegi-kozlekedes-menetrendje-budapesten","status":"publish","type":"post","link":"https:\/\/gazdasagportal.hu\/index.php\/marcius-15-a-lezarasok-miatt-valtozik-a-kozossegi-kozlekedes-menetrendje-budapesten\/","title":{"rendered":"M\u00e1rcius 15. &#8211; A lez\u00e1r\u00e1sok miatt v\u00e1ltozik a k\u00f6z\u00f6ss\u00e9gi k\u00f6zleked\u00e9s menetrendje Budapesten"},"content":{"rendered":"<p><strong>T\u00f6bb f\u0151\u00fatvonalat, \u00edgy az Andr\u00e1ssy \u00fat egy szakasz\u00e1t \u00e9s a Szabads\u00e1g hidat is lez\u00e1rj\u00e1k ma Budapesten a m\u00e1rcius 15-i \u00fcnneps\u00e9gek miatt, ez\u00e9rt v\u00e1ltozik sz\u00e1mos k\u00f6z\u00f6ss\u00e9gi k\u00f6zleked\u00e9si j\u00e1rat menetrendje.<\/strong><!--more--><\/p>\n<div class=\"ads-in-post1\"><div id=\"gazdasagportal.hu_fullbanner_wideboard\"><\/div>\r\n<\/div>\n<p>    A Budapesti K\u00f6zleked\u00e9si K\u00f6zpont t\u00e1j\u00e9koztat\u00e1sa szerint lez\u00e1rj\u00e1k a forgalom el\u0151l a budai V\u00e1r teljes ter\u00fclet\u00e9t, a Szabads\u00e1g hidat \u00e9s a V\u00e1mh\u00e1z k\u00f6rutat, az Andr\u00e1ssy utat a Bajcsy-Zsilinszky \u00fat \u00e9s a Nagymez\u0151 utca k\u00f6z\u00f6tt, a budai fels\u0151 rakpartot, a Bem J\u00f3zsef utc\u00e1t, a Bem teret, az Alkotm\u00e1ny utc\u00e1t \u00e9s a pesti als\u00f3 rakpartot a J\u00e1szai Mari t\u00e9rt\u0151l az E\u00f6tv\u00f6s t\u00e9rig, a B\u00e1thory utc\u00e1t, a Hold utc\u00e1t \u00e9s az Aulich utc\u00e1t. Lez\u00e1rj\u00e1k tov\u00e1bb\u00e1 az Oktogon-Ter\u00e9z k\u00f6r\u00fat-Dob utca-H\u00e1rsfa utca-Wessel\u00e9nyi utca-Erzs\u00e9bet k\u00f6r\u00fat-Blaha Lujza t\u00e9r-R\u00e1k\u00f3czi \u00fat-Astoria-K\u00e1roly k\u00f6r\u00fat-De\u00e1k Ferenc t\u00e9r-Bajcsy-Zsilinszky \u00fat-Szent Istv\u00e1n-bazilika, valamint a Bajcsy-Zsilinszky \u00fat-K\u00e1roly k\u00f6r\u00fat-M\u00fazeum k\u00f6r\u00fat \u00fatvonalat.<br \/>\n<div class=\"ads-in-post2\"><script async src=\"https:\/\/pagead2.googlesyndication.com\/pagead\/js\/adsbygoogle.js\"><\/script>\r\n<ins class=\"adsbygoogle\"\r\n     style=\"display:block\"\r\n     data-ad-format=\"fluid\"\r\n     data-ad-layout-key=\"-6t+ed+2i-1n-4w\"\r\n     data-ad-client=\"ca-pub-1959107119989764\"\r\n     data-ad-slot=\"4008251320\"><\/ins>\r\n<script>\r\n     (adsbygoogle = window.adsbygoogle || []).push({});\r\n<\/script><\/div>\n    Biztons\u00e1gi okokb\u00f3l lez\u00e1rhatj\u00e1k a kisf\u00f6ldalatti vonal\u00e1n az Oktogon \u00e1llom\u00e1st \u00e9s a 2-es metr\u00f3 vonal\u00e1n a Kossuth t\u00e9ri \u00e1llom\u00e1st.<br \/>\n    R\u00f6vid\u00edtett \u00fatvonalon k\u00f6zlekedik ma a 2-es, a 4-es \u00e9s a 6-os, a 19-es \u00e9s a 41-es villamos, a 47-es \u00e9s a 49-es villamosok pedig ezen a napon nem j\u00e1rnak. K\u00e9t szakaszon, megosztva vagy m\u00f3dos\u00edtott \u00fatvonalon j\u00e1r az 5-\u00f6s, a 7-es, a 8E, a 9-es a 15-\u00f6s \u00e9s 115-\u00f6s, a 26-os, a 91-es, a 100E, a 105-\u00f6s, a 109-es, a 110-es, a 112-es, a 133E, a 178-as, a 191-es \u00e9s a 291-es busz, valamint a 70-es, a 78-as \u00e9s a 83-as trolibusz.(MTI)<\/p>\n","protected":false},"excerpt":{"rendered":"<p>T\u00f6bb f\u0151\u00fatvonalat, \u00edgy az Andr\u00e1ssy \u00fat egy szakasz\u00e1t \u00e9s a Szabads\u00e1g hidat is lez\u00e1rj\u00e1k ma Budapesten a m\u00e1rcius 15-i \u00fcnneps\u00e9gek miatt, ez\u00e9rt v\u00e1ltozik sz\u00e1mos k\u00f6z\u00f6ss\u00e9gi k\u00f6zleked\u00e9si j\u00e1rat menetrendje.<\/p>\n","protected":false},"author":1,"featured_media":0,"comment_status":"closed","ping_status":"open","sticky":false,"template":"","format":"standard","meta":[],"categories":[4],"tags":[],"_links":{"self":[{"href":"https:\/\/gazdasagportal.hu\/index.php\/wp-json\/wp\/v2\/posts\/103766"}],"collection":[{"href":"https:\/\/gazdasagportal.hu\/index.php\/wp-json\/wp\/v2\/posts"}],"about":[{"href":"https:\/\/gazdasagportal.hu\/index.php\/wp-json\/wp\/v2\/types\/post"}],"author":[{"embeddable":true,"href":"https:\/\/gazdasagportal.hu\/index.php\/wp-json\/wp\/v2\/users\/1"}],"replies":[{"embeddable":true,"href":"https:\/\/gazdasagportal.hu\/index.php\/wp-json\/wp\/v2\/comments?post=103766"}],"version-history":[{"count":1,"href":"https:\/\/gazdasagportal.hu\/index.php\/wp-json\/wp\/v2\/posts\/103766\/revisions"}],"predecessor-version":[{"id":103767,"href":"https:\/\/gazdasagportal.hu\/index.php\/wp-json\/wp\/v2\/posts\/103766\/revisions\/103767"}],"wp:attachment":[{"href":"https:\/\/gazdasagportal.hu\/index.php\/wp-json\/wp\/v2\/media?parent=103766"}],"wp:term":[{"taxonomy":"category","embeddable":true,"href":"https:\/\/gazdasagportal.hu\/index.php\/wp-json\/wp\/v2\/categories?post=103766"},{"taxonomy":"post_tag","embeddable":true,"href":"https:\/\/gazdasagportal.hu\/index.php\/wp-json\/wp\/v2\/tags?post=103766"}],"curies":[{"name":"wp","href":"https:\/\/api.w.org\/{rel}","templated":true}]}}