{"id":103697,"date":"2018-03-13T11:24:01","date_gmt":"2018-03-13T10:24:01","guid":{"rendered":"http:\/\/gazdasagportal.hu\/?p=103697"},"modified":"2018-03-13T11:24:01","modified_gmt":"2018-03-13T10:24:01","slug":"valtozik-tobb-villamos-menetrendje-a-hetvegen-budapesten","status":"publish","type":"post","link":"https:\/\/gazdasagportal.hu\/index.php\/valtozik-tobb-villamos-menetrendje-a-hetvegen-budapesten\/","title":{"rendered":"V\u00e1ltozik t\u00f6bb villamos menetrendje a h\u00e9tv\u00e9g\u00e9n Budapesten"},"content":{"rendered":"<p><strong>V\u00e1g\u00e1nyfel\u00faj\u00edt\u00e1s miatt p\u00e9nteken, szombaton \u00e9s vas\u00e1rnap is r\u00f6vid\u00edtett \u00fatvonalon k\u00f6zlekedik Budapesten a 4-es-6-os \u00e9s a 17-es villamos.<\/strong><!--more--><\/p>\n<div class=\"ads-in-post1\"><div id=\"gazdasagportal.hu_fullbanner_wideboard\"><\/div>\r\n<\/div>\n<p>    A Budapesti K\u00f6zleked\u00e9si K\u00f6zpont az MTI-hez eljuttatott k\u00f6zlem\u00e9nye szerint p\u00e9ntek hajnalt\u00f3l \u00e9jf\u00e9lig a nagyk\u00f6r\u00fati villamosok a d\u00e9l-budai v\u00e9g\u00e1llom\u00e1sukr\u00f3l csak a J\u00e1szai Mari t\u00e9rig, szombaton \u00e9s vas\u00e1rnap pedig csak a Corvin-negyed \u00e9s a J\u00e1szai Mari t\u00e9r k\u00f6z\u00f6tt sz\u00e1ll\u00edtanak utasokat. Ezeken a napokon \u00e9jszaka a 6-os villamos helyett a teljes vonalon p\u00f3tl\u00f3buszok j\u00e1rnak.<br \/>\n<div class=\"ads-in-post2\"><script async src=\"https:\/\/pagead2.googlesyndication.com\/pagead\/js\/adsbygoogle.js\"><\/script>\r\n<ins class=\"adsbygoogle\"\r\n     style=\"display:block\"\r\n     data-ad-format=\"fluid\"\r\n     data-ad-layout-key=\"-6t+ed+2i-1n-4w\"\r\n     data-ad-client=\"ca-pub-1959107119989764\"\r\n     data-ad-slot=\"4008251320\"><\/ins>\r\n<script>\r\n     (adsbygoogle = window.adsbygoogle || []).push({});\r\n<\/script><\/div>\n    A 17-es villamos mindh\u00e1rom nap a Savoya Parkt\u00f3l csak a Sz\u00e9ll K\u00e1lm\u00e1n t\u00e9rig k\u00f6zlekednek. A kimarad\u00f3 szakaszon a BKK p\u00f3tl\u00f3buszokat ind\u00edt, illetve a h\u00e9tv\u00e9g\u00e9n a 3-as metr\u00f3 eg\u00e9sz nap j\u00e1r K\u0151b\u00e1nya-Kispest \u00e9s a Lehel t\u00e9r k\u00f6z\u00f6tt.<br \/>\n    A p\u00f3tl\u00e1sra az\u00e9rt van sz\u00fcks\u00e9g, mert a BKV megb\u00edz\u00e1s\u00e1b\u00f3l a nagyk\u00f6r\u00fati villamosp\u00e1ly\u00e1n olyan jav\u00edt\u00e1sokat v\u00e9geznek, amelyekre nem elegend\u0151 a k\u00e9thetenk\u00e9nt, h\u00e9tf\u0151 \u00e9jszaka szok\u00e1sos \u00fczemsz\u00fcnet alatt rendelkez\u00e9sre \u00e1ll\u00f3 n\u00e9gy\u00f3r\u00e1s id\u0151tartam.(MTI)<\/p>\n","protected":false},"excerpt":{"rendered":"<p>V\u00e1g\u00e1nyfel\u00faj\u00edt\u00e1s miatt p\u00e9nteken, szombaton \u00e9s vas\u00e1rnap is r\u00f6vid\u00edtett \u00fatvonalon k\u00f6zlekedik Budapesten a 4-es-6-os \u00e9s a 17-es villamos.<\/p>\n","protected":false},"author":1,"featured_media":0,"comment_status":"closed","ping_status":"open","sticky":false,"template":"","format":"standard","meta":[],"categories":[4],"tags":[],"_links":{"self":[{"href":"https:\/\/gazdasagportal.hu\/index.php\/wp-json\/wp\/v2\/posts\/103697"}],"collection":[{"href":"https:\/\/gazdasagportal.hu\/index.php\/wp-json\/wp\/v2\/posts"}],"about":[{"href":"https:\/\/gazdasagportal.hu\/index.php\/wp-json\/wp\/v2\/types\/post"}],"author":[{"embeddable":true,"href":"https:\/\/gazdasagportal.hu\/index.php\/wp-json\/wp\/v2\/users\/1"}],"replies":[{"embeddable":true,"href":"https:\/\/gazdasagportal.hu\/index.php\/wp-json\/wp\/v2\/comments?post=103697"}],"version-history":[{"count":1,"href":"https:\/\/gazdasagportal.hu\/index.php\/wp-json\/wp\/v2\/posts\/103697\/revisions"}],"predecessor-version":[{"id":103698,"href":"https:\/\/gazdasagportal.hu\/index.php\/wp-json\/wp\/v2\/posts\/103697\/revisions\/103698"}],"wp:attachment":[{"href":"https:\/\/gazdasagportal.hu\/index.php\/wp-json\/wp\/v2\/media?parent=103697"}],"wp:term":[{"taxonomy":"category","embeddable":true,"href":"https:\/\/gazdasagportal.hu\/index.php\/wp-json\/wp\/v2\/categories?post=103697"},{"taxonomy":"post_tag","embeddable":true,"href":"https:\/\/gazdasagportal.hu\/index.php\/wp-json\/wp\/v2\/tags?post=103697"}],"curies":[{"name":"wp","href":"https:\/\/api.w.org\/{rel}","templated":true}]}}