{"id":103677,"date":"2018-03-12T17:14:47","date_gmt":"2018-03-12T16:14:47","guid":{"rendered":"http:\/\/gazdasagportal.hu\/?p=103677"},"modified":"2018-03-12T17:14:47","modified_gmt":"2018-03-12T16:14:47","slug":"ngm-a-gazdasag-tovabbi-fejlodesehez-elengedhetetlen-a-szakkepzett-munkaero","status":"publish","type":"post","link":"https:\/\/gazdasagportal.hu\/index.php\/ngm-a-gazdasag-tovabbi-fejlodesehez-elengedhetetlen-a-szakkepzett-munkaero\/","title":{"rendered":"NGM: a gazdas\u00e1g tov\u00e1bbi fejl\u0151d\u00e9s\u00e9hez elengedhetetlen a szakk\u00e9pzett munkaer\u0151"},"content":{"rendered":"<p><strong>Magyarorsz\u00e1g gazdas\u00e1ga m\u00e1ra akkora lend\u00fcletet vett, hogy a tov\u00e1bbi fejl\u0151d\u00e9s csak sz\u00ednvonalas k\u00e9pz\u00e9ssel, kell\u0151 sz\u00e1m\u00fa \u00e9s min\u0151s\u00e9g\u0171 szakk\u00e9pzett munkaer\u0151vel lehets\u00e9ges &#8211; mondta P\u00f6l\u00f6skei G\u00e1born\u00e9, a Nemzetgazdas\u00e1gi Miniszt\u00e9rium (NGM) szakk\u00e9pz\u00e9s\u00e9rt \u00e9s feln\u0151ttk\u00e9pz\u00e9s\u00e9rt felel\u0151s helyettes \u00e1llamtitk\u00e1ra h\u00e9tf\u0151n Kisk\u0151r\u00f6s\u00f6n.<\/strong><!--more--><\/p>\n<div class=\"ads-in-post1\"><div id=\"gazdasagportal.hu_fullbanner_wideboard\"><\/div>\r\n<\/div>\n<p>    A Kiskunhalasi Szakk\u00e9pz\u00e9si Centrum Kisk\u0151r\u00f6si Wattay Szakgimn\u00e1ziuma, Szakk\u00f6z\u00e9piskol\u00e1ja \u00e9s Koll\u00e9giuma fel\u00faj\u00edtott f\u0151\u00e9p\u00fclet\u00e9nek \u00fcnnep\u00e9lyes \u00e1tad\u00e1s\u00e1n P\u00f6l\u00f6skei G\u00e1born\u00e9 elmondta: az infrastruktur\u00e1lis fejleszt\u00e9s mellett sz\u00fcks\u00e9ges a k\u00e9pz\u00e9s tartalmi \u00e9s m\u00f3dszertani meg\u00faj\u00edt\u00e1sa is, amelyhez biztos\u00edtani kell a szab\u00e1lyoz\u00e1si kereteket.<br \/>\n    Eml\u00e9keztetett arra, hogy tavaly jelent\u0151sen m\u00f3dosult a szakk\u00e9pz\u00e9si t\u00f6rv\u00e9ny, amely \u00e9letszer\u0171bb\u00e9 tette a szab\u00e1lyoz\u00e1st. Ennek eredm\u00e9nyek\u00e9nt pedig mind a feln\u0151tt-, mind az iskolarendszer\u0171 k\u00e9pz\u00e9s rugalmasabb\u00e1 \u00e9s dinamikusabb\u00e1 tehet\u0151 &#8211; tette hozz\u00e1.<br \/>\n    Besz\u00e9lt arr\u00f3l is, hogy a ter\u00fcleti fejleszt\u00e9sek ig\u00e9nyre szabott megval\u00f3s\u00edt\u00e1s\u00e1ra a k\u00e9pz\u00e9s t\u00f6k\u00e9letes, mert k\u00e9pes a helyi ig\u00e9nyeket figyelembe venni.<br \/>\n<div class=\"ads-in-post2\"><script async src=\"https:\/\/pagead2.googlesyndication.com\/pagead\/js\/adsbygoogle.js\"><\/script>\r\n<ins class=\"adsbygoogle\"\r\n     style=\"display:block\"\r\n     data-ad-format=\"fluid\"\r\n     data-ad-layout-key=\"-6t+ed+2i-1n-4w\"\r\n     data-ad-client=\"ca-pub-1959107119989764\"\r\n     data-ad-slot=\"4008251320\"><\/ins>\r\n<script>\r\n     (adsbygoogle = window.adsbygoogle || []).push({});\r\n<\/script><\/div>\n    A helyettes \u00e1llamtitk\u00e1r szerint ki kell haszn\u00e1lni, hogy a foglalkoztat\u00e1s ma m\u00e1r olyan m\u00e9rt\u00e9k\u0171, hogy a v\u00e1llalatok munkaer\u0151ig\u00e9ny\u00e9t kell kiszolg\u00e1lni, ezt az ig\u00e9nyt azonban az oktat\u00e1snak is k\u00f6vetnie kell. Hangs\u00falyozta: a k\u00e9pz\u00e9si fejleszt\u00e9sek c\u00e9lja, hogy a fiatalok a szakmai ismeretek mellett olyan nyelvi \u00e9s digit\u00e1lis ismereteket szerezzenek, amelyekkel meg tudj\u00e1k \u00e1llni hely\u00fcket a munkaer\u0151piacon.<br \/>\n    P\u00f6l\u00f6skei G\u00e1born\u00e9 a du\u00e1lis k\u00e9pz\u00e9si forma el\u0151ny\u00e9nek nevezte, hogy sokkal hamarabb kiker\u00fclhet a gyermek a val\u00f3s munkaer\u0151piacra.<br \/>\n    Besz\u00e9lt arr\u00f3l is, hogy jelenleg m\u00e1r 730 szakma van, de folyton \u00fajak jelennek meg. Az iskol\u00e1k azonban k\u00e9ptelenek ilyen \u00fctem\u0171 v\u00e1ltoz\u00e1shoz alkalmazkodni \u00e9s igazodni. Az oktat\u00e1si int\u00e9zm\u00e9nyeknek ugyanis az a dolguk, hogy az \u00e1gazati alapk\u00e9szs\u00e9geket megtan\u00edts\u00e1k. Ehhez biztons\u00e1gra \u00e9s stabilit\u00e1sra van sz\u00fcks\u00e9g\u00fck. az iskol\u00e1k hat\u00e9kony \u00e9s c\u00e9lir\u00e1nyos fejleszt\u00e9s\u00e9t az \u00c1gazati K\u00e9szs\u00e9gtan\u00e1csok \u00e9s gazdas\u00e1gi szerepl\u0151i biztos\u00edtj\u00e1k &#8211; f\u0171zte hozz\u00e1.<br \/>\n    A szakgimn\u00e1ziumot a m\u00e9rn\u00f6kk\u00e9pz\u00e9s el\u0151szob\u00e1j\u00e1nak nevezte, hozz\u00e1t\u00e9ve, hogy e rendszerben is er\u0151s\u00edteni kell a du\u00e1lis k\u00e9pz\u00e9st, amihez j\u00f3l felszerelt tanm\u0171helyek sz\u00fcks\u00e9gesek.<br \/>\n    Besz\u00e9lt arr\u00f3l is, hogy a k\u00e9pz\u00e9si tartalmakat fel\u00fcl kell vizsg\u00e1lni, \u00e9s a digit\u00e1lis tud\u00e1st \u00e1ltal\u00e1noss\u00e1 kell tenni, a rugalmasabb rendszerhez pedig r\u00f6videbb k\u00e9pz\u00e9si id\u0151k is kellenek.<br \/>\n    A p\u00e1lyaorient\u00e1ci\u00f3ra ford\u00edtott fokozott figyelemmel a szakk\u00e9pz\u00e9st vonz\u00f3bb\u00e1 kell tenni, tov\u00e1bb\u00e1 fontos lenne a j\u00f3 munkaer\u0151piaci el\u0151rejelz\u00e9s \u00e9s egy j\u00f3 p\u00e1lyak\u00f6vet\u00e9si rendszer is &#8211; fogalmazott P\u00f6l\u00f6skei G\u00e1born\u00e9.<br \/>\n    Font S\u00e1ndor, a t\u00e9rs\u00e9g fideszes orsz\u00e1ggy\u0171l\u00e9si k\u00e9pvisel\u0151je azt hangs\u00falyozta, hogy a magyar gazdas\u00e1g fejl\u0151d\u00e9si \u00fctem\u00e9t is g\u00e1tolhatja, ha nem k\u00e9pes az orsz\u00e1g folyamatosan, elegend\u0151 szakmunk\u00e1st biztos\u00edtani a v\u00e1llalatoknak.<br \/>\n    Papp Gyula, a Kiskunhalasi Szakk\u00e9pz\u00e9si Centrum f\u0151igazgat\u00f3ja elmondta: a most lezajlott \u00f6sszesen 190 milli\u00f3 forint \u00f6sszeg\u0171 fel\u00faj\u00edt\u00e1s a Kisk\u0151r\u00f6si Wattay Szakgimn\u00e1zium, Szakk\u00f6z\u00e9piskola \u00e9s Koll\u00e9gium h\u00e1rom \u00e9p\u00fclet\u00e9t \u00e9rintette, a homlokzati h\u0151szigetel\u00e9s mellett ny\u00edl\u00e1sz\u00e1r\u00f3kat is cser\u00e9ltek. A korszer\u0171s\u00edt\u00e9si munk\u00e1kra az NGM 93 milli\u00f3 forint vissza nem t\u00e9r\u00edtend\u0151 t\u00e1mogat\u00e1st ny\u00fajtott.<br \/>\n    A Kiskunhalasi Szakk\u00e9pz\u00e9si Centrum \u00f6t tagint\u00e9zm\u00e9ny\u00e9ben fel\u00faj\u00edt\u00e1si munk\u00e1latokra 2017-ben \u00f6sszesen t\u00f6bb mint 485 milli\u00f3 forintot, m\u00edg eszk\u00f6zbeszerz\u00e9sre mintegy 217 milli\u00f3 forintot ford\u00edtottak.<br \/>\n(MTI)<\/p>\n","protected":false},"excerpt":{"rendered":"<p>Magyarorsz\u00e1g gazdas\u00e1ga m\u00e1ra akkora lend\u00fcletet vett, hogy a tov\u00e1bbi fejl\u0151d\u00e9s csak sz\u00ednvonalas k\u00e9pz\u00e9ssel, kell\u0151 sz\u00e1m\u00fa \u00e9s min\u0151s\u00e9g\u0171 szakk\u00e9pzett munkaer\u0151vel lehets\u00e9ges &#8211; mondta P\u00f6l\u00f6skei G\u00e1born\u00e9, a Nemzetgazdas\u00e1gi Miniszt\u00e9rium (NGM) szakk\u00e9pz\u00e9s\u00e9rt \u00e9s feln\u0151ttk\u00e9pz\u00e9s\u00e9rt felel\u0151s helyettes \u00e1llamtitk\u00e1ra h\u00e9tf\u0151n Kisk\u0151r\u00f6s\u00f6n.<\/p>\n","protected":false},"author":1,"featured_media":0,"comment_status":"closed","ping_status":"open","sticky":false,"template":"","format":"standard","meta":[],"categories":[19],"tags":[],"_links":{"self":[{"href":"https:\/\/gazdasagportal.hu\/index.php\/wp-json\/wp\/v2\/posts\/103677"}],"collection":[{"href":"https:\/\/gazdasagportal.hu\/index.php\/wp-json\/wp\/v2\/posts"}],"about":[{"href":"https:\/\/gazdasagportal.hu\/index.php\/wp-json\/wp\/v2\/types\/post"}],"author":[{"embeddable":true,"href":"https:\/\/gazdasagportal.hu\/index.php\/wp-json\/wp\/v2\/users\/1"}],"replies":[{"embeddable":true,"href":"https:\/\/gazdasagportal.hu\/index.php\/wp-json\/wp\/v2\/comments?post=103677"}],"version-history":[{"count":1,"href":"https:\/\/gazdasagportal.hu\/index.php\/wp-json\/wp\/v2\/posts\/103677\/revisions"}],"predecessor-version":[{"id":103678,"href":"https:\/\/gazdasagportal.hu\/index.php\/wp-json\/wp\/v2\/posts\/103677\/revisions\/103678"}],"wp:attachment":[{"href":"https:\/\/gazdasagportal.hu\/index.php\/wp-json\/wp\/v2\/media?parent=103677"}],"wp:term":[{"taxonomy":"category","embeddable":true,"href":"https:\/\/gazdasagportal.hu\/index.php\/wp-json\/wp\/v2\/categories?post=103677"},{"taxonomy":"post_tag","embeddable":true,"href":"https:\/\/gazdasagportal.hu\/index.php\/wp-json\/wp\/v2\/tags?post=103677"}],"curies":[{"name":"wp","href":"https:\/\/api.w.org\/{rel}","templated":true}]}}