{"id":103644,"date":"2018-03-12T07:39:00","date_gmt":"2018-03-12T06:39:00","guid":{"rendered":"http:\/\/gazdasagportal.hu\/?p=103644"},"modified":"2018-03-12T07:39:00","modified_gmt":"2018-03-12T06:39:00","slug":"ertek-es-minoseg-nagydij-uj-vedjegy-a-kivalo-minosegu-aruk-es-szolgaltatasok-szinteren","status":"publish","type":"post","link":"https:\/\/gazdasagportal.hu\/index.php\/ertek-es-minoseg-nagydij-uj-vedjegy-a-kivalo-minosegu-aruk-es-szolgaltatasok-szinteren\/","title":{"rendered":"\u00c9rt\u00e9k \u00e9s Min\u0151s\u00e9g Nagyd\u00edj \u2013 \u00faj v\u00e9djegy a kiv\u00e1l\u00f3 min\u0151s\u00e9g\u0171 \u00e1ruk \u00e9s szolg\u00e1ltat\u00e1sok sz\u00ednter\u00e9n"},"content":{"rendered":"<p><strong>47 f\u0151kateg\u00f3ri\u00e1ban lehet p\u00e1ly\u00e1zni itthonr\u00f3l \u00e9s az eg\u00e9sz K\u00e1rp\u00e1t-medenc\u00e9b\u0151l egyar\u00e1nt<\/strong><!--more--><\/p>\n<div class=\"ads-in-post1\"><div id=\"gazdasagportal.hu_fullbanner_wideboard\"><\/div>\r\n<\/div>\n<p><strong>\u00a0<\/strong><\/p>\n<p><strong>Id\u00e9n el\u0151sz\u00f6r, 47 f\u0151kateg\u00f3ri\u00e1ban hirdett\u00e9k meg az \u00c9rt\u00e9k \u00e9s Min\u0151s\u00e9g Nagyd\u00edj P\u00e1ly\u00e1zatot, amely<\/strong> <strong>az 1998-ban bevezetett \u00e9s 20 \u00e9ven \u00e1t meghirdetett Magyar Term\u00e9k Nagyd\u00edj tan\u00fas\u00edt\u00f3 v\u00e9djegy trad\u00edci\u00f3ira \u00e9p\u00fclve k\u00e9pviseli a kimagasl\u00f3 min\u0151s\u00e9get a hat\u00e1rainkat \u00e1tl\u00e9pve \u2013 jelentette be az \u00c9rt\u00e9k \u00e9s Min\u0151s\u00e9g Nagyd\u00edj P\u00e1ly\u00e1zat Ki\u00edr\u00f3i Tan\u00e1csa m\u00e1rcius 9-\u00e9n, a Bencz\u00far H\u00e1zban tartott \u00fcnnep\u00e9lyes sajt\u00f3t\u00e1j\u00e9koztat\u00f3n. A meghirdetett 47 p\u00e1ly\u00e1zati f\u0151csoport \u00e9rinti t\u00f6bbek k\u00f6z\u00f6tt a vend\u00e9gl\u00e1t\u00e1st, az \u00e9p\u00edt\u0151-, a b\u00fator-, a mez\u0151gazdas\u00e1gi- \u00e9s \u00e9lelmiszeripart, a szabadid\u0151s \u00e9s kultur\u00e1lis tev\u00e9kenys\u00e9geket, rendezv\u00e9nyeket, az oktat\u00e1st, az orvostechnikai- \u00e9s kozmetikai szegmenset, vagy ak\u00e1r a ruh\u00e1zati \u00e9s sportterm\u00e9kek gy\u00e1rt\u00e1s\u00e1t is. De lehet\u0151s\u00e9get kapnak helyi k\u00f6z\u00f6ss\u00e9gek is tev\u00e9kenys\u00e9geik megm\u00e9rettet\u00e9s\u00e9re. Az 1. \u00c9rt\u00e9k \u00e9s Min\u0151s\u00e9g Nagyd\u00edj P\u00e1ly\u00e1zat kit\u00fcntet\u00e9seit, a tan\u00fas\u00edtott \u201emin\u0151s\u00e9g jelk\u00e9p\u00e9t\u201d- melyre m\u00e1jus 25-ig lehet p\u00e1ly\u00e1zni -, az Alkot\u00f3k \u00dcnnep\u00e9n, a Parlament Fels\u0151h\u00e1zi Term\u00e9ben adj\u00e1k \u00e1t szeptember 11-\u00e9n.<\/strong><\/p>\n<p>&nbsp;<br \/>\n<div class=\"ads-in-post2\"><script async src=\"https:\/\/pagead2.googlesyndication.com\/pagead\/js\/adsbygoogle.js\"><\/script>\r\n<ins class=\"adsbygoogle\"\r\n     style=\"display:block\"\r\n     data-ad-format=\"fluid\"\r\n     data-ad-layout-key=\"-6t+ed+2i-1n-4w\"\r\n     data-ad-client=\"ca-pub-1959107119989764\"\r\n     data-ad-slot=\"4008251320\"><\/ins>\r\n<script>\r\n     (adsbygoogle = window.adsbygoogle || []).push({});\r\n<\/script><\/div>\n<p>Az \u00c9rt\u00e9k \u00e9s Min\u0151s\u00e9g Nagyd\u00edj kit\u00fcntet\u0151 c\u00edm azon \u00e1ruk, szolg\u00e1ltat\u00e1sok, gazdas\u00e1gi szervezetek elismer\u00e9se \u00e9s d\u00edjaz\u00e1sa, amelyek tev\u00e9kenys\u00e9g\u00fck sor\u00e1n bizony\u00edthat\u00f3an elk\u00f6telezettek a min\u0151s\u00e9g \u00fcgye ir\u00e1nt, \u00e9s kiemelt fontoss\u00e1got tulajdon\u00edtanak az egyetemlegesen magas min\u0151s\u00e9g\u0171 term\u00e9kek el\u0151\u00e1ll\u00edt\u00e1s\u00e1nak, illetve szolg\u00e1ltat\u00e1sok ny\u00fajt\u00e1s\u00e1nak. A Nagyd\u00edj elnevez\u00e9se k\u00f6zvetlen\u00fcl utal annak tartalm\u00e1ra, jelzi a v\u00e9djegyoltalom jogosultjainak \u00e9s partnereinek filoz\u00f3fi\u00e1j\u00e1t \u00e9s elk\u00f6telezetts\u00e9g\u00e9t, tov\u00e1bb\u00e1 a val\u00f3di \u00e9rt\u00e9kekre ir\u00e1ny\u00edtja a figyelmet, elutas\u00edtva a hamisat, a sil\u00e1ny min\u0151s\u00e9get. A p\u00e1ly\u00e1zat d\u00edjazottjai olyan p\u00e9lda\u00e9rt\u00e9k\u0171 modelleket jelen\u00edtenek meg, amelyek hozz\u00e1j\u00e1rulnak a gazdas\u00e1g fejleszt\u00e9s\u00e9hez. Valamennyi K\u00e1rp\u00e1t-medencei \u00e9s anyaorsz\u00e1gi d\u00edjazott a Parlament Fels\u0151h\u00e1zi Term\u00e9ben, \u00fcnnep\u00e9lyes keretek k\u00f6z\u00f6tt veheti \u00e1t a min\u0151s\u00e9g leg\u00fajabb min\u0151s\u00edt\u00e9s\u00e9t szeptember 11-\u00e9n, az Alkot\u00f3k \u00dcnnep\u00e9n.<\/p>\n<p>Az \u00c9rt\u00e9k \u00e9s Min\u0151s\u00e9g Nagyd\u00edj P\u00e1ly\u00e1zatot 2018-ban els\u0151 alkalommal \u00edrta ki \u00e9s val\u00f3s\u00edtotta meg a <strong>DIAMOND Szervez\u0151iroda Bt.<\/strong> (a v\u00e9djegyalap\u00edt\u00f3k megb\u00edz\u00e1s\u00e1b\u00f3l a p\u00e1ly\u00e1zat szervez\u00e9si \u00e9s lebonyol\u00edt\u00e1si teend\u0151it koordin\u00e1l\u00f3 \u00e9s v\u00e9gz\u0151 szervezet), a <strong>Hajnal H\u00faskombin\u00e1t Kft<\/strong>., a <strong>K\u00d6MI Kft.<\/strong>, a <strong>Legrand Magyarorsz\u00e1g Villamos Rendszerek Zrt<\/strong>., a <strong>Poli-Farbe Vegyipari Kft<\/strong>., a <strong>ProfessionCert Kft.,<\/strong> valamint az erd\u00e9lyi, mez\u0151cs\u00e1v\u00e1si sz\u00e9khely\u0171 <strong>S.C. SSM &amp; SIU S.R.L.<\/strong><\/p>\n<p>A p\u00e1ly\u00e1zati rendszer kiemelt t\u00e1mogat\u00f3ja a <strong>Minisztereln\u00f6ks\u00e9g Nemzetpolitik\u00e1\u00e9rt Felel\u0151s \u00c1llamtitk\u00e1rs\u00e1ga<\/strong>, k\u00fclhoni t\u00e1mogat\u00f3ja a <strong>Rom\u00e1niai Magyar Demokrata Sz\u00f6vets\u00e9g<\/strong>. A p\u00e1ly\u00e1zathoz \u00e9s a Ki\u00edr\u00f3k Tan\u00e1csa munk\u00e1j\u00e1hoz szakmai seg\u00edts\u00e9get ny\u00fajt a <strong>Szellemi Tulajdon Nemzeti Hivatala<\/strong>.<\/p>\n<p>Az \u00c9rt\u00e9k \u00e9s Min\u0151s\u00e9g Nagyd\u00edj P\u00e1ly\u00e1zat nemzetk\u00f6zi megjelen\u00e9s\u00e9nek legfontosabb r\u00e9sze a hat\u00e1rainkon t\u00fali egy\u00fcttm\u0171k\u00f6d\u00e9s. A Ki\u00edr\u00f3k t\u00f6rekednek arra, hogy a K\u00e1rp\u00e1t-medenc\u00e9ben legakt\u00edvabban m\u0171k\u00f6d\u0151 v\u00e1llalkoz\u00e1sok bekapcsol\u00f3djanak a p\u00e1ly\u00e1zati rendszer munk\u00e1j\u00e1ba.<\/p>\n<p>&nbsp;<\/p>\n<p><strong>Kiss K\u00e1rolyn\u00e9 Ildik\u00f3, az \u00c9rt\u00e9k \u00e9s Min\u0151s\u00e9g Nagyd\u00edj P\u00e1ly\u00e1zati Titk\u00e1rs\u00e1g \u00fcgyvezet\u0151 igazgat\u00f3ja a sajt\u00f3t\u00e1j\u00e9koztat\u00f3n \u00edgy fogalmazott<em>:<\/em><\/strong><em> \u201eA b\u0151v\u00fcl\u0151 ig\u00e9nyek m\u00e1ra meghaladt\u00e1k az 1998-ban oltalmat kapott tan\u00fas\u00edt\u00f3 v\u00e9djegy lehet\u0151s\u00e9geit. A Magyar Term\u00e9k Nagyd\u00edj v\u00e9djegyoltalma 2018-ban lej\u00e1r. Mi, az \u00c9rt\u00e9k \u00e9s Min\u0151s\u00e9g Nagyd\u00edj P\u00e1ly\u00e1zat ki\u00edr\u00f3i \u00fagy d\u00f6nt\u00f6tt\u00fcnk, hogy 20 \u00e9v ut\u00e1n \u00faj tan\u00fas\u00edt\u00f3 v\u00e9djegyet alap\u00edtunk \u00e9s vezet\u00fcnk be. Az \u00c9rt\u00e9k \u00e9s Min\u0151s\u00e9g Nagyd\u00edj korszer\u0171, napjaink kih\u00edv\u00e1sainak megfelel\u0151 tan\u00fas\u00edt\u00f3 v\u00e9djegy, mely a legkiemelked\u0151bb \u00e1ruk \u00e9s szolg\u00e1ltat\u00e1sok egy\u00e9rtelm\u0171 megk\u00fcl\u00f6nb\u00f6ztet\u00e9s\u00e9vel orient\u00e1lja a fogyaszt\u00f3kat a globaliz\u00e1l\u00f3d\u00f3 piacgazdas\u00e1g egyre b\u0151v\u00fcl\u0151 term\u00e9kk\u00edn\u00e1lat\u00e1ban. A d\u00edj a magas min\u0151s\u00e9get j\u00f3l bev\u00e1lt trad\u00edci\u00f3kra \u00e9p\u00fclve k\u00e9pviseli egy korszer\u0171bb, ak\u00e1r nemzetk\u00f6zi viszonylatokra is kialak\u00edthat\u00f3 m\u00f3don.\u201d<\/em><\/p>\n<p><strong>Dr. Latorcai J\u00e1nos, az Orsz\u00e1ggy\u0171l\u00e9s aleln\u00f6ke, a rendezv\u00e9ny f\u0151v\u00e9dn\u00f6ke k\u00f6sz\u00f6nt\u0151j\u00e9ben kiemelte:<\/strong> <em>\u201eA min\u0151s\u00e9gi \u00e9s a mennyis\u00e9gi b\u0151v\u00fcl\u00e9s \u2013 ak\u00e1rcsak egy fejl\u0151d\u0151 v\u00e1llalkoz\u00e1s eset\u00e9ben \u2013 kezdte sz\u00e9tfesz\u00edteni a kor\u00e1bbi kereteket. A hat\u00e1rainkon t\u00fal \u00e9l\u0151 magyars\u00e1g megmarad\u00e1sa \u00e9s gyarapod\u00e1sa szempontj\u00e1b\u00f3l kulcsfontoss\u00e1g\u00fa, hogy a megfelel\u0151 sz\u00ednvonal\u00fa term\u00e9kek \u00e9s szolg\u00e1ltat\u00e1sok az anyaorsz\u00e1gban is piacra tal\u00e1ljanak. Ezzel p\u00e1rhuzamosan azonban azt is l\u00e1tnunk kell, hogy a hat\u00e1ron t\u00fali magyars\u00e1g keresi \u00e9s \u00f6r\u00f6mmel v\u00e1s\u00e1rolja a Magyarorsz\u00e1gr\u00f3l sz\u00e1rmaz\u00f3 term\u00e9keket, s ez\u00e1ltal egyfajta term\u00e9szetes \u00e9s k\u00f6nnyen el\u00e9rhet\u0151 exportpiacot hoz l\u00e9tre, amely ugr\u00f3deszkak\u00e9nt szolg\u00e1lhat a Visegr\u00e1di N\u00e9gyek, s ez\u00e1ltal K\u00f6z\u00e9p-Eur\u00f3pa piacainak megh\u00f3d\u00edt\u00e1s\u00e1hoz.\u201d<\/em><\/p>\n<p><strong>Pot\u00e1pi \u00c1rp\u00e1d J\u00e1nos, a Minisztereln\u00f6ks\u00e9g nemzetpolitik\u00e1\u00e9rt felel\u0151s \u00e1llamtitk\u00e1ra k\u00f6sz\u00f6nt\u0151j\u00e9ben \u00edgy \u00f6sszegzett<\/strong><em>:\u201eAz anyaorsz\u00e1gi \u00e9s k\u00fclhoni magyars\u00e1g sz\u00fcl\u0151f\u00f6ld\u00f6n val\u00f3 boldogul\u00e1s\u00e1nak kulcsa tov\u00e1bbra is a min\u0151s\u00e9gi \u00e9rt\u00e9kteremt\u00e9s. A Magyar Korm\u00e1ny az elm\u00falt \u00e9vekben sz\u00e1mos olyan kezdem\u00e9nyez\u00e9st ind\u00edtott \u00fatj\u00e1ra, amelyekkel a magyar \u00e9rt\u00e9kek meg\u0151rz\u00e9s\u00e9ben, \u00faj \u00e9rt\u00e9kek teremt\u00e9s\u00e9ben t\u00e1mogatja a k\u00fclhoni magyar k\u00f6z\u00f6ss\u00e9geket. Sz\u00e1mos program r\u00e9v\u00e9n seg\u00edtj\u00fck a k\u00fclhoni magyar v\u00e1llalkoz\u00f3kat fejleszt\u00e9si \u00f6tlet\u00fck megval\u00f3s\u00edt\u00e1s\u00e1ban, abban, hogy sz\u00fcl\u0151f\u00f6ldj\u00fck\u00f6n teremtsenek min\u0151s\u00e9gi j\u00f6v\u0151t csal\u00e1djuk \u00e9s k\u00f6z\u00f6ss\u00e9g\u00fck sz\u00e1m\u00e1ra. \u00c9rt\u00e9k \u00e9s Min\u0151s\u00e9g. Az id\u00e9n bevezet\u00e9sre ker\u00fcl\u0151 \u00c9rt\u00e9k \u00e9s Min\u0151s\u00e9g Nagyd\u00edj tan\u00fas\u00edt\u00f3 v\u00e9djegy \u2013 folytatva a kor\u00e1bbi \u00e9vekben megkezdett k\u00f6z\u00f6s munk\u00e1t \u2013 azt \u00fczeni mindenkinek: hogy mi magyarok e k\u00e9t \u00f6sszetev\u0151 siker\u00e9ben hisz\u00fcnk. A tov\u00e1bbiakban is az \u00e9rt\u00e9k \u00e9s min\u0151s\u00e9g kett\u0151s\u00e9re k\u00edv\u00e1njuk \u00e9p\u00edteni a hat\u00e1rokon \u00e1t\u00edvel\u0151en \u00f6sszetartoz\u00f3 magyar nemzet 21. sz\u00e1zadi t\u00f6rt\u00e9net\u00e9t.\u201d<\/em><\/p>\n<p><strong>Kelemen Hunor a Rom\u00e1niai Magyar Demokrata Sz\u00f6vets\u00e9g eln\u00f6ke k\u00f6sz\u00f6nt\u0151j\u00e9ben \u00fagy fogalmazott:<\/strong> <em>\u201eAz \u00c9rt\u00e9k \u00e9s Min\u0151s\u00e9g Nagyd\u00edj P\u00e1ly\u00e1zatot az\u00e9rt \u00e9rt\u00e9kelj\u00fck, mert alkalmat biztos\u00edt a teljes\u00edtm\u00e9ny m\u00e9rc\u00e9j\u00e9nek meghat\u00e1roz\u00e1s\u00e1ra, bemutatni \u00e9s meg\u00fcnnepelni a h\u00e9tk\u00f6znapi munk\u00e1t. K\u00f6z\u00f6ss\u00e9g\u00fcnk boldogul\u00e1sa mellett annak az orsz\u00e1gnak a fejleszt\u00e9se \u00e9rdek\u00e9ben v\u00e9gezz\u00fck teend\u0151inket, amely gyakorta idegen gyermekk\u00e9nt tekint r\u00e1nk, amelyt\u0151l mai napig csak rem\u00e9lni tudjuk a nemzeti kisebbs\u00e9gek biztos\u00edtotta soksz\u00edn\u0171s\u00e9g elismer\u00e9s\u00e9t. Megtanultuk, hogy imm\u00e1r sz\u00e1z \u00e9ves realit\u00e1s, Rom\u00e1ni\u00e1ban a kisebbs\u00e9gi l\u00e9t velej\u00e1r\u00f3ja \u00faj utakat keresni. A rom\u00e1n-magyar p\u00e1rbesz\u00e9d el\u0151mozd\u00edt\u00e1s\u00e1\u00e9rt szervez\u00fcnk esem\u00e9nyeket, rom\u00e1n \u00e9s magyar emberek asztal\u00e1ra \u00e9s h\u00e1ztart\u00e1saiba ker\u00fclnek kis \u00e9s k\u00f6zepes v\u00e1llalkoz\u00e1saink, gazdas\u00e1gaink term\u00e9kei, \u00e9s sorolhatn\u00e1nk a j\u00f3 p\u00e9ld\u00e1kat.\u201d<\/em><\/p>\n<p><strong>Az \u00c9rt\u00e9k \u00e9s Min\u0151s\u00e9g Nagyd\u00edj P\u00e1ly\u00e1zatra jelentkezhet 2018. m\u00e1jus 25-ig minden term\u00e9szetes \u00e9s jogi szem\u00e9ly, jogi szem\u00e9lyis\u00e9g, egy\u00e9ni v\u00e1llalkoz\u00f3 vagy alkot\u00f3k\u00f6z\u00f6ss\u00e9g. <\/strong>A meghirdetett 47 p\u00e1ly\u00e1zati f\u0151csoport \u00e9rinti t\u00f6bbek k\u00f6z\u00f6tt a vend\u00e9gl\u00e1t\u00e1st, az \u00e9p\u00edt\u0151-, a b\u00fator-, a mez\u0151gazdas\u00e1gi- \u00e9s \u00e9lelmiszeripart, a szabadid\u0151s \u00e9s kultur\u00e1lis tev\u00e9kenys\u00e9geket, rendezv\u00e9nyeket, az oktat\u00e1st, az orvostechnikai- \u00e9s kozmetikai szegmenset, vagy ak\u00e1r a ruh\u00e1zati \u00e9s sportterm\u00e9kek gy\u00e1rt\u00e1s\u00e1t is. Egy p\u00e1ly\u00e1z\u00f3 t\u00f6bb p\u00e1ly\u00e1zattal is szerepelhet, \u00e9s t\u00f6bb p\u00e1ly\u00e1z\u00f3 is beny\u00fajthat k\u00f6z\u00f6s p\u00e1ly\u00e1zatot. Egy p\u00e1ly\u00e1zatban egy term\u00e9k, vagy egy term\u00e9kcsal\u00e1d szerepelhet. Egy term\u00e9kcsal\u00e1d maximum 10 term\u00e9kb\u0151l \u00e1llhat.<\/p>\n<p>&nbsp;<\/p>\n<p>A Ki\u00edr\u00f3k Tan\u00e1csa d\u00f6nt\u00e9se alapj\u00e1n a legkiemelked\u0151bbnek \u00edt\u00e9lt p\u00e1ly\u00e1zatok elnyerik \u00c9rt\u00e9k \u00e9s Min\u0151s\u00e9g Nagyd\u00edj kit\u00fcntet\u0151 c\u00edmet. A d\u00edjat &#8211; S\u00e1rk\u00e1ny G\u00e1bor grafikus m\u0171v\u00e9sz \u00e1ltal tervezett &#8211; magyar \u00e9s angol nyelv\u0171 Kit\u00fcntet\u0151 Oklev\u00e9l tan\u00fas\u00edtja, jelk\u00e9pe az \u00c9rt\u00e9k \u00e9s Min\u0151s\u00e9g Nagyd\u00edj embl\u00e9m\u00e1j\u00e1val d\u00edsz\u00edtett, a Holl\u00f3h\u00e1zi Porcel\u00e1ngy\u00e1r Kft. alkot\u00f3g\u00e1rd\u00e1ja \u00e1ltal k\u00e9sz\u00edtett egyedi iparm\u0171v\u00e9szeti tr\u00f3fea. A rendszer keret\u00e9ben a P\u00e1ly\u00e1zat Ki\u00edr\u00f3i Tan\u00e1csa, a p\u00e1ly\u00e1zat ki\u00edr\u00f3i \u00e9s a ki\u00edr\u00f3kon k\u00edv\u00fcl k\u00fcl\u00f6nb\u00f6z\u0151 c\u00e9gek, int\u00e9zm\u00e9nyek, szervezetek is felaj\u00e1nlanak k\u00fcl\u00f6nd\u00edjakat. K\u00fcl\u00f6nd\u00edjat csak a t\u00e1rgy\u00e9vben nagyd\u00edjat elnyert p\u00e1ly\u00e1zatok \u00e9s p\u00e1ly\u00e1z\u00f3k kaphatnak, kiv\u00e9tel az \u00c9rt\u00e9k \u00e9s Min\u0151s\u00e9g Nagyd\u00edj P\u00e1ly\u00e1zat \u00c9letm\u0171 D\u00edja, az \u00c9rt\u00e9k \u00e9s Min\u0151s\u00e9g Nagyd\u00edj P\u00e1ly\u00e1zat K\u00e1rp\u00e1t Haz\u00e1\u00e9rt N\u00edv\u00f3d\u00edja, az \u00c9rt\u00e9k \u00e9s Min\u0151s\u00e9g Nagyd\u00edj P\u00e1ly\u00e1zat K\u00e1rp\u00e1t Haz\u00e1\u00e9rt \u00c9letm\u0171 D\u00edja, valamint az \u00c9rt\u00e9k \u00e9s Min\u0151s\u00e9g Nagyd\u00edj P\u00e1ly\u00e1zat Kommunik\u00e1ci\u00f3s N\u00edv\u00f3d\u00edja.<\/p>\n","protected":false},"excerpt":{"rendered":"<p>47 f\u0151kateg\u00f3ri\u00e1ban lehet p\u00e1ly\u00e1zni itthonr\u00f3l \u00e9s az eg\u00e9sz K\u00e1rp\u00e1t-medenc\u00e9b\u0151l egyar\u00e1nt<\/p>\n","protected":false},"author":1,"featured_media":0,"comment_status":"closed","ping_status":"open","sticky":false,"template":"","format":"standard","meta":[],"categories":[19],"tags":[],"_links":{"self":[{"href":"https:\/\/gazdasagportal.hu\/index.php\/wp-json\/wp\/v2\/posts\/103644"}],"collection":[{"href":"https:\/\/gazdasagportal.hu\/index.php\/wp-json\/wp\/v2\/posts"}],"about":[{"href":"https:\/\/gazdasagportal.hu\/index.php\/wp-json\/wp\/v2\/types\/post"}],"author":[{"embeddable":true,"href":"https:\/\/gazdasagportal.hu\/index.php\/wp-json\/wp\/v2\/users\/1"}],"replies":[{"embeddable":true,"href":"https:\/\/gazdasagportal.hu\/index.php\/wp-json\/wp\/v2\/comments?post=103644"}],"version-history":[{"count":1,"href":"https:\/\/gazdasagportal.hu\/index.php\/wp-json\/wp\/v2\/posts\/103644\/revisions"}],"predecessor-version":[{"id":103645,"href":"https:\/\/gazdasagportal.hu\/index.php\/wp-json\/wp\/v2\/posts\/103644\/revisions\/103645"}],"wp:attachment":[{"href":"https:\/\/gazdasagportal.hu\/index.php\/wp-json\/wp\/v2\/media?parent=103644"}],"wp:term":[{"taxonomy":"category","embeddable":true,"href":"https:\/\/gazdasagportal.hu\/index.php\/wp-json\/wp\/v2\/categories?post=103644"},{"taxonomy":"post_tag","embeddable":true,"href":"https:\/\/gazdasagportal.hu\/index.php\/wp-json\/wp\/v2\/tags?post=103644"}],"curies":[{"name":"wp","href":"https:\/\/api.w.org\/{rel}","templated":true}]}}