{"id":103640,"date":"2018-03-11T13:54:39","date_gmt":"2018-03-11T12:54:39","guid":{"rendered":"http:\/\/gazdasagportal.hu\/?p=103640"},"modified":"2018-03-11T09:55:29","modified_gmt":"2018-03-11T08:55:29","slug":"heti-makronaptar-keves-adat-jelenik-meg-a-roviditett-munkaheten","status":"publish","type":"post","link":"https:\/\/gazdasagportal.hu\/index.php\/heti-makronaptar-keves-adat-jelenik-meg-a-roviditett-munkaheten\/","title":{"rendered":"Heti makronapt\u00e1r &#8211; Kev\u00e9s adat jelenik meg a r\u00f6vid\u00edtett munkah\u00e9ten"},"content":{"rendered":"<p><strong>Kev\u00e9s adat jelenik meg a k\u00f6vetkez\u0151, h\u00e1romnapos r\u00f6vid\u00edtett munkah\u00e9ten, ipari termel\u00e9si \u00e9s \u00e9p\u00edt\u0151ipari adatok mellett mez\u0151gazdas\u00e1gi termel\u0151i \u00e1rakr\u00f3l k\u00f6z\u00f6lnek statisztik\u00e1t.<\/strong><!--more--><\/p>\n<div class=\"ads-in-post1\"><div id=\"gazdasagportal.hu_fullbanner_wideboard\"><\/div>\r\n<\/div>\n<p>    Kedden k\u00f6zli a K\u00f6zponti Statisztikai Hivatal (KSH) a mez\u0151gazdas\u00e1gi termel\u0151i \u00e1rak id\u00e9n janu\u00e1ri alakul\u00e1s\u00e1r\u00f3l sz\u00f3l\u00f3 statisztik\u00e1j\u00e1t. Tavaly decemberben a mez\u0151gazdas\u00e1gi termel\u0151i \u00e1rak 5,1 sz\u00e1zal\u00e9kkal emelkedtek az egy \u00e9vvel kor\u00e1bbihoz m\u00e9rve a novemberi 7,7 sz\u00e1zal\u00e9k ut\u00e1n. A n\u00f6v\u00e9nyi term\u00e9kek 6,0 sz\u00e1zal\u00e9kkal, az \u00e9l\u0151 \u00e1llatok, \u00e1llati term\u00e9kek 3,8 sz\u00e1zal\u00e9kkal dr\u00e1gultak. A tavalyi eg\u00e9sz \u00e9v \u00e1tlag\u00e1ban a mez\u0151gazdas\u00e1gi termel\u0151i \u00e1rak 5,6, sz\u00e1zal\u00e9kkal voltak magasabbak, mint 2016-ban.<br \/>\n    Szerd\u00e1n jelenik meg a janu\u00e1ri ipari termel\u00e9s m\u00e1sodik becsl\u00e9se. A m\u00e1rcius 7-\u00e9n kiadott els\u0151 becsl\u00e9s szerint az ipari termel\u00e9s volumene 6,9 sz\u00e1zal\u00e9kkal meghaladta janu\u00e1rban az egy \u00e9vvel kor\u00e1bbit, a munkanaphat\u00e1st\u00f3l megtiszt\u00edtott adatok alapj\u00e1n a termel\u00e9s 6,7 sz\u00e1zal\u00e9kkal n\u0151tt.<br \/>\n<div class=\"ads-in-post2\"><script async src=\"https:\/\/pagead2.googlesyndication.com\/pagead\/js\/adsbygoogle.js\"><\/script>\r\n<ins class=\"adsbygoogle\"\r\n     style=\"display:block\"\r\n     data-ad-format=\"fluid\"\r\n     data-ad-layout-key=\"-6t+ed+2i-1n-4w\"\r\n     data-ad-client=\"ca-pub-1959107119989764\"\r\n     data-ad-slot=\"4008251320\"><\/ins>\r\n<script>\r\n     (adsbygoogle = window.adsbygoogle || []).push({});\r\n<\/script><\/div>\n    Szint\u00e9n szerd\u00e1n publik\u00e1lja a KSH az \u00e9p\u00edt\u0151ipar janu\u00e1ri teljes\u00edtm\u00e9ny\u00e9r\u0151l sz\u00f3l\u00f3 statisztik\u00e1t. Tavaly eg\u00e9sz \u00e9vben az \u00e9p\u00edt\u0151ipari termel\u00e9s 29,6 sz\u00e1zal\u00e9kkal haladta meg 2016. \u00e9vi alacsony b\u00e1zist, amikor 18,8 sz\u00e1zal\u00e9kkal visszaesett az \u00e1gazat teljes\u00edtm\u00e9nye az el\u0151z\u0151 \u00e9vihez k\u00e9pest. 2017 decemberben az \u00e9p\u00edt\u0151ipari termel\u00e9s volumene 35,0 sz\u00e1zal\u00e9kkal meghaladta az egy \u00e9vvel kor\u00e1bbit, a novemberi 30,9 sz\u00e1zal\u00e9kos n\u00f6veked\u00e9s ut\u00e1n. Az \u00e9p\u00fcletek \u00e9p\u00edt\u00e9se 27,0 sz\u00e1zal\u00e9kkal, az egy\u00e9b \u00e9p\u00edtm\u00e9nyek\u00e9 34,8 sz\u00e1zal\u00e9kkal emelkedett 2017-ben, m\u00edg 2016-ban 3,7 sz\u00e1zal\u00e9kos, illetve 33,0 sz\u00e1zal\u00e9kos volt a visszaes\u00e9s.(MTI)<\/p>\n","protected":false},"excerpt":{"rendered":"<p>Kev\u00e9s adat jelenik meg a k\u00f6vetkez\u0151, h\u00e1romnapos r\u00f6vid\u00edtett munkah\u00e9ten, ipari termel\u00e9si \u00e9s \u00e9p\u00edt\u0151ipari adatok mellett mez\u0151gazdas\u00e1gi termel\u0151i \u00e1rakr\u00f3l k\u00f6z\u00f6lnek statisztik\u00e1t.<\/p>\n","protected":false},"author":1,"featured_media":0,"comment_status":"closed","ping_status":"open","sticky":false,"template":"","format":"standard","meta":[],"categories":[19],"tags":[],"_links":{"self":[{"href":"https:\/\/gazdasagportal.hu\/index.php\/wp-json\/wp\/v2\/posts\/103640"}],"collection":[{"href":"https:\/\/gazdasagportal.hu\/index.php\/wp-json\/wp\/v2\/posts"}],"about":[{"href":"https:\/\/gazdasagportal.hu\/index.php\/wp-json\/wp\/v2\/types\/post"}],"author":[{"embeddable":true,"href":"https:\/\/gazdasagportal.hu\/index.php\/wp-json\/wp\/v2\/users\/1"}],"replies":[{"embeddable":true,"href":"https:\/\/gazdasagportal.hu\/index.php\/wp-json\/wp\/v2\/comments?post=103640"}],"version-history":[{"count":1,"href":"https:\/\/gazdasagportal.hu\/index.php\/wp-json\/wp\/v2\/posts\/103640\/revisions"}],"predecessor-version":[{"id":103641,"href":"https:\/\/gazdasagportal.hu\/index.php\/wp-json\/wp\/v2\/posts\/103640\/revisions\/103641"}],"wp:attachment":[{"href":"https:\/\/gazdasagportal.hu\/index.php\/wp-json\/wp\/v2\/media?parent=103640"}],"wp:term":[{"taxonomy":"category","embeddable":true,"href":"https:\/\/gazdasagportal.hu\/index.php\/wp-json\/wp\/v2\/categories?post=103640"},{"taxonomy":"post_tag","embeddable":true,"href":"https:\/\/gazdasagportal.hu\/index.php\/wp-json\/wp\/v2\/tags?post=103640"}],"curies":[{"name":"wp","href":"https:\/\/api.w.org\/{rel}","templated":true}]}}