{"id":103638,"date":"2018-03-11T12:52:46","date_gmt":"2018-03-11T11:52:46","guid":{"rendered":"http:\/\/gazdasagportal.hu\/?p=103638"},"modified":"2018-03-11T09:54:03","modified_gmt":"2018-03-11T08:54:03","slug":"nemet-kormanyalakitas-szakerto-valtozas-varhato-nemetorszag-bevandorlaspolitikajaban","status":"publish","type":"post","link":"https:\/\/gazdasagportal.hu\/index.php\/nemet-kormanyalakitas-szakerto-valtozas-varhato-nemetorszag-bevandorlaspolitikajaban\/","title":{"rendered":"N\u00e9met korm\u00e1nyalak\u00edt\u00e1s &#8211; Szak\u00e9rt\u0151: v\u00e1ltoz\u00e1s v\u00e1rhat\u00f3 N\u00e9metorsz\u00e1g bev\u00e1ndorl\u00e1spolitik\u00e1j\u00e1ban"},"content":{"rendered":"<p><strong>V\u00e1ltoz\u00e1s v\u00e1rhat\u00f3 N\u00e9metorsz\u00e1g bev\u00e1ndorl\u00e1spolitik\u00e1j\u00e1ban N\u00f3gr\u00e1di Gy\u00f6rgy biztons\u00e1gpolitikai szak\u00e9rt\u0151 szerint.<\/strong><!--more--><\/p>\n<div class=\"ads-in-post1\"><div id=\"gazdasagportal.hu_fullbanner_wideboard\"><\/div>\r\n<\/div>\n<p>    Az M1 aktu\u00e1lis csatorna vas\u00e1rnapi m\u0171sor\u00e1ban N\u00f3gr\u00e1di Gy\u00f6rgy eml\u00e9keztetett arra, hogy a v\u00e1rhat\u00f3an szerd\u00e1n megalakul\u00f3 n\u00e9met korm\u00e1nyban a Kereszt\u00e9nyszoci\u00e1lis Uni\u00f3 (CSU) birtokolja majd a kulcsfontoss\u00e1g\u00fa bel\u00fcgyi t\u00e1rc\u00e1t, a konzervat\u00edv p\u00e1rt \u00e1ll\u00e1spontja pedig k\u00f6zel \u00e1ll a visegr\u00e1di n\u00e9gyek \u00e9s Magyarorsz\u00e1g \u00e1ll\u00e1spontj\u00e1hoz a migr\u00e1nsk\u00e9rd\u00e9sben.<br \/>\n    Kit\u00e9rt arra, hogy Angela Merkel kancell\u00e1rnak ez lesz a negyedik, utols\u00f3 korm\u00e1nyzati ciklusa. Szeptember 24-\u00e9n voltak a v\u00e1laszt\u00e1sok, csaknem hat h\u00f3nappal k\u00e9s\u0151bb j\u00f6n l\u00e9tre a n\u00e9met korm\u00e1ny, amire a m\u00e1sodik vil\u00e1gh\u00e1bor\u00fa ut\u00e1ni n\u00e9met t\u00f6rt\u00e9nelemben nem volt p\u00e9lda &#8211; mutatott r\u00e1.<br \/>\n    Angela Merkel meggyeng\u00fclt a szak\u00e9rt\u0151 szerint, id\u0151 k\u00e9rd\u00e9se, \u00e9s elkezd\u0151dik az ut\u00f3dl\u00e1si harc.(MTI)<br \/>\n<div class=\"ads-in-post2\"><script async src=\"https:\/\/pagead2.googlesyndication.com\/pagead\/js\/adsbygoogle.js\"><\/script>\r\n<ins class=\"adsbygoogle\"\r\n     style=\"display:block\"\r\n     data-ad-format=\"fluid\"\r\n     data-ad-layout-key=\"-6t+ed+2i-1n-4w\"\r\n     data-ad-client=\"ca-pub-1959107119989764\"\r\n     data-ad-slot=\"4008251320\"><\/ins>\r\n<script>\r\n     (adsbygoogle = window.adsbygoogle || []).push({});\r\n<\/script><\/div>\n","protected":false},"excerpt":{"rendered":"<p>V\u00e1ltoz\u00e1s v\u00e1rhat\u00f3 N\u00e9metorsz\u00e1g bev\u00e1ndorl\u00e1spolitik\u00e1j\u00e1ban N\u00f3gr\u00e1di Gy\u00f6rgy biztons\u00e1gpolitikai szak\u00e9rt\u0151 szerint.<\/p>\n","protected":false},"author":1,"featured_media":0,"comment_status":"closed","ping_status":"open","sticky":false,"template":"","format":"standard","meta":[],"categories":[12],"tags":[],"_links":{"self":[{"href":"https:\/\/gazdasagportal.hu\/index.php\/wp-json\/wp\/v2\/posts\/103638"}],"collection":[{"href":"https:\/\/gazdasagportal.hu\/index.php\/wp-json\/wp\/v2\/posts"}],"about":[{"href":"https:\/\/gazdasagportal.hu\/index.php\/wp-json\/wp\/v2\/types\/post"}],"author":[{"embeddable":true,"href":"https:\/\/gazdasagportal.hu\/index.php\/wp-json\/wp\/v2\/users\/1"}],"replies":[{"embeddable":true,"href":"https:\/\/gazdasagportal.hu\/index.php\/wp-json\/wp\/v2\/comments?post=103638"}],"version-history":[{"count":1,"href":"https:\/\/gazdasagportal.hu\/index.php\/wp-json\/wp\/v2\/posts\/103638\/revisions"}],"predecessor-version":[{"id":103639,"href":"https:\/\/gazdasagportal.hu\/index.php\/wp-json\/wp\/v2\/posts\/103638\/revisions\/103639"}],"wp:attachment":[{"href":"https:\/\/gazdasagportal.hu\/index.php\/wp-json\/wp\/v2\/media?parent=103638"}],"wp:term":[{"taxonomy":"category","embeddable":true,"href":"https:\/\/gazdasagportal.hu\/index.php\/wp-json\/wp\/v2\/categories?post=103638"},{"taxonomy":"post_tag","embeddable":true,"href":"https:\/\/gazdasagportal.hu\/index.php\/wp-json\/wp\/v2\/tags?post=103638"}],"curies":[{"name":"wp","href":"https:\/\/api.w.org\/{rel}","templated":true}]}}