{"id":103515,"date":"2018-03-07T07:56:34","date_gmt":"2018-03-07T06:56:34","guid":{"rendered":"http:\/\/gazdasagportal.hu\/?p=103515"},"modified":"2018-03-07T07:56:34","modified_gmt":"2018-03-07T06:56:34","slug":"sziriaban-lezuhant-egy-orosz-szallitogep-sokan-meghaltak","status":"publish","type":"post","link":"https:\/\/gazdasagportal.hu\/index.php\/sziriaban-lezuhant-egy-orosz-szallitogep-sokan-meghaltak\/","title":{"rendered":"Sz\u00edri\u00e1ban lezuhant egy orosz sz\u00e1ll\u00edt\u00f3g\u00e9p, sokan meghaltak"},"content":{"rendered":"<p><strong>Lezuhant egy An-26-os orosz sz\u00e1ll\u00edt\u00f3g\u00e9p Sz\u00edri\u00e1ban, a hmejm\u00edmi orosz katonai l\u00e9git\u00e1maszponton; a fed\u00e9lzeten l\u00e9v\u0151 mind a 33 utas \u00e9s a 6 f\u0151nyi szem\u00e9lyzet \u00e9let\u00e9t vesztette &#8211; k\u00f6z\u00f6lte kedden az az orosz v\u00e9delmi miniszt\u00e9rium.<\/strong><!--more--><\/p>\n<div class=\"ads-in-post1\"><div id=\"gazdasagportal.hu_fullbanner_wideboard\"><\/div>\r\n<\/div>\n<p>    Az els\u0151 h\u00edrad\u00e1sok m\u00e9g 32 halottr\u00f3l sz\u00f3ltak. A miniszt\u00e9rium t\u00e1j\u00e9koztat\u00e1sa szerint mind a 39 \u00e1ldozat katona volt. A lesz\u00e1llni k\u00e9sz\u00fcl\u0151 g\u00e9p trag\u00e9di\u00e1ja k\u00f6z\u00e9p-eur\u00f3pai id\u0151 szerint 13 \u00f3ra k\u00f6r\u00fcl t\u00f6rt\u00e9nt. Az els\u0151 \u00e9rtes\u00fcl\u00e9sek szerint a l\u00e9gi katasztr\u00f3f\u00e1t m\u0171szaki hiba okozhatta, de a v\u00e9delmi miniszt\u00e9rium szakbizotts\u00e1ga \u00e9s a katonai f\u0151\u00fcgy\u00e9szs\u00e9g az \u00f6sszes lehets\u00e9ges okot meg fogja vizsg\u00e1lni.<br \/>\n    A rep\u00fcl\u0151g\u00e9p mintegy 500 m\u00e9terrel a lesz\u00e1ll\u00f3 p\u00e1lya el\u0151tt csap\u00f3dott talajnak. A v\u00e9delmi miniszt\u00e9rium helysz\u00edni jelent\u00e9sre hivatkozva k\u00f6z\u00f6lte, hogy a rep\u00fcl\u0151g\u00e9pre nem t\u00fczeltek.<br \/>\n<div class=\"ads-in-post2\"><script async src=\"https:\/\/pagead2.googlesyndication.com\/pagead\/js\/adsbygoogle.js\"><\/script>\r\n<ins class=\"adsbygoogle\"\r\n     style=\"display:block\"\r\n     data-ad-format=\"fluid\"\r\n     data-ad-layout-key=\"-6t+ed+2i-1n-4w\"\r\n     data-ad-client=\"ca-pub-1959107119989764\"\r\n     data-ad-slot=\"4008251320\"><\/ins>\r\n<script>\r\n     (adsbygoogle = window.adsbygoogle || []).push({});\r\n<\/script><\/div>\n    Az orosz Nyomoz\u00f3 Bizotts\u00e1g (SZK) az \u00fcgyben a rep\u00fcl\u00e9s, vagy annak el\u0151k\u00e9sz\u00edt\u00e9se szab\u00e1lyai megszeg\u00e9s\u00e9nek c\u00edm\u00e9n b\u00fcntet\u0151elj\u00e1r\u00e1st ind\u00edtott. A Szverdlov megy\u00e9ben munkal\u00e1togat\u00e1son tart\u00f3zkod\u00f3 Vlagyimir Putyin orosz eln\u00f6knek Szergej Sojgu v\u00e9delmi miniszter telefonon sz\u00e1molt be a t\u00f6rt\u00e9ntekr\u0151l. Az \u00e1llamf\u0151 egy\u00fctt\u00e9rz\u00e9s\u00e9t fejezte ki az \u00e1ldozatok hozz\u00e1tartoz\u00f3inak \u00e9s a v\u00e9delmi t\u00e1rc\u00e1nak is.<br \/>\n    Oroszorsz\u00e1g kilenc katonai rep\u00fcl\u0151g\u00e9pet \u00e9s helikoptert vesz\u00edtett el azt k\u00f6vet\u0151en, hogy k\u00e9t \u00e9s f\u00e9l \u00e9vvel ezel\u0151tt Bass\u00e1r el-Aszad eln\u00f6k rendszere oldal\u00e1n beavatkozott a Sz\u00edri\u00e1ban zajl\u00f3 konfliktusba. A TASZSZ h\u00edr\u00fcgyn\u00f6ks\u00e9g \u00f6sszehasonl\u00edt\u00f3 h\u00e1tt\u00e9ranya szerint az orosz fegyveres er\u0151k az els\u0151 csecsen h\u00e1bor\u00faban (1994-1996) 40, a m\u00e1sodikban (1999-2007) mintegy 70, a 2008-as orosz-gr\u00faz katonai konfliktusban pedig nyolc l\u00e9gi j\u00e1rm\u0171vet k\u00f6nyvelhetett el a vesztes\u00e9gek k\u00f6z\u00f6tt.<br \/>\n    Sz\u00edri\u00e1ban k\u00e9t orosz sz\u00e1ll\u00edt\u00f3 \u00e9s k\u00e9t csap\u00e1sm\u00e9r\u0151 helikopter, k\u00e9t Szu-24-es bomb\u00e1z\u00f3, egy Szu-25-\u00f6s csatarep\u00fcl\u0151g\u00e9p \u00e9s egy An-26-os pusztult el. Legut\u00f3bb febru\u00e1rban az \u00e9szak-nyugati Idl\u00edb tartom\u00e1nyban a Szu-25-\u00f6st l\u0151tt\u00e9k le. Pil\u00f3t\u00e1ja, Roman Filipov \u0151rnagy, aki katapult\u00e1lt, majd a f\u00f6ld\u00f6n a milit\u00e1nsokkal v\u00edvott egyenl\u0151tlen t\u0171zharc sor\u00e1n felrobbantotta mag\u00e1t, posztumusz az Oroszorsz\u00e1gi F\u00f6der\u00e1ci\u00f3 h\u0151se c\u00edmben r\u00e9szes\u00fclt.<br \/>\n        Az An-26-os k\u00e9t hajt\u00f3m\u0171ves, l\u00e9gcsavaros, g\u00e1zturbin\u00e1s, polg\u00e1ri \u00e9s katonai c\u00e9lokra egyar\u00e1nt haszn\u00e1lhat\u00f3 sz\u00e1ll\u00edt\u00f3 rep\u00fcl\u0151g\u00e9p. A kijevi Antonov tervez\u0151iroda fejlesztette ki az An-24T tehersz\u00e1ll\u00edt\u00f3 rep\u00fcl\u0151g\u00e9p alapj\u00e1n. 1969-ben mutatt\u00e1k be \u00e9s 1986-ig gy\u00e1rtott\u00e1k a Szovjetuni\u00f3ban.<br \/>\n(MTI)<\/p>\n","protected":false},"excerpt":{"rendered":"<p>Lezuhant egy An-26-os orosz sz\u00e1ll\u00edt\u00f3g\u00e9p Sz\u00edri\u00e1ban, a hmejm\u00edmi orosz katonai l\u00e9git\u00e1maszponton; a fed\u00e9lzeten l\u00e9v\u0151 mind a 33 utas \u00e9s a 6 f\u0151nyi szem\u00e9lyzet \u00e9let\u00e9t vesztette &#8211; k\u00f6z\u00f6lte kedden az az orosz v\u00e9delmi miniszt\u00e9rium.<\/p>\n","protected":false},"author":1,"featured_media":0,"comment_status":"closed","ping_status":"open","sticky":false,"template":"","format":"standard","meta":[],"categories":[12,16],"tags":[],"_links":{"self":[{"href":"https:\/\/gazdasagportal.hu\/index.php\/wp-json\/wp\/v2\/posts\/103515"}],"collection":[{"href":"https:\/\/gazdasagportal.hu\/index.php\/wp-json\/wp\/v2\/posts"}],"about":[{"href":"https:\/\/gazdasagportal.hu\/index.php\/wp-json\/wp\/v2\/types\/post"}],"author":[{"embeddable":true,"href":"https:\/\/gazdasagportal.hu\/index.php\/wp-json\/wp\/v2\/users\/1"}],"replies":[{"embeddable":true,"href":"https:\/\/gazdasagportal.hu\/index.php\/wp-json\/wp\/v2\/comments?post=103515"}],"version-history":[{"count":1,"href":"https:\/\/gazdasagportal.hu\/index.php\/wp-json\/wp\/v2\/posts\/103515\/revisions"}],"predecessor-version":[{"id":103516,"href":"https:\/\/gazdasagportal.hu\/index.php\/wp-json\/wp\/v2\/posts\/103515\/revisions\/103516"}],"wp:attachment":[{"href":"https:\/\/gazdasagportal.hu\/index.php\/wp-json\/wp\/v2\/media?parent=103515"}],"wp:term":[{"taxonomy":"category","embeddable":true,"href":"https:\/\/gazdasagportal.hu\/index.php\/wp-json\/wp\/v2\/categories?post=103515"},{"taxonomy":"post_tag","embeddable":true,"href":"https:\/\/gazdasagportal.hu\/index.php\/wp-json\/wp\/v2\/tags?post=103515"}],"curies":[{"name":"wp","href":"https:\/\/api.w.org\/{rel}","templated":true}]}}