{"id":103511,"date":"2018-03-06T20:31:35","date_gmt":"2018-03-06T19:31:35","guid":{"rendered":"http:\/\/gazdasagportal.hu\/?p=103511"},"modified":"2018-03-06T20:31:35","modified_gmt":"2018-03-06T19:31:35","slug":"eszak-koreai-valsag-donald-trump-udvozolte-a-ket-korea-vezetojenek-tervezett-csucstalalkozojat","status":"publish","type":"post","link":"https:\/\/gazdasagportal.hu\/index.php\/eszak-koreai-valsag-donald-trump-udvozolte-a-ket-korea-vezetojenek-tervezett-csucstalalkozojat\/","title":{"rendered":"\u00c9szak-koreai v\u00e1ls\u00e1g &#8211; Donald Trump \u00fcdv\u00f6z\u00f6lte a k\u00e9t Korea vezet\u0151j\u00e9nek tervezett cs\u00facstal\u00e1lkoz\u00f3j\u00e1t"},"content":{"rendered":"<p><strong>Donald Trump amerikai eln\u00f6k Twitter-bejegyz\u00e9s\u00e9ben \u00fcdv\u00f6z\u00f6lte kedden a k\u00e9t Korea vezet\u0151j\u00e9nek tervezett cs\u00facstal\u00e1lkoz\u00f3j\u00e1t \u00e9s rem\u00e9ny\u00e9t fejezte ki, hogy &#8222;lehets\u00e9ges az el\u0151rehalad\u00e1s&#8221;. Mike Pence aleln\u00f6k konkr\u00e9t l\u00e9p\u00e9seket v\u00e1r Phenjant\u00f3l, a katonai h\u00edrszerz\u00e9s vezet\u0151je \u00f3vatoss\u00e1gra intett. <\/strong><!--more--><\/p>\n<div class=\"ads-in-post1\"><div id=\"gazdasagportal.hu_fullbanner_wideboard\"><\/div>\r\n<\/div>\n<p>    Az eln\u00f6k Twitter-oldal\u00e1n megosztotta a Drudge Report c\u00edm\u0171 jobboldali h\u00edrport\u00e1l besz\u00e1mol\u00f3j\u00e1t a d\u00e9l-koreai k\u00fcld\u00f6tts\u00e9g Kim Dzsong Un \u00e9szak-koreai vezet\u0151n\u00e9l tett l\u00e1togat\u00e1s\u00e1r\u00f3l, \u00e9s azt \u00edrta: &#8222;majd megl\u00e1tjuk, mi t\u00f6rt\u00e9nik&#8221;.         \u00dagy \u00e9rt\u00e9kelte, &#8222;lehets\u00e9ges el\u0151rehalad\u00e1s az \u00c9szak-Kore\u00e1val folytatand\u00f3 t\u00e1rgyal\u00e1sokon. \u00c9vek \u00f3ta el\u0151sz\u00f6r t\u00f6rt\u00e9nt komoly er\u0151fesz\u00edt\u00e9s valamennyi \u00e9rintett f\u00e9l r\u00e9sz\u00e9r\u0151l&#8221;.         A mikroblog-bejegyz\u00e9sben az eln\u00f6k lesz\u00f6gezte: &#8222;a vil\u00e1g figyel \u00e9s v\u00e1rakozik&#8221;. Tal\u00e1n hamisak a rem\u00e9nyek, de &#8211; mint fogalmazott &#8211; az Egyes\u00fclt \u00c1llamok k\u00e9szen \u00e1ll arra, hogy elk\u00f6telezze mag\u00e1t.<br \/>\n<div class=\"ads-in-post2\"><script async src=\"https:\/\/pagead2.googlesyndication.com\/pagead\/js\/adsbygoogle.js\"><\/script>\r\n<ins class=\"adsbygoogle\"\r\n     style=\"display:block\"\r\n     data-ad-format=\"fluid\"\r\n     data-ad-layout-key=\"-6t+ed+2i-1n-4w\"\r\n     data-ad-client=\"ca-pub-1959107119989764\"\r\n     data-ad-slot=\"4008251320\"><\/ins>\r\n<script>\r\n     (adsbygoogle = window.adsbygoogle || []).push({});\r\n<\/script><\/div>\n       Mike Pence aleln\u00f6k, aki kor\u00e1bban r\u00e9szt vett a D\u00e9l-Kore\u00e1ban rendezett t\u00e9li olimpi\u00e1n, de elh\u00e1r\u00edtotta a tal\u00e1lkoz\u00f3t Kim Dzsong Un szint\u00e9n jelenl\u00e9v\u0151 h\u00fag\u00e1val, k\u00f6zlem\u00e9nyben sz\u00f6gezte le, hogy az Egyes\u00fclt \u00c1llamok mindaddig kitart a nyom\u00e1sgyakorl\u00e1s mellett, am\u00edg \u00c9szak-Korea nem tesz &#8222;hiteles, ellen\u0151rizhet\u0151 \u00e9s konkr\u00e9t l\u00e9p\u00e9seket&#8221; az atomfegyver-mentes\u00edt\u00e9s \u00e9rdek\u00e9ben. &#8222;Minden megold\u00e1s az asztalon van&#8221; &#8211; fogalmazott az amerikai aleln\u00f6k.         \u00d3vatoss\u00e1gra intett \u00c9szak-Kore\u00e1val kapcsolatban Robert Ashley alt\u00e1bornagy, a katonai h\u00edrszerz\u00e9s vezet\u0151je. A szen\u00e1tus h\u00edrszerz\u00e9si bizotts\u00e1ga el\u0151tti keddi meghallgat\u00e1son a V\u00e9delmi H\u00edrszerz\u0151 \u00dcgyn\u00f6ks\u00e9g (DIA) vezet\u0151je arr\u00f3l besz\u00e9lt, hogy nem osztja a t\u00f6rv\u00e9nyhoz\u00f3k optimizmus\u00e1t a leg\u00fajabb fejlem\u00e9nyek kapcs\u00e1n. &#8222;V\u00e1rjuk meg, hogyan alakulnak a dolgok&#8221; &#8211; sz\u00f6gezte le.         A d\u00e9l-koreai eln\u00f6ki hivatal kedden jelentette be, hogy Sz\u00f6ul \u00e9s Phenjan \u00e1prilisban cs\u00facstal\u00e1lkoz\u00f3t tart a k\u00e9t orsz\u00e1g hat\u00e1r\u00e1n.         D\u00e9l-Korea azt is k\u00f6z\u00f6lte, hogy \u00c9szak-Korea \u00edg\u00e9retet tett nukle\u00e1ris fegyver-\u00e9s rak\u00e9tak\u00eds\u00e9rletei felf\u00fcggeszt\u00e9s\u00e9re. Mun Dzse In d\u00e9l-koreai eln\u00f6k nemzetbiztons\u00e1gi igazgat\u00f3ja pedig \u00fagy nyilatkozott: Phenjan k\u00f6z\u00f6lte a d\u00e9l-korai k\u00fcld\u00f6tts\u00e9ggel, hogy k\u00e9szen \u00e1ll a megbesz\u00e9l\u00e9sekre Washingtonnal \u00c9szak-Korea atomfegyver-mentes\u00edt\u00e9s\u00e9r\u0151l \u00e9s az \u00e9szak-koreai-amerikai viszony rendez\u00e9s\u00e9r\u0151l. Az igazgat\u00f3 hozz\u00e1tette: Phenjan azt is k\u00f6z\u00f6lte, hogy  lemond atomfegyvereir\u0151l,  amennyiben az orsz\u00e1got \u00e9r\u0151 katonai fenyeget\u00e9sek \u00fcgy\u00e9t rendezik \u00e9s erre biztons\u00e1gi garanci\u00e1t is kap.         A Feh\u00e9r H\u00e1z \u00e9s az amerikai k\u00fcl\u00fcgyminiszt\u00e9rium hivatalosan egyel\u0151re nem komment\u00e1lta a fejlem\u00e9nyeket.                 Megfigyel\u0151k eml\u00e9keztetnek arra, hogy a m\u00falt h\u00e9ten Donald Trump m\u00e1r nyilatkozott az esetleges amerikai-\u00e9szak-koreai t\u00e1rgyal\u00e1sokr\u00f3l. Az eln\u00f6k azt mondta: ezekre csakis &#8222;megfelel\u0151 felt\u00e9telek k\u00f6z\u00f6tt&#8221; ker\u00fclhet sor.         A k\u00ednai k\u00fcl\u00fcgyminiszt\u00e9rium ugyancsak kedden rem\u00e9ny\u00e9nek adott hangot, hogy a k\u00e9t Korea folytatni tudja er\u0151fesz\u00edt\u00e9seit a megb\u00e9k\u00e9l\u00e9s fel\u00e9, miut\u00e1n meg\u00e1llapodtak az \u00e1prilisi cs\u00facstal\u00e1lkoz\u00f3ban.         &#8222;Rem\u00e9lj\u00fck, hogy minden \u00e9rintett f\u00e9l meg tudja ragadni a jelenlegi lehet\u0151s\u00e9get, munk\u00e1lkodni fog a k\u00f6z\u00f6s c\u00e9l\u00e9rt \u00e9s koncentr\u00e1lt er\u0151fesz\u00edt\u00e9seket tesz, hogy el\u0151bbre vigye a Koreai-f\u00e9lsziget atomfegyvermentess\u00e9 t\u00e9tel\u00e9nek, a helyzet politikai rendez\u00e9s\u00e9nek folyamat\u00e1t. K\u00edna k\u00e9sz folytatni, hogy megtegye ez ir\u00e1ny\u00fa k\u00f6teless\u00e9g\u00e9t&#8221; &#8211; \u00e1ll a k\u00ednai k\u00fcl\u00fcgyminiszteri nyilatkozatban. <\/p>\n","protected":false},"excerpt":{"rendered":"<p>Donald Trump amerikai eln\u00f6k Twitter-bejegyz\u00e9s\u00e9ben \u00fcdv\u00f6z\u00f6lte kedden a k\u00e9t Korea vezet\u0151j\u00e9nek tervezett cs\u00facstal\u00e1lkoz\u00f3j\u00e1t \u00e9s rem\u00e9ny\u00e9t fejezte ki, hogy &#8222;lehets\u00e9ges az el\u0151rehalad\u00e1s&#8221;. Mike Pence aleln\u00f6k konkr\u00e9t l\u00e9p\u00e9seket v\u00e1r Phenjant\u00f3l, a katonai h\u00edrszerz\u00e9s vezet\u0151je \u00f3vatoss\u00e1gra intett.<\/p>\n","protected":false},"author":1,"featured_media":0,"comment_status":"closed","ping_status":"open","sticky":false,"template":"","format":"standard","meta":[],"categories":[13,14],"tags":[],"_links":{"self":[{"href":"https:\/\/gazdasagportal.hu\/index.php\/wp-json\/wp\/v2\/posts\/103511"}],"collection":[{"href":"https:\/\/gazdasagportal.hu\/index.php\/wp-json\/wp\/v2\/posts"}],"about":[{"href":"https:\/\/gazdasagportal.hu\/index.php\/wp-json\/wp\/v2\/types\/post"}],"author":[{"embeddable":true,"href":"https:\/\/gazdasagportal.hu\/index.php\/wp-json\/wp\/v2\/users\/1"}],"replies":[{"embeddable":true,"href":"https:\/\/gazdasagportal.hu\/index.php\/wp-json\/wp\/v2\/comments?post=103511"}],"version-history":[{"count":1,"href":"https:\/\/gazdasagportal.hu\/index.php\/wp-json\/wp\/v2\/posts\/103511\/revisions"}],"predecessor-version":[{"id":103512,"href":"https:\/\/gazdasagportal.hu\/index.php\/wp-json\/wp\/v2\/posts\/103511\/revisions\/103512"}],"wp:attachment":[{"href":"https:\/\/gazdasagportal.hu\/index.php\/wp-json\/wp\/v2\/media?parent=103511"}],"wp:term":[{"taxonomy":"category","embeddable":true,"href":"https:\/\/gazdasagportal.hu\/index.php\/wp-json\/wp\/v2\/categories?post=103511"},{"taxonomy":"post_tag","embeddable":true,"href":"https:\/\/gazdasagportal.hu\/index.php\/wp-json\/wp\/v2\/tags?post=103511"}],"curies":[{"name":"wp","href":"https:\/\/api.w.org\/{rel}","templated":true}]}}