{"id":10349,"date":"2013-06-21T06:20:11","date_gmt":"2013-06-21T04:20:11","guid":{"rendered":"http:\/\/stockportal.hu\/?p=10349"},"modified":"2013-06-21T06:20:28","modified_gmt":"2013-06-21T04:20:28","slug":"torokorszagi-tuntetesek-az-europai-gyakorlat-koveteset-surgeti-az-europai-neppart","status":"publish","type":"post","link":"https:\/\/gazdasagportal.hu\/index.php\/torokorszagi-tuntetesek-az-europai-gyakorlat-koveteset-surgeti-az-europai-neppart\/","title":{"rendered":"T\u00f6r\u00f6korsz\u00e1gi t\u00fcntet\u00e9sek &#8211; Az eur\u00f3pai gyakorlat k\u00f6vet\u00e9s\u00e9t s\u00fcrgeti az Eur\u00f3pai N\u00e9pp\u00e1rt"},"content":{"rendered":"<p><strong>Az Eur\u00f3pai N\u00e9pp\u00e1rt (EPP) azt tan\u00e1csolja a t\u00f6r\u00f6k korm\u00e1nyp\u00e1rtnak, hogy tegye mag\u00e1\u00e9v\u00e1 azt a hozz\u00e1\u00e1ll\u00e1st, amelyet az eur\u00f3pai korm\u00e1nyok tan\u00fas\u00edtanak t\u00fcntet\u00e9sek eset\u00e9n &#8211; mondta az EPP eln\u00f6ke cs\u00fct\u00f6rt\u00f6k\u00f6n egy b\u00e9csi sajt\u00f3t\u00e1j\u00e9koztat\u00f3n.<\/strong><\/p>\n<p><strong><!--more--><\/strong><\/p>\n<p>A t\u00f6r\u00f6k korm\u00e1nyz\u00f3 p\u00e1rt, az Igazs\u00e1g \u00e9s Fejl\u0151d\u00e9s P\u00e1rtja (AKP) megfigyel\u0151 tagja az Eur\u00f3pai N\u00e9pp\u00e1rtnak (EPP), az eur\u00f3pai konzervat\u00edv \u00e9s kereszt\u00e9nyszoci\u00e1lis p\u00e1rtok sz\u00f6vets\u00e9g\u00e9nek. &#8222;Sajnos az AKP jelenleg nem nagyon vesz r\u00e9szt az EPP munk\u00e1j\u00e1ban. Ennek ellen\u00e9re megpr\u00f3b\u00e1lunk el\u00e9rni hozz\u00e1juk \u00e9s azt tan\u00e1csoljuk nekik, tegy\u00e9k maguk\u00e9v\u00e1 azt a hozz\u00e1\u00e1ll\u00e1st, amelyet az eur\u00f3pai korm\u00e1nyok tan\u00fas\u00edtanak t\u00fcntet\u00e9sekkel szemben&#8221; &#8211; fogalmazott Wilfried Martens az EPP b\u00e9csi cs\u00facstal\u00e1lkoz\u00f3j\u00e1t k\u00f6vet\u0151en.<br \/>\n&#8222;A jelek szerint T\u00f6r\u00f6korsz\u00e1g jelenleg nem \u00e9rt\u00e9keli az Eur\u00f3p\u00e1b\u00f3l \u00e9rkez\u0151 \u00fczenetet. Ennek ellen\u00e9re meg fogjuk pr\u00f3b\u00e1lni fel\u00faj\u00edtani a p\u00e1rbesz\u00e9det vel\u00fck&#8221; &#8211; tette hozz\u00e1 Martens.<br \/>\nOsztr\u00e1k sajt\u00f3\u00e9rtes\u00fcl\u00e9sek szerint a b\u00e9csi tan\u00e1cskoz\u00e1sra, amelyen sz\u00e1mos EU-s \u00e9s EU-n k\u00edv\u00fcli konzervat\u00edv korm\u00e1nyf\u0151, de az EPP megfigyel\u0151i st\u00e1tus\u00fa tagp\u00e1rtjai is r\u00e9szt vettek, Recep Tayyip Erdogan t\u00f6r\u00f6k minisztereln\u00f6k is hivatalos volt. Erdogan azonban nem volt jelen a cs\u00facstal\u00e1lkoz\u00f3n.<br \/>\nMichael Spindelegger osztr\u00e1k alkancell\u00e1r, a tan\u00e1cskoz\u00e1s h\u00e1zigazd\u00e1j\u00e1nak, az Osztr\u00e1k N\u00e9pp\u00e1rtnak (\u00d6VP) az eln\u00f6ke \u00fajs\u00e1g\u00edr\u00f3knak nyilatkozva arra figyelmeztetett, hogy a t\u00fcntet\u00e9sek kezel\u00e9s\u00e9nek osztr\u00e1k \u00e9s n\u00e9met \u00e1ll\u00e1spont szerint kihat\u00e1sa lehet az EU-t\u00f6r\u00f6k csatlakoz\u00e1si t\u00e1rgyal\u00e1sokra.<br \/>\nEml\u00e9keztetett arra, hogy Ausztria \u00e9s N\u00e9metorsz\u00e1g a T\u00f6r\u00f6korsz\u00e1g \u00e9s az EU kapcsolat\u00e1t illet\u0151en egyar\u00e1nt azon az \u00e1ll\u00e1sponton van, hogy uni\u00f3s tags\u00e1g helyett &#8222;k\u00fcl\u00f6nleges partners\u00e9get&#8221; kell Ankar\u00e1nak felk\u00edn\u00e1lni. Majd hozz\u00e1tette: &#8222;hogy mik\u00e9nt mennek a dolgok a tov\u00e1bbiakban, az nagyban f\u00fcgg att\u00f3l is, hogy mik\u00e9nt kezeli a t\u00fcntet\u00e9seket T\u00f6r\u00f6korsz\u00e1g&#8221; &#8211; fogalmazott.<br \/>\nN\u00e9metorsz\u00e1g \u00e9s Ausztria is nagy aggodalommal figyeli a fejlem\u00e9nyeket &#8211; mondta Spindelegger, \u00e9s lesz\u00f6gezte, hogy a szabads\u00e1gjogokat, k\u00f6zt\u00fck a v\u00e9lem\u00e9nynyilv\u00e1n\u00edt\u00e1s szabads\u00e1g\u00e1t, kiv\u00e9tel n\u00e9lk\u00fcl minden orsz\u00e1gban tiszteletben kell tartani.(MTI)<\/p>\n","protected":false},"excerpt":{"rendered":"<p>Az Eur\u00f3pai N\u00e9pp\u00e1rt (EPP) azt tan\u00e1csolja a t\u00f6r\u00f6k korm\u00e1nyp\u00e1rtnak, hogy tegye mag\u00e1\u00e9v\u00e1 azt a hozz\u00e1\u00e1ll\u00e1st, amelyet az eur\u00f3pai korm\u00e1nyok tan\u00fas\u00edtanak t\u00fcntet\u00e9sek eset\u00e9n &#8211; mondta az EPP eln\u00f6ke cs\u00fct\u00f6rt\u00f6k\u00f6n egy b\u00e9csi sajt\u00f3t\u00e1j\u00e9koztat\u00f3n.<\/p>\n","protected":false},"author":1,"featured_media":0,"comment_status":"open","ping_status":"closed","sticky":false,"template":"","format":"standard","meta":[],"categories":[12],"tags":[],"_links":{"self":[{"href":"https:\/\/gazdasagportal.hu\/index.php\/wp-json\/wp\/v2\/posts\/10349"}],"collection":[{"href":"https:\/\/gazdasagportal.hu\/index.php\/wp-json\/wp\/v2\/posts"}],"about":[{"href":"https:\/\/gazdasagportal.hu\/index.php\/wp-json\/wp\/v2\/types\/post"}],"author":[{"embeddable":true,"href":"https:\/\/gazdasagportal.hu\/index.php\/wp-json\/wp\/v2\/users\/1"}],"replies":[{"embeddable":true,"href":"https:\/\/gazdasagportal.hu\/index.php\/wp-json\/wp\/v2\/comments?post=10349"}],"version-history":[{"count":3,"href":"https:\/\/gazdasagportal.hu\/index.php\/wp-json\/wp\/v2\/posts\/10349\/revisions"}],"predecessor-version":[{"id":10351,"href":"https:\/\/gazdasagportal.hu\/index.php\/wp-json\/wp\/v2\/posts\/10349\/revisions\/10351"}],"wp:attachment":[{"href":"https:\/\/gazdasagportal.hu\/index.php\/wp-json\/wp\/v2\/media?parent=10349"}],"wp:term":[{"taxonomy":"category","embeddable":true,"href":"https:\/\/gazdasagportal.hu\/index.php\/wp-json\/wp\/v2\/categories?post=10349"},{"taxonomy":"post_tag","embeddable":true,"href":"https:\/\/gazdasagportal.hu\/index.php\/wp-json\/wp\/v2\/tags?post=10349"}],"curies":[{"name":"wp","href":"https:\/\/api.w.org\/{rel}","templated":true}]}}