{"id":10347,"date":"2013-06-21T04:18:25","date_gmt":"2013-06-21T02:18:25","guid":{"rendered":"http:\/\/stockportal.hu\/?p=10347"},"modified":"2013-06-21T04:18:26","modified_gmt":"2013-06-21T02:18:26","slug":"penzugyi-intezkedesek-a-tartos-befektetesi-es-a-nyugdij-elotakarekossagi-szamla-utan-nem-kell-ehot-fizetni","status":"publish","type":"post","link":"https:\/\/gazdasagportal.hu\/index.php\/penzugyi-intezkedesek-a-tartos-befektetesi-es-a-nyugdij-elotakarekossagi-szamla-utan-nem-kell-ehot-fizetni\/","title":{"rendered":"P\u00e9nz\u00fcgyi int\u00e9zked\u00e9sek &#8211; A tart\u00f3s befektet\u00e9si \u00e9s a nyugd\u00edj-el\u0151takar\u00e9koss\u00e1gi sz\u00e1mla ut\u00e1n nem kell eh\u00f3t fizetni"},"content":{"rendered":"<p><strong>Az eg\u00e9szs\u00e9g\u00fcgyi hozz\u00e1j\u00e1rul\u00e1s (eho) nem terjed ki az eddig kamatad\u00f3-mentess\u00e9get \u00e9lvez\u0151 tart\u00f3s befektet\u00e9si sz\u00e1ml\u00e1ra (TBSZ) \u00e9s a nyugd\u00edj-el\u0151takar\u00e9koss\u00e1gi sz\u00e1ml\u00e1ra (NYESZ) &#8211; v\u00e1laszolta Banai P\u00e9ter Ben\u0151, a Nemzetgazdas\u00e1gi Miniszt\u00e9rium (NGM) k\u00f6lts\u00e9gvet\u00e9s\u00e9rt felel\u0151s helyettes \u00e1llamtitk\u00e1ra cs\u00fct\u00f6rt\u00f6k\u00f6n a t\u00e1rca online fogad\u00f3\u00f3r\u00e1j\u00e1n.<!--more--><\/strong><\/p>\n<p>Az MTI k\u00e9r\u00e9s\u00e9re az NGM ehhez hozz\u00e1f\u0171zte: a 6 sz\u00e1zal\u00e9kos eg\u00e9szs\u00e9g\u00fcgyi hozz\u00e1j\u00e1rul\u00e1s csak a szem\u00e9lyi j\u00f6vedelemad\u00f3r\u00f3l (szja) sz\u00f3l\u00f3 t\u00f6rv\u00e9ny szerinti kamatj\u00f6vedelmeket terheli.<br \/>\nA TBSZ-b\u0151l sz\u00e1rmaz\u00f3 j\u00f6vedelem ad\u00f3k\u00f6telezetts\u00e9g\u00e9r\u0151l az szja t\u00f6rv\u00e9nynek nem a kamatj\u00f6vedelemre, hanem a tart\u00f3s befektet\u00e9sre vonatkoz\u00f3 r\u00e9sze rendelkezik, a nyugd\u00edj-el\u0151takar\u00e9koss\u00e1gi sz\u00e1ml\u00e1kr\u00f3l felvett \u00f6sszeg pedig vagy ad\u00f3mentes, vagy pedig egy\u00e9b j\u00f6vedelem az szja t\u00f6rv\u00e9ny alapj\u00e1n. Ezen j\u00f6vedelmek ad\u00f3k\u00f6telezetts\u00e9g\u00e9r\u0151l teh\u00e1t nem az szja t\u00f6rv\u00e9ny kamatj\u00f6vedelemre vonatkoz\u00f3 paragrafusa rendelkezik, azaz sem a TBSZ-sz\u00e1ml\u00e1r\u00f3l, sem a NYESZ-sz\u00e1ml\u00e1r\u00f3l felvett j\u00f6vedelem nem min\u0151s\u00fcl az szja t\u00f6rv\u00e9ny alkalmaz\u00e1sa sor\u00e1n kamatj\u00f6vedelemnek, f\u00fcggetlen\u00fcl att\u00f3l, hogy ezeken a sz\u00e1ml\u00e1kon is j\u00f3v\u00e1\u00edrhatnak kamatot &#8211; nyomat\u00e9kos\u00edtotta az NGM.<br \/>\nA korm\u00e1ny h\u00e9tf\u0151n tett javaslatot egyebek mellett arra, hogy a t\u0151kej\u00f6vedelmekhez hasonl\u00f3an az eg\u00e9szs\u00e9g\u00fcgyi hozz\u00e1j\u00e1rul\u00e1s vonatkozzon a kamatokra is, m\u00e9rt\u00e9ke pedig 6 sz\u00e1zal\u00e9k legyen. A parlament gazdas\u00e1gi bizotts\u00e1g\u00e1nak kedden beny\u00fajtott javaslata alapj\u00e1n az \u00e1llamk\u00f6tv\u00e9nyekb\u0151l sz\u00e1rmaz\u00f3 kamatj\u00f6vedelem mentes\u00fcl a 6 sz\u00e1zal\u00e9kos eg\u00e9szs\u00e9g\u00fcgyi hozz\u00e1j\u00e1rul\u00e1s fizet\u00e9si k\u00f6telezetts\u00e9ge al\u00f3l; a mentes\u00edt\u00e9s nemcsak a magyar \u00e1llam, hanem b\u00e1rmely EGT-\u00e1llam \u00e1ltal kibocs\u00e1tott \u00e1llamk\u00f6tv\u00e9nyre vonatkozik. (MTI)<\/p>\n","protected":false},"excerpt":{"rendered":"<p>Az eg\u00e9szs\u00e9g\u00fcgyi hozz\u00e1j\u00e1rul\u00e1s (eho) nem terjed ki az eddig kamatad\u00f3-mentess\u00e9get \u00e9lvez\u0151 tart\u00f3s befektet\u00e9si sz\u00e1ml\u00e1ra (TBSZ) \u00e9s a nyugd\u00edj-el\u0151takar\u00e9koss\u00e1gi sz\u00e1ml\u00e1ra (NYESZ) &#8211; v\u00e1laszolta Banai P\u00e9ter Ben\u0151, a Nemzetgazdas\u00e1gi Miniszt\u00e9rium (NGM) k\u00f6lts\u00e9gvet\u00e9s\u00e9rt felel\u0151s helyettes \u00e1llamtitk\u00e1ra cs\u00fct\u00f6rt\u00f6k\u00f6n a t\u00e1rca online fogad\u00f3\u00f3r\u00e1j\u00e1n.<\/p>\n","protected":false},"author":1,"featured_media":0,"comment_status":"open","ping_status":"closed","sticky":false,"template":"","format":"standard","meta":[],"categories":[19],"tags":[],"_links":{"self":[{"href":"https:\/\/gazdasagportal.hu\/index.php\/wp-json\/wp\/v2\/posts\/10347"}],"collection":[{"href":"https:\/\/gazdasagportal.hu\/index.php\/wp-json\/wp\/v2\/posts"}],"about":[{"href":"https:\/\/gazdasagportal.hu\/index.php\/wp-json\/wp\/v2\/types\/post"}],"author":[{"embeddable":true,"href":"https:\/\/gazdasagportal.hu\/index.php\/wp-json\/wp\/v2\/users\/1"}],"replies":[{"embeddable":true,"href":"https:\/\/gazdasagportal.hu\/index.php\/wp-json\/wp\/v2\/comments?post=10347"}],"version-history":[{"count":2,"href":"https:\/\/gazdasagportal.hu\/index.php\/wp-json\/wp\/v2\/posts\/10347\/revisions"}],"predecessor-version":[{"id":10352,"href":"https:\/\/gazdasagportal.hu\/index.php\/wp-json\/wp\/v2\/posts\/10347\/revisions\/10352"}],"wp:attachment":[{"href":"https:\/\/gazdasagportal.hu\/index.php\/wp-json\/wp\/v2\/media?parent=10347"}],"wp:term":[{"taxonomy":"category","embeddable":true,"href":"https:\/\/gazdasagportal.hu\/index.php\/wp-json\/wp\/v2\/categories?post=10347"},{"taxonomy":"post_tag","embeddable":true,"href":"https:\/\/gazdasagportal.hu\/index.php\/wp-json\/wp\/v2\/tags?post=10347"}],"curies":[{"name":"wp","href":"https:\/\/api.w.org\/{rel}","templated":true}]}}