{"id":103233,"date":"2018-02-24T14:15:23","date_gmt":"2018-02-24T13:15:23","guid":{"rendered":"http:\/\/gazdasagportal.hu\/?p=103233"},"modified":"2018-02-24T14:15:23","modified_gmt":"2018-02-24T13:15:23","slug":"az-egyeni-vallalkozoknak-februar-26-aig-kell-az-szja-t-bevallani","status":"publish","type":"post","link":"https:\/\/gazdasagportal.hu\/index.php\/az-egyeni-vallalkozoknak-februar-26-aig-kell-az-szja-t-bevallani\/","title":{"rendered":"Az egy\u00e9ni v\u00e1llalkoz\u00f3knak febru\u00e1r 26-\u00e1ig kell az szja-t bevallani"},"content":{"rendered":"<p><strong>Az egy\u00e9ni v\u00e1llalkoz\u00f3knak febru\u00e1r 26-ig kell beny\u00fajtaniuk 2017-es szja-bevall\u00e1sukat \u00e9s befizetni\u00fck az ad\u00f3t. Ez az ev\u00e1sok \u00e9s kat\u00e1sok hat\u00e1rideje is.<\/strong><!--more--><\/p>\n<div class=\"ads-in-post1\"><div id=\"gazdasagportal.hu_fullbanner_wideboard\"><\/div>\r\n<\/div>\n<p>    A Nemzeti Ad\u00f3- \u00e9s V\u00e1mhivatal (NAV) webes kit\u00f6lt\u0151 programj\u00e1t m\u00e1r az egy\u00e9ni v\u00e1llalkoz\u00f3k is haszn\u00e1lhatj\u00e1k.<br \/>\n    Azokra nem vonatkozik a febru\u00e1r 26-i hat\u00e1rid\u0151, akik 2017-ben megsz\u00fcntett\u00e9k vagy az \u00e9v egy r\u00e9sz\u00e9ben &#8211; de m\u00e9g december 31-\u00e9n is &#8211; bejelentetten sz\u00fcneteltett\u00e9k egy\u00e9ni v\u00e1llalkoz\u00e1sukat. Nekik m\u00e1jus 22-ig kell bevall\u00e1sukat beny\u00fajtaniuk, viszont mindenk\u00e9ppen ki kell t\u00f6lteni\u00fck a bevall\u00e1s egy\u00e9ni v\u00e1llalkoz\u00f3i r\u00e9sz\u00e9t is. Azoknak, akik az elm\u00falt \u00e9v eg\u00e9sz\u00e9ben, bejelentetten sz\u00fcneteltett\u00e9k tev\u00e9kenys\u00e9g\u00fcket \u00e9s nem volt ad\u00f3k\u00f6teles j\u00f6vedelm\u00fck, nem kell bevall\u00e1st beny\u00fajtaniuk.<br \/>\n<div class=\"ads-in-post2\"><script async src=\"https:\/\/pagead2.googlesyndication.com\/pagead\/js\/adsbygoogle.js\"><\/script>\r\n<ins class=\"adsbygoogle\"\r\n     style=\"display:block\"\r\n     data-ad-format=\"fluid\"\r\n     data-ad-layout-key=\"-6t+ed+2i-1n-4w\"\r\n     data-ad-client=\"ca-pub-1959107119989764\"\r\n     data-ad-slot=\"4008251320\"><\/ins>\r\n<script>\r\n     (adsbygoogle = window.adsbygoogle || []).push({});\r\n<\/script><\/div>\n    A febru\u00e1r 26-i bevall\u00e1si \u00e9s befizet\u00e9si hat\u00e1rid\u0151 az ev\u00e1s egy\u00e9ni v\u00e1llalkoz\u00f3kra \u00e9s a kat\u00e1sokra is vonatkozik.<br \/>\n    Ha valaki kat\u00e1s ad\u00f3z\u00f3k\u00e9nt 2017-ben \u00e1tl\u00e9pte az \u00e9vi 12 milli\u00f3 forintos bev\u00e9teli hat\u00e1rt, akkor a t\u00f6bblet ut\u00e1n 40 sz\u00e1zal\u00e9kos ad\u00f3t kell fizetnie. Ha a kat\u00e1s egy\u00e9ni v\u00e1llalkoz\u00f3 ugyanatt\u00f3l a gazdas\u00e1gi partner\u00e9t\u0151l 1 milli\u00f3 forintn\u00e1l nagyobb \u00f6sszeg\u0171 bev\u00e9telt szerzett tavaly, akkor ezt jeleznie kell.<br \/>\n    A p\u00e9nzforgalmi sz\u00e1mlanyit\u00e1sra k\u00f6telezetteknek \u00e1tutal\u00e1ssal kell befizetni\u00fck az ad\u00f3t. A NAV webes szja-kit\u00f6lt\u0151 programj\u00e1t haszn\u00e1l\u00f3 egy\u00e9ni v\u00e1llalkoz\u00f3k a fizet\u00e9st megtehetik a kit\u00f6lt\u0151 fel\u00fcleten. A t\u00f6bbi ad\u00f3z\u00f3 az \u00e1tutal\u00e1s mellett a kijel\u00f6lt \u00fcgyf\u00e9lszolg\u00e1latokon bankk\u00e1rty\u00e1val \u00e9s csekken is fizethet.<br \/>\n    Az 1+1 sz\u00e1zal\u00e9kok sors\u00e1r\u00f3l az egy\u00e9ni v\u00e1llalkoz\u00f3k is m\u00e1jus 22-\u00e9ig d\u00f6nthetnek. A rendelkez\u0151 nyilatkozat elektronikusan, pap\u00edron vagy szem\u00e9lyesen is beny\u00fajthat\u00f3 a NAV-hoz, ak\u00e1r a bevall\u00e1s r\u00e9szek\u00e9nt, ak\u00e1r att\u00f3l elk\u00fcl\u00f6n\u00fclten, \u00f6n\u00e1ll\u00f3 nyilatkozatk\u00e9nt.(MTI)<\/p>\n","protected":false},"excerpt":{"rendered":"<p>Az egy\u00e9ni v\u00e1llalkoz\u00f3knak febru\u00e1r 26-ig kell beny\u00fajtaniuk 2017-es szja-bevall\u00e1sukat \u00e9s befizetni\u00fck az ad\u00f3t. Ez az ev\u00e1sok \u00e9s kat\u00e1sok hat\u00e1rideje is.<\/p>\n","protected":false},"author":1,"featured_media":0,"comment_status":"closed","ping_status":"open","sticky":false,"template":"","format":"standard","meta":[],"categories":[20,4,19],"tags":[],"_links":{"self":[{"href":"https:\/\/gazdasagportal.hu\/index.php\/wp-json\/wp\/v2\/posts\/103233"}],"collection":[{"href":"https:\/\/gazdasagportal.hu\/index.php\/wp-json\/wp\/v2\/posts"}],"about":[{"href":"https:\/\/gazdasagportal.hu\/index.php\/wp-json\/wp\/v2\/types\/post"}],"author":[{"embeddable":true,"href":"https:\/\/gazdasagportal.hu\/index.php\/wp-json\/wp\/v2\/users\/1"}],"replies":[{"embeddable":true,"href":"https:\/\/gazdasagportal.hu\/index.php\/wp-json\/wp\/v2\/comments?post=103233"}],"version-history":[{"count":1,"href":"https:\/\/gazdasagportal.hu\/index.php\/wp-json\/wp\/v2\/posts\/103233\/revisions"}],"predecessor-version":[{"id":103234,"href":"https:\/\/gazdasagportal.hu\/index.php\/wp-json\/wp\/v2\/posts\/103233\/revisions\/103234"}],"wp:attachment":[{"href":"https:\/\/gazdasagportal.hu\/index.php\/wp-json\/wp\/v2\/media?parent=103233"}],"wp:term":[{"taxonomy":"category","embeddable":true,"href":"https:\/\/gazdasagportal.hu\/index.php\/wp-json\/wp\/v2\/categories?post=103233"},{"taxonomy":"post_tag","embeddable":true,"href":"https:\/\/gazdasagportal.hu\/index.php\/wp-json\/wp\/v2\/tags?post=103233"}],"curies":[{"name":"wp","href":"https:\/\/api.w.org\/{rel}","templated":true}]}}