{"id":10323,"date":"2013-06-20T17:02:32","date_gmt":"2013-06-20T15:02:32","guid":{"rendered":"http:\/\/stockportal.hu\/?p=10323"},"modified":"2013-06-20T17:17:46","modified_gmt":"2013-06-20T15:17:46","slug":"tortenelmet-irhat-a-fed-ha-noi-elnok-kerul-a-jegybank-elere","status":"publish","type":"post","link":"https:\/\/gazdasagportal.hu\/index.php\/tortenelmet-irhat-a-fed-ha-noi-elnok-kerul-a-jegybank-elere\/","title":{"rendered":"T\u00f6rt\u00e9nelmet \u00edrhat a Fed, ha n\u0151i eln\u00f6k ker\u00fcl a jegybank \u00e9l\u00e9re"},"content":{"rendered":"<p><strong>Barack Obama m\u00e1r a ny\u00e1ri h\u00f3napokban megnevezheti a Fed \u00faj eln\u00f6kjel\u00f6ltj\u00e9t, aki 2014 febru\u00e1rj\u00e1t\u00f3l veheti majd \u00e1t a jegybank vezet\u00e9s\u00e9t, t\u00f6rt\u00e9nelmi pillanat lehet, ha els\u0151 n\u0151k\u00e9nt, a leges\u00e9lyesebb jel\u00f6lt, Janet Yellen, a Fed jelenlegi aleln\u00f6ke t\u00f6lthetn\u00e9 be a poz\u00edci\u00f3t.<!--more--><\/strong><\/p>\n<p>&nbsp;<br \/>\n<object width=\"480\" height=\"270\" data=\"http:\/\/gazdasagtv.hu\/embed\/?id=5184\" type=\"application\/x-shockwave-flash\"><param value=\"http:\/\/gazdasagtv.hu\/embed\/?id=5184\" name=\"data\"><param value=\"http:\/\/gazdasagtv.hu\/embed\/?id=5184\" name=\"src\"><param value=\"false\" name=\"menu\"><param value=\"high\" name=\"quality\"><param value=\"#000000\" name=\"bgcolor\"><param value=\"transparent\" name=\"wmode\"><param value=\"file=http:\/\/88.151.99.192\/video\/2013-06-20\/gtv-tozsdelive-quaestor-2012-06-20-hd.mp4&#038;image=http:\/\/88.151.99.192\/image\/gen\/2013-06-20\/5184.jpg&#038;showdigits=true&#038;autostart=false&#038;repeat=false&#038;dock=true&#038;controlbar=over&#038;plugins=http:\/\/plugins.longtailvideo.com\/yourlytics-1.swf,timeslidertooltipplugin-2&#038;skin=http:\/\/gazdasagtv.hu\/swf\/skin.zip\" name=\"flashvars\"><\/object><\/p>\n","protected":false},"excerpt":{"rendered":"<p>Barack Obama m\u00e1r a ny\u00e1ri h\u00f3napokban megnevezheti a Fed \u00faj eln\u00f6kjel\u00f6ltj\u00e9t, aki 2014 febru\u00e1rj\u00e1t\u00f3l veheti majd \u00e1t a jegybank vezet\u00e9s\u00e9t, t\u00f6rt\u00e9nelmi pillanat lehet, ha els\u0151 n\u0151k\u00e9nt, a leges\u00e9lyesebb jel\u00f6lt, Janet Yellen, a Fed jelenlegi aleln\u00f6ke t\u00f6lthetn\u00e9 be a poz\u00edci\u00f3t.<\/p>\n","protected":false},"author":1,"featured_media":0,"comment_status":"open","ping_status":"closed","sticky":false,"template":"","format":"standard","meta":[],"categories":[13],"tags":[],"_links":{"self":[{"href":"https:\/\/gazdasagportal.hu\/index.php\/wp-json\/wp\/v2\/posts\/10323"}],"collection":[{"href":"https:\/\/gazdasagportal.hu\/index.php\/wp-json\/wp\/v2\/posts"}],"about":[{"href":"https:\/\/gazdasagportal.hu\/index.php\/wp-json\/wp\/v2\/types\/post"}],"author":[{"embeddable":true,"href":"https:\/\/gazdasagportal.hu\/index.php\/wp-json\/wp\/v2\/users\/1"}],"replies":[{"embeddable":true,"href":"https:\/\/gazdasagportal.hu\/index.php\/wp-json\/wp\/v2\/comments?post=10323"}],"version-history":[{"count":2,"href":"https:\/\/gazdasagportal.hu\/index.php\/wp-json\/wp\/v2\/posts\/10323\/revisions"}],"predecessor-version":[{"id":10325,"href":"https:\/\/gazdasagportal.hu\/index.php\/wp-json\/wp\/v2\/posts\/10323\/revisions\/10325"}],"wp:attachment":[{"href":"https:\/\/gazdasagportal.hu\/index.php\/wp-json\/wp\/v2\/media?parent=10323"}],"wp:term":[{"taxonomy":"category","embeddable":true,"href":"https:\/\/gazdasagportal.hu\/index.php\/wp-json\/wp\/v2\/categories?post=10323"},{"taxonomy":"post_tag","embeddable":true,"href":"https:\/\/gazdasagportal.hu\/index.php\/wp-json\/wp\/v2\/tags?post=10323"}],"curies":[{"name":"wp","href":"https:\/\/api.w.org\/{rel}","templated":true}]}}