{"id":103227,"date":"2018-02-24T08:04:34","date_gmt":"2018-02-24T07:04:34","guid":{"rendered":"http:\/\/gazdasagportal.hu\/?p=103227"},"modified":"2018-02-23T21:24:51","modified_gmt":"2018-02-23T20:24:51","slug":"meteorologiai-szolgalat-a-jovo-heten-minusz-20-fok-is-lehet","status":"publish","type":"post","link":"https:\/\/gazdasagportal.hu\/index.php\/meteorologiai-szolgalat-a-jovo-heten-minusz-20-fok-is-lehet\/","title":{"rendered":"Meteorol\u00f3giai szolg\u00e1lat: a j\u00f6v\u0151 h\u00e9ten m\u00ednusz 20 fok is lehet"},"content":{"rendered":"<p><strong>Szombat est\u00e9t\u0151l t\u00f6bb napon \u00e1t nem emelkedik 0 Celsius-fok fel\u00e9 a h\u0151m\u00e9rs\u00e9klet, \u00e9jszak\u00e1nk\u00e9nt orsz\u00e1gszerte m\u00ednusz 10 fok al\u00e1 h\u0171l a leveg\u0151 &#8211; h\u00edvta a fel a figyelmet a meteorol\u00f3giai szolg\u00e1lat p\u00e9nteken Facebook-oldal\u00e1n. Az el\u0151rejelz\u00e9s szerint a j\u00f6v\u0151 h\u00e9ten t\u00f6bbfel\u00e9 m\u00ednusz 10 fok k\u00f6r\u00fcli maximumokra \u00e9s m\u00ednusz 20 fok k\u00f6r\u00fcli minimumokra kell k\u00e9sz\u00fclni.<\/strong><!--more--><\/p>\n<div class=\"ads-in-post1\"><div id=\"gazdasagportal.hu_fullbanner_wideboard\"><\/div>\r\n<\/div>\n<p>    Az Orsz\u00e1gos Meteorol\u00f3giai Szolg\u00e1lat k\u00f6zl\u00e9se szerint szombat est\u00e9t\u0151l fagypont al\u00e1 cs\u00f6kken a h\u0151m\u00e9rs\u00e9klet \u00e9s a k\u00f6vetkez\u0151 \u00f6t-hat napban sem emelkedik 0 fok f\u00f6l\u00e9 napk\u00f6zben.<br \/>\n    A j\u00f6v\u0151 h\u00e9t els\u0151 fel\u00e9ben lesznek olyan napok, amikor napk\u00f6zben is m\u00ednusz 5 fok k\u00f6r\u00fcl alakulnak a maximumok. R\u00e1ad\u00e1sul az er\u0151s sz\u00e9l miatt ezt is j\u00f3val hidegebbnek lehet majd \u00e9rezni. \u00c9jszak\u00e1nk\u00e9nt az orsz\u00e1g legnagyobb r\u00e9sz\u00e9n m\u00ednusz 10 fokn\u00e1l is hidegebb id\u0151 v\u00e1rhat\u00f3.<br \/>\n    A meteorol\u00f3giai szolg\u00e1lat is felh\u00edvta a figyelmet: ilyen id\u0151j\u00e1r\u00e1sban nemcsak a szabad \u00e9g alatt, hanem a f\u0171tetlen lak\u00e1sokban, h\u00e1zakban \u00e9l\u0151ket is fokozottan vesz\u00e9lyezteti a kih\u0171l\u00e9s, illetve a fagyhal\u00e1l. Aki seg\u00edteni szeretne \u00e9s tud, t\u00f6bbek k\u00f6z\u00f6tt az Orsz\u00e1gos Katasztr\u00f3fav\u00e9delmi F\u0151igazgat\u00f3s\u00e1g (OKF), a Menhely Alap\u00edtv\u00e1ny \u00e9s a diszpecserportal.hu honlapjain tal\u00e1lja a sz\u00fcks\u00e9ges inform\u00e1ci\u00f3kat, telefonsz\u00e1mokat &#8211; tett\u00e9k hozz\u00e1.<br \/>\n<div class=\"ads-in-post2\"><script async src=\"https:\/\/pagead2.googlesyndication.com\/pagead\/js\/adsbygoogle.js\"><\/script>\r\n<ins class=\"adsbygoogle\"\r\n     style=\"display:block\"\r\n     data-ad-format=\"fluid\"\r\n     data-ad-layout-key=\"-6t+ed+2i-1n-4w\"\r\n     data-ad-client=\"ca-pub-1959107119989764\"\r\n     data-ad-slot=\"4008251320\"><\/ins>\r\n<script>\r\n     (adsbygoogle = window.adsbygoogle || []).push({});\r\n<\/script><\/div>\n    Az el\u0151rejelz\u00e9s szerint szombaton t\u00f6bbfel\u00e9 kis\u00fct a nap, de reggel m\u00e9g d\u00e9lnyugaton, napk\u00f6zben a k\u00f6z\u00e9ps\u0151 orsz\u00e1gr\u00e9szben sok lesz a felh\u0151, ott havaz\u00e1s is val\u00f3sz\u00edn\u0171. T\u00f6bbfel\u00e9 meg\u00e9l\u00e9nk\u00fcl, n\u00e9hol meg is er\u0151s\u00f6dik a sz\u00e9l, ami helyenk\u00e9nt gyenge h\u00f3f\u00fav\u00e1st is okozhat. A legalacsonyabb h\u0151m\u00e9rs\u00e9klet t\u00f6bbnyire m\u00ednusz 8 \u00e9s m\u00ednusz 1 fok k\u00f6z\u00f6tt alakul, de \u00e9szakkeleten a havas, sz\u00e9lv\u00e9dett, der\u00fclt t\u00e1jakon m\u00ednusz 10 fokn\u00e1l is hidegebb lehet. A legmagasabb h\u0151m\u00e9rs\u00e9klet m\u00ednusz 3 \u00e9s plusz 3 fok k\u00f6z\u00f6tt val\u00f3sz\u00edn\u0171.<br \/>\n    Vas\u00e1rnap a t\u00f6bb-kevesebb naps\u00fct\u00e9s mellett d\u00e9len lehet n\u00e9hol gyenge havaz\u00e1s. T\u00f6bbfel\u00e9 meger\u0151s\u00f6dik a sz\u00e9l, ez\u00e9rt h\u00f3f\u00fav\u00e1sra is sz\u00e1m\u00edtani kell. A minimumh\u0151m\u00e9rs\u00e9klet \u00e1ltal\u00e1ban m\u00ednusz 14 \u00e9s m\u00ednusz 7 fok k\u00f6z\u00f6tt alakul, de a gyeng\u00e9n felh\u0151s, havas, sz\u00e9lv\u00e9dett t\u00e1jakon m\u00ednusz 15 fok alatt val\u00f3sz\u00edn\u0171. A nappali maximumok m\u00ednusz 7 \u00e9s m\u00ednusz 2 fok k\u00f6z\u00f6tt alakulnak. A jelenlegi el\u0151rejelz\u00e9s szerint a j\u00f6v\u0151 h\u00e9ten tov\u00e1bb h\u0171l a leveg\u0151. N\u00e9hol napk\u00f6zben is m\u00ednusz 10 fok k\u00f6r\u00fcl alakul a h\u0151m\u00e9rs\u00e9klet, a leghidegebb \u00f3r\u00e1kban m\u00ednusz 20 fokn\u00e1l is hidegebb lehet.<br \/>\n    Czibere K\u00e1roly szoci\u00e1lis \u00fcgyek\u00e9rt \u00e9s t\u00e1rsadalmi felz\u00e1rk\u00f3z\u00e1s\u00e9rt felel\u0151s \u00e1llamtitk\u00e1r p\u00e9nteken jelentette be: a v\u00e1rhat\u00f3 extr\u00e9m hideg miatt szombat d\u00e9lt\u0151l \u00e9letbe l\u00e9p a v\u00f6r\u00f6s k\u00f3d riaszt\u00e1s. Ennek elj\u00e1r\u00e1srendje szerint a hajl\u00e9ktalanokat seg\u00edt\u0151 szervezetek mellett sz\u00fcks\u00e9g eset\u00e9n a bentlak\u00e1sos int\u00e9zm\u00e9nyeknek is meg kell nyitniuk kapuikat a r\u00e1szorul\u00f3k el\u0151tt.(MTI)<\/p>\n","protected":false},"excerpt":{"rendered":"<p>Szombat est\u00e9t\u0151l t\u00f6bb napon \u00e1t nem emelkedik 0 Celsius-fok fel\u00e9 a h\u0151m\u00e9rs\u00e9klet, \u00e9jszak\u00e1nk\u00e9nt orsz\u00e1gszerte m\u00ednusz 10 fok al\u00e1 h\u0171l a leveg\u0151 &#8211; h\u00edvta a fel a figyelmet a meteorol\u00f3giai szolg\u00e1lat p\u00e9nteken Facebook-oldal\u00e1n. Az el\u0151rejelz\u00e9s szerint a j\u00f6v\u0151 h\u00e9ten t\u00f6bbfel\u00e9 m\u00ednusz 10 fok k\u00f6r\u00fcli maximumokra \u00e9s m\u00ednusz 20 fok k\u00f6r\u00fcli minimumokra kell k\u00e9sz\u00fclni.<\/p>\n","protected":false},"author":1,"featured_media":0,"comment_status":"closed","ping_status":"open","sticky":false,"template":"","format":"standard","meta":[],"categories":[4],"tags":[],"_links":{"self":[{"href":"https:\/\/gazdasagportal.hu\/index.php\/wp-json\/wp\/v2\/posts\/103227"}],"collection":[{"href":"https:\/\/gazdasagportal.hu\/index.php\/wp-json\/wp\/v2\/posts"}],"about":[{"href":"https:\/\/gazdasagportal.hu\/index.php\/wp-json\/wp\/v2\/types\/post"}],"author":[{"embeddable":true,"href":"https:\/\/gazdasagportal.hu\/index.php\/wp-json\/wp\/v2\/users\/1"}],"replies":[{"embeddable":true,"href":"https:\/\/gazdasagportal.hu\/index.php\/wp-json\/wp\/v2\/comments?post=103227"}],"version-history":[{"count":1,"href":"https:\/\/gazdasagportal.hu\/index.php\/wp-json\/wp\/v2\/posts\/103227\/revisions"}],"predecessor-version":[{"id":103228,"href":"https:\/\/gazdasagportal.hu\/index.php\/wp-json\/wp\/v2\/posts\/103227\/revisions\/103228"}],"wp:attachment":[{"href":"https:\/\/gazdasagportal.hu\/index.php\/wp-json\/wp\/v2\/media?parent=103227"}],"wp:term":[{"taxonomy":"category","embeddable":true,"href":"https:\/\/gazdasagportal.hu\/index.php\/wp-json\/wp\/v2\/categories?post=103227"},{"taxonomy":"post_tag","embeddable":true,"href":"https:\/\/gazdasagportal.hu\/index.php\/wp-json\/wp\/v2\/tags?post=103227"}],"curies":[{"name":"wp","href":"https:\/\/api.w.org\/{rel}","templated":true}]}}